{"id":24839,"date":"2013-08-11T15:49:12","date_gmt":"2013-08-11T15:49:12","guid":{"rendered":"http:\/\/www.hoymercedes.com.ar\/principal\/?p=24839"},"modified":"2013-08-11T15:49:12","modified_gmt":"2013-08-11T15:49:12","slug":"elecciones-se-desarrolla-con-normalidad-las-paso-en-mercedes","status":"publish","type":"post","link":"https:\/\/www.hoymercedes.com.ar\/principal\/2013\/08\/11\/elecciones-se-desarrolla-con-normalidad-las-paso-en-mercedes\/","title":{"rendered":"Elecciones: se desarrolla con normalidad las PASO en Mercedes"},"content":{"rendered":"<figure id=\"attachment_24841\" aria-describedby=\"caption-attachment-24841\" style=\"width: 610px\" class=\"wp-caption aligncenter\"><a href=\"https:\/\/www.hoymercedes.com.ar\/principal\/wp-content\/uploads\/2013\/08\/DSCN5310.jpg\"><img loading=\"lazy\" decoding=\"async\" data-attachment-id=\"24841\" data-permalink=\"https:\/\/www.hoymercedes.com.ar\/principal\/2013\/08\/11\/elecciones-se-desarrolla-con-normalidad-las-paso-en-mercedes\/dscn5310\/#main\" data-orig-file=\"https:\/\/www.hoymercedes.com.ar\/principal\/wp-content\/uploads\/2013\/08\/DSCN5310.jpg\" data-orig-size=\"620,465\" data-comments-opened=\"1\" data-image-meta=\"{&quot;aperture&quot;:&quot;3.1&quot;,&quot;credit&quot;:&quot;&quot;,&quot;camera&quot;:&quot;COOLPIX L310&quot;,&quot;caption&quot;:&quot;&quot;,&quot;created_timestamp&quot;:&quot;1376308177&quot;,&quot;copyright&quot;:&quot;&quot;,&quot;focal_length&quot;:&quot;4.5&quot;,&quot;iso&quot;:&quot;200&quot;,&quot;shutter_speed&quot;:&quot;0.033333333333333&quot;,&quot;title&quot;:&quot;&quot;}\" data-image-title=\"Elecciones 2013\" data-image-description=\"\" data-image-caption=\"&lt;p&gt;Elecciones 2013&lt;\/p&gt;\n\" data-large-file=\"https:\/\/www.hoymercedes.com.ar\/principal\/wp-content\/uploads\/2013\/08\/DSCN5310.jpg\" class=\"size-full wp-image-24841\" alt=\"Elecciones 2013\" src=\"https:\/\/www.hoymercedes.com.ar\/principal\/wp-content\/uploads\/2013\/08\/DSCN5310.jpg\" width=\"620\" height=\"465\" \/><\/a><figcaption id=\"caption-attachment-24841\" class=\"wp-caption-text\">Elecciones 2013<\/figcaption><\/figure>\n<p>Gran cantidad de mercedinos se encuentran en las escuelas de la ciudad emitiendo su voto en todos los puntos de la ciudad. Algunas instituciones abrieron las mesas con retraso y debieron hacer cola los votantes. Con total normalidad se desarrolla la jornada.<\/p>\n<p><img loading=\"lazy\" decoding=\"async\" data-attachment-id=\"24842\" data-permalink=\"https:\/\/www.hoymercedes.com.ar\/principal\/2013\/08\/11\/elecciones-se-desarrolla-con-normalidad-las-paso-en-mercedes\/dscn5319\/#main\" data-orig-file=\"https:\/\/www.hoymercedes.com.ar\/principal\/wp-content\/uploads\/2013\/08\/DSCN5319.jpg\" data-orig-size=\"620,465\" data-comments-opened=\"1\" data-image-meta=\"{&quot;aperture&quot;:&quot;3.2&quot;,&quot;credit&quot;:&quot;&quot;,&quot;camera&quot;:&quot;COOLPIX L310&quot;,&quot;caption&quot;:&quot;&quot;,&quot;created_timestamp&quot;:&quot;1376308740&quot;,&quot;copyright&quot;:&quot;&quot;,&quot;focal_length&quot;:&quot;5.1&quot;,&quot;iso&quot;:&quot;220&quot;,&quot;shutter_speed&quot;:&quot;0.033333333333333&quot;,&quot;title&quot;:&quot;&quot;}\" data-image-title=\"DSCN5319\" data-image-description=\"\" data-image-caption=\"\" data-large-file=\"https:\/\/www.hoymercedes.com.ar\/principal\/wp-content\/uploads\/2013\/08\/DSCN5319.jpg\" class=\"aligncenter size-full wp-image-24842\" alt=\"DSCN5319\" src=\"https:\/\/www.hoymercedes.com.ar\/principal\/wp-content\/uploads\/2013\/08\/DSCN5319.jpg\" width=\"620\" height=\"465\" srcset=\"https:\/\/www.hoymercedes.com.ar\/principal\/wp-content\/uploads\/2013\/08\/DSCN5319.jpg 620w, https:\/\/www.hoymercedes.com.ar\/principal\/wp-content\/uploads\/2013\/08\/DSCN5319-300x225.jpg 300w\" sizes=\"auto, (max-width: 620px) 100vw, 620px\" \/><\/p>\n<p>&nbsp;<\/p>\n<p>Las principales fuerzas confirmaron que en algunas escuelas faltaron boletas, pero, fue un hecho subsanado r\u00e1pidamente y todo continu\u00f3 como deb\u00eda ser.<\/p>\n<p>Algunas escuelas se vieron m\u00e1s complicadas que otras por la cantidad de votantes que se aglutinan en torno de determinada letra de apellido. \u00a0La escuela 10 o industrial se vieron con gran afluencia. Varios de los candidatos ya emitieron sus votos.<\/p>\n","protected":false},"excerpt":{"rendered":"<p>Gran cantidad de mercedinos se encuentran en las escuelas de la ciudad emitiendo su voto en todos los puntos de &#8230; <a title=\"Elecciones: se desarrolla con normalidad las PASO en Mercedes\" class=\"read-more\" href=\"https:\/\/www.hoymercedes.com.ar\/principal\/2013\/08\/11\/elecciones-se-desarrolla-con-normalidad-las-paso-en-mercedes\/\" aria-label=\"Leer m\u00e1s sobre Elecciones: se desarrolla con normalidad las PASO en Mercedes\">Leer m\u00e1s<\/a><\/p>\n","protected":false},"author":1,"featured_media":0,"comment_status":"open","ping_status":"open","sticky":false,"template":"","format":"standard","meta":{"_monsterinsights_skip_tracking":false,"_monsterinsights_sitenote_active":false,"_monsterinsights_sitenote_note":"","_monsterinsights_sitenote_category":0,"jetpack_post_was_ever_published":false,"_jetpack_newsletter_access":"","_jetpack_dont_email_post_to_subs":false,"_jetpack_newsletter_tier_id":0,"_jetpack_memberships_contains_paywalled_content":false,"_jetpack_memberships_contains_paid_content":false,"footnotes":"","jetpack_publicize_message":"","jetpack_publicize_feature_enabled":true,"jetpack_social_post_already_shared":true,"jetpack_social_options":{"image_generator_settings":{"template":"highway","default_image_id":0,"font":"","enabled":false},"version":2},"_wpas_customize_per_network":false},"categories":[5],"tags":[3635,3709],"class_list":["post-24839","post","type-post","status-publish","format-standard","hentry","category-politica","tag-elecciones-2013","tag-paso-mercedes","generate-columns","tablet-grid-50","mobile-grid-100","grid-parent","grid-50"],"jetpack_publicize_connections":[],"jetpack_featured_media_url":"","wps_subtitle":"","jetpack_sharing_enabled":true,"_links":{"self":[{"href":"https:\/\/www.hoymercedes.com.ar\/principal\/wp-json\/wp\/v2\/posts\/24839","targetHints":{"allow":["GET"]}}],"collection":[{"href":"https:\/\/www.hoymercedes.com.ar\/principal\/wp-json\/wp\/v2\/posts"}],"about":[{"href":"https:\/\/www.hoymercedes.com.ar\/principal\/wp-json\/wp\/v2\/types\/post"}],"author":[{"embeddable":true,"href":"https:\/\/www.hoymercedes.com.ar\/principal\/wp-json\/wp\/v2\/users\/1"}],"replies":[{"embeddable":true,"href":"https:\/\/www.hoymercedes.com.ar\/principal\/wp-json\/wp\/v2\/comments?post=24839"}],"version-history":[{"count":0,"href":"https:\/\/www.hoymercedes.com.ar\/principal\/wp-json\/wp\/v2\/posts\/24839\/revisions"}],"wp:attachment":[{"href":"https:\/\/www.hoymercedes.com.ar\/principal\/wp-json\/wp\/v2\/media?parent=24839"}],"wp:term":[{"taxonomy":"category","embeddable":true,"href":"https:\/\/www.hoymercedes.com.ar\/principal\/wp-json\/wp\/v2\/categories?post=24839"},{"taxonomy":"post_tag","embeddable":true,"href":"https:\/\/www.hoymercedes.com.ar\/principal\/wp-json\/wp\/v2\/tags?post=24839"}],"curies":[{"name":"wp","href":"https:\/\/api.w.org\/{rel}","templated":true}]}}