{"id":24861,"date":"2013-08-12T04:04:24","date_gmt":"2013-08-12T04:04:24","guid":{"rendered":"http:\/\/www.hoymercedes.com.ar\/principal\/?p=24861"},"modified":"2013-08-12T04:04:24","modified_gmt":"2013-08-12T04:04:24","slug":"oficial-medianoche-bozzini-31-10-ustarroz-28-56","status":"publish","type":"post","link":"https:\/\/www.hoymercedes.com.ar\/principal\/2013\/08\/12\/oficial-medianoche-bozzini-31-10-ustarroz-28-56\/","title":{"rendered":"Oficial Medianoche: Bozzini: 31.10%. Ustarroz 28.56%"},"content":{"rendered":"<figure id=\"attachment_24864\" aria-describedby=\"caption-attachment-24864\" style=\"width: 610px\" class=\"wp-caption aligncenter\"><a href=\"https:\/\/www.hoymercedes.com.ar\/principal\/wp-content\/uploads\/2013\/08\/elecciones-2013-oficial.jpg\"><img loading=\"lazy\" decoding=\"async\" data-attachment-id=\"24864\" data-permalink=\"https:\/\/www.hoymercedes.com.ar\/principal\/2013\/08\/12\/oficial-medianoche-bozzini-31-10-ustarroz-28-56\/elecciones-2013-oficial\/#main\" data-orig-file=\"https:\/\/www.hoymercedes.com.ar\/principal\/wp-content\/uploads\/2013\/08\/elecciones-2013-oficial.jpg\" data-orig-size=\"620,196\" data-comments-opened=\"1\" data-image-meta=\"{&quot;aperture&quot;:&quot;0&quot;,&quot;credit&quot;:&quot;&quot;,&quot;camera&quot;:&quot;&quot;,&quot;caption&quot;:&quot;&quot;,&quot;created_timestamp&quot;:&quot;0&quot;,&quot;copyright&quot;:&quot;&quot;,&quot;focal_length&quot;:&quot;0&quot;,&quot;iso&quot;:&quot;0&quot;,&quot;shutter_speed&quot;:&quot;0&quot;,&quot;title&quot;:&quot;&quot;}\" data-image-title=\"elecciones-2013-oficial\" data-image-description=\"\" data-image-caption=\"&lt;p&gt;Elecciones 2013&lt;\/p&gt;\n\" data-large-file=\"https:\/\/www.hoymercedes.com.ar\/principal\/wp-content\/uploads\/2013\/08\/elecciones-2013-oficial.jpg\" class=\"size-full wp-image-24864\" alt=\"Elecciones 2013 \" src=\"https:\/\/www.hoymercedes.com.ar\/principal\/wp-content\/uploads\/2013\/08\/elecciones-2013-oficial.jpg\" width=\"620\" height=\"196\" \/><\/a><figcaption id=\"caption-attachment-24864\" class=\"wp-caption-text\">Elecciones 2013<\/figcaption><\/figure>\n<p><em><strong>Los datos que se conocieron finalizado el domingo e iniciado el lunes marcaron lo que desde las fuerzas pol\u00edticas iban narrando. El Frente Renovador se qued\u00f3 con el mayor apoyo en las PASO 2013. Frente para la Victoria fue la segunda fuerza en sumatoria de adhesiones. Vale recordar que s\u00f3lo hab\u00eda elecci\u00f3n propiamente dicha en los espacios en que hab\u00eda m\u00e1s de una lista. En el resto es una suerte de ratificaci\u00f3n del apoyo al partido presentado.<\/strong><\/em><\/p>\n<p>Seg\u00fan los datos emitidos por la Provincia de Buenos Aires en Mercedes el \u00abFrente Renovador\u00bb con Ricardo Bozzini a la cabeza obtuvo el 31,10% del total de los votos v\u00e1lidos contabilizados. El Frente para la Victoria con Juan Ustarroz el 28,56% fue la segunda fuerza m\u00e1s votada. Lejos de las dos primeras el MIC con Jos\u00e9 Cestari obtuvo el 10, 56%. Cuarta fue la fuerza encabezada por Oscar Albini en interna con In\u00e9s Ghione arrastr\u00f3 el 10, 09% quedando muy cerca del MIC.<\/p>\n<p>De esta manera, oficialmente, quedaron expuestas las tres principales fuerzas de nuestra ciudad: Frente Renovador, Frente para la Victoria, Mercedes Independiente Comunal y Frente C\u00edvico y Social.<\/p>\n<p>Mercedes cont\u00f3 con 151 mesas y 5o.789 electores.<\/p>\n<p>&nbsp;<\/p>\n","protected":false},"excerpt":{"rendered":"<p>Los datos que se conocieron finalizado el domingo e iniciado el lunes marcaron lo que desde las fuerzas pol\u00edticas iban &#8230; <a title=\"Oficial Medianoche: Bozzini: 31.10%. Ustarroz 28.56%\" class=\"read-more\" href=\"https:\/\/www.hoymercedes.com.ar\/principal\/2013\/08\/12\/oficial-medianoche-bozzini-31-10-ustarroz-28-56\/\" aria-label=\"Leer m\u00e1s sobre Oficial Medianoche: Bozzini: 31.10%. Ustarroz 28.56%\">Leer m\u00e1s<\/a><\/p>\n","protected":false},"author":1,"featured_media":0,"comment_status":"open","ping_status":"open","sticky":false,"template":"","format":"standard","meta":{"_monsterinsights_skip_tracking":false,"_monsterinsights_sitenote_active":false,"_monsterinsights_sitenote_note":"","_monsterinsights_sitenote_category":0,"jetpack_post_was_ever_published":false,"_jetpack_newsletter_access":"","_jetpack_dont_email_post_to_subs":false,"_jetpack_newsletter_tier_id":0,"_jetpack_memberships_contains_paywalled_content":false,"_jetpack_memberships_contains_paid_content":false,"footnotes":"","jetpack_publicize_message":"","jetpack_publicize_feature_enabled":true,"jetpack_social_post_already_shared":true,"jetpack_social_options":{"image_generator_settings":{"template":"highway","default_image_id":0,"font":"","enabled":false},"version":2},"_wpas_customize_per_network":false},"categories":[5],"tags":[3748],"class_list":["post-24861","post","type-post","status-publish","format-standard","hentry","category-politica","tag-elecciones-paso-2013","generate-columns","tablet-grid-50","mobile-grid-100","grid-parent","grid-50"],"jetpack_publicize_connections":[],"jetpack_featured_media_url":"","wps_subtitle":"","jetpack_sharing_enabled":true,"_links":{"self":[{"href":"https:\/\/www.hoymercedes.com.ar\/principal\/wp-json\/wp\/v2\/posts\/24861","targetHints":{"allow":["GET"]}}],"collection":[{"href":"https:\/\/www.hoymercedes.com.ar\/principal\/wp-json\/wp\/v2\/posts"}],"about":[{"href":"https:\/\/www.hoymercedes.com.ar\/principal\/wp-json\/wp\/v2\/types\/post"}],"author":[{"embeddable":true,"href":"https:\/\/www.hoymercedes.com.ar\/principal\/wp-json\/wp\/v2\/users\/1"}],"replies":[{"embeddable":true,"href":"https:\/\/www.hoymercedes.com.ar\/principal\/wp-json\/wp\/v2\/comments?post=24861"}],"version-history":[{"count":0,"href":"https:\/\/www.hoymercedes.com.ar\/principal\/wp-json\/wp\/v2\/posts\/24861\/revisions"}],"wp:attachment":[{"href":"https:\/\/www.hoymercedes.com.ar\/principal\/wp-json\/wp\/v2\/media?parent=24861"}],"wp:term":[{"taxonomy":"category","embeddable":true,"href":"https:\/\/www.hoymercedes.com.ar\/principal\/wp-json\/wp\/v2\/categories?post=24861"},{"taxonomy":"post_tag","embeddable":true,"href":"https:\/\/www.hoymercedes.com.ar\/principal\/wp-json\/wp\/v2\/tags?post=24861"}],"curies":[{"name":"wp","href":"https:\/\/api.w.org\/{rel}","templated":true}]}}