{"id":24887,"date":"2013-08-12T12:45:31","date_gmt":"2013-08-12T12:45:31","guid":{"rendered":"http:\/\/www.hoymercedes.com.ar\/principal\/?p=24887"},"modified":"2013-08-12T12:45:31","modified_gmt":"2013-08-12T12:45:31","slug":"lujan-el-massismo-primero-seguido-de-cerca-por-el-fpv-que-tuvo-interna","status":"publish","type":"post","link":"https:\/\/www.hoymercedes.com.ar\/principal\/2013\/08\/12\/lujan-el-massismo-primero-seguido-de-cerca-por-el-fpv-que-tuvo-interna\/","title":{"rendered":"Luj\u00e1n: el massismo primero seguido de cerca por el FpV que tuvo interna"},"content":{"rendered":"<p><strong><em>En la vecina ciudad de Luj\u00e1n el representante de Sergio Massa se llev\u00f3 la mayor cantidad de adhesi\u00f3n. Lo sigui\u00f3 el Frente para la Victoria que tuvo dos listas que si se sumaran ser\u00edan la primera fuerza. Tercero qued\u00f3 el oficialismo que estuvo dentro del Frente Progresista y Social a\u00fan siendo una lista vecinal.<\/em><\/strong><\/p>\n<p>Seg\u00fan los datos suministrados por medios de la vecina ciudad Federico Guibaud obtuvo el 20.1% siendo el representante de Massa en la ciudad. \u00a0En segundo lugar qued\u00f3 en adhesi\u00f3n de votos Leandro Botto con 18.3% mientras que su contrincante en la interna del Frente para la Victoria, Ariel Notta con 14.1%. El tercer lugar en sumatoria de votos qued\u00f3 para N\u00e9stro Luciani, del oficialismo, con 17.8%. Un poco m\u00e1s atr\u00e1s quedaron Pablo Tonini con el 15.1% por Denarv\u00e1ez y Adriana Rosso con el 4.5% por el Frente Social.<\/p>\n<p>Desde la vecina ciudad observaban detenidamente que si bien el massismo se llev\u00f3 la mayor cantidad de adhesiones la interna del Frente para la Victoria con Notta y Botta sum\u00f3 entre ambos m\u00e1s votos que los dem\u00e1s. El oficialimo del intendente Oscar Lucciani qued\u00f3 retrasado en un tercer lugar siendo la elecci\u00f3n que no deseaban, sostuvieron.<\/p>\n<p>Luego vinieron: Santiago Deschutter: 2,8%, Arnaldo Troncoso: 2,1% y quedaron sin llegar al piso Francisco Gil, Camilo de Rossi, Silvia Romero, Ariel Perez.<\/p>\n","protected":false},"excerpt":{"rendered":"<p>En la vecina ciudad de Luj\u00e1n el representante de Sergio Massa se llev\u00f3 la mayor cantidad de adhesi\u00f3n. Lo sigui\u00f3 &#8230; <a title=\"Luj\u00e1n: el massismo primero seguido de cerca por el FpV que tuvo interna\" class=\"read-more\" href=\"https:\/\/www.hoymercedes.com.ar\/principal\/2013\/08\/12\/lujan-el-massismo-primero-seguido-de-cerca-por-el-fpv-que-tuvo-interna\/\" aria-label=\"Leer m\u00e1s sobre Luj\u00e1n: el massismo primero seguido de cerca por el FpV que tuvo interna\">Leer m\u00e1s<\/a><\/p>\n","protected":false},"author":1,"featured_media":0,"comment_status":"open","ping_status":"open","sticky":false,"template":"","format":"standard","meta":{"_monsterinsights_skip_tracking":false,"_monsterinsights_sitenote_active":false,"_monsterinsights_sitenote_note":"","_monsterinsights_sitenote_category":0,"jetpack_post_was_ever_published":false,"_jetpack_newsletter_access":"","_jetpack_dont_email_post_to_subs":false,"_jetpack_newsletter_tier_id":0,"_jetpack_memberships_contains_paywalled_content":false,"_jetpack_memberships_contains_paid_content":false,"footnotes":"","jetpack_publicize_message":"","jetpack_publicize_feature_enabled":true,"jetpack_social_post_already_shared":true,"jetpack_social_options":{"image_generator_settings":{"template":"highway","default_image_id":0,"font":"","enabled":false},"version":2},"_wpas_customize_per_network":false},"categories":[5],"tags":[3757],"class_list":["post-24887","post","type-post","status-publish","format-standard","hentry","category-politica","tag-elecciones-lujan","generate-columns","tablet-grid-50","mobile-grid-100","grid-parent","grid-50"],"jetpack_publicize_connections":[],"jetpack_featured_media_url":"","wps_subtitle":"","jetpack_sharing_enabled":true,"_links":{"self":[{"href":"https:\/\/www.hoymercedes.com.ar\/principal\/wp-json\/wp\/v2\/posts\/24887","targetHints":{"allow":["GET"]}}],"collection":[{"href":"https:\/\/www.hoymercedes.com.ar\/principal\/wp-json\/wp\/v2\/posts"}],"about":[{"href":"https:\/\/www.hoymercedes.com.ar\/principal\/wp-json\/wp\/v2\/types\/post"}],"author":[{"embeddable":true,"href":"https:\/\/www.hoymercedes.com.ar\/principal\/wp-json\/wp\/v2\/users\/1"}],"replies":[{"embeddable":true,"href":"https:\/\/www.hoymercedes.com.ar\/principal\/wp-json\/wp\/v2\/comments?post=24887"}],"version-history":[{"count":0,"href":"https:\/\/www.hoymercedes.com.ar\/principal\/wp-json\/wp\/v2\/posts\/24887\/revisions"}],"wp:attachment":[{"href":"https:\/\/www.hoymercedes.com.ar\/principal\/wp-json\/wp\/v2\/media?parent=24887"}],"wp:term":[{"taxonomy":"category","embeddable":true,"href":"https:\/\/www.hoymercedes.com.ar\/principal\/wp-json\/wp\/v2\/categories?post=24887"},{"taxonomy":"post_tag","embeddable":true,"href":"https:\/\/www.hoymercedes.com.ar\/principal\/wp-json\/wp\/v2\/tags?post=24887"}],"curies":[{"name":"wp","href":"https:\/\/api.w.org\/{rel}","templated":true}]}}