{"id":24893,"date":"2013-08-12T16:11:32","date_gmt":"2013-08-12T16:11:32","guid":{"rendered":"http:\/\/www.hoymercedes.com.ar\/principal\/?p=24893"},"modified":"2013-08-12T16:11:32","modified_gmt":"2013-08-12T16:11:32","slug":"giles-gano-el-oficialismo-con-massa-seguido-del-frente-para-la-victoria","status":"publish","type":"post","link":"https:\/\/www.hoymercedes.com.ar\/principal\/2013\/08\/12\/giles-gano-el-oficialismo-con-massa-seguido-del-frente-para-la-victoria\/","title":{"rendered":"Giles: gan\u00f3 el oficialismo con Massa seguido del Frente para la Victoria"},"content":{"rendered":"<p><em><strong>Otra de las ciudades cercanas que mostr\u00f3 un espejo de lo que se vio a nivel provincial fue San Andr\u00e9s de Giles donde el Frente Renovador tuvo la mayor cantidad de adhesiones seguido del Frente Progresista\u00a0C\u00edvico\u00a0y Social cerrando el podio el Frente para la Victoria.<\/strong><\/em><\/p>\n<p>56 mesas con 17.707 mesas arroj\u00f3 un 26.28% para el Frente Renovador que llev\u00f3 como pre candidato a Bautista Casta\u00f1os quien iba de la mano de Ghione y logr\u00f3 sumar 3.786 votos. Luego qued\u00f3 en apoyo Marta Ponte con el 25.17% con 3.486 votos dentro del Frente para la Victoria. En tercer termino qued\u00f3 Adriana Miravalles con 1.985 de la UCR mientras que en el cuarto escal\u00f3n qued\u00f3 Eugenio Lacanatte con 1.634 votos siendo el 12.6%. Luego Pablo Mart\u00ednez con 8.7% y 1.130 votos mientras que Arnaldo Minion tuvo 355 votos siendo el 2.7%<\/p>\n<p>De esta manera la vecina ciudad tuvo un apoyo al oficialismo sostenido en el Massismo seguido de cerca por el Frente para la Victoria.<\/p>\n","protected":false},"excerpt":{"rendered":"<p>Otra de las ciudades cercanas que mostr\u00f3 un espejo de lo que se vio a nivel provincial fue San Andr\u00e9s &#8230; <a title=\"Giles: gan\u00f3 el oficialismo con Massa seguido del Frente para la Victoria\" class=\"read-more\" href=\"https:\/\/www.hoymercedes.com.ar\/principal\/2013\/08\/12\/giles-gano-el-oficialismo-con-massa-seguido-del-frente-para-la-victoria\/\" aria-label=\"Leer m\u00e1s sobre Giles: gan\u00f3 el oficialismo con Massa seguido del Frente para la Victoria\">Leer m\u00e1s<\/a><\/p>\n","protected":false},"author":1,"featured_media":0,"comment_status":"open","ping_status":"open","sticky":false,"template":"","format":"standard","meta":{"_monsterinsights_skip_tracking":false,"_monsterinsights_sitenote_active":false,"_monsterinsights_sitenote_note":"","_monsterinsights_sitenote_category":0,"jetpack_post_was_ever_published":false,"_jetpack_newsletter_access":"","_jetpack_dont_email_post_to_subs":false,"_jetpack_newsletter_tier_id":0,"_jetpack_memberships_contains_paywalled_content":false,"_jetpack_memberships_contains_paid_content":false,"footnotes":"","jetpack_publicize_message":"","jetpack_publicize_feature_enabled":true,"jetpack_social_post_already_shared":true,"jetpack_social_options":{"image_generator_settings":{"template":"highway","default_image_id":0,"font":"","enabled":false},"version":2},"_wpas_customize_per_network":false},"categories":[5],"tags":[3758,2123],"class_list":["post-24893","post","type-post","status-publish","format-standard","hentry","category-politica","tag-paso-2013","tag-san-andres-de-giles","generate-columns","tablet-grid-50","mobile-grid-100","grid-parent","grid-50"],"jetpack_publicize_connections":[],"jetpack_featured_media_url":"","wps_subtitle":"","jetpack_sharing_enabled":true,"_links":{"self":[{"href":"https:\/\/www.hoymercedes.com.ar\/principal\/wp-json\/wp\/v2\/posts\/24893","targetHints":{"allow":["GET"]}}],"collection":[{"href":"https:\/\/www.hoymercedes.com.ar\/principal\/wp-json\/wp\/v2\/posts"}],"about":[{"href":"https:\/\/www.hoymercedes.com.ar\/principal\/wp-json\/wp\/v2\/types\/post"}],"author":[{"embeddable":true,"href":"https:\/\/www.hoymercedes.com.ar\/principal\/wp-json\/wp\/v2\/users\/1"}],"replies":[{"embeddable":true,"href":"https:\/\/www.hoymercedes.com.ar\/principal\/wp-json\/wp\/v2\/comments?post=24893"}],"version-history":[{"count":0,"href":"https:\/\/www.hoymercedes.com.ar\/principal\/wp-json\/wp\/v2\/posts\/24893\/revisions"}],"wp:attachment":[{"href":"https:\/\/www.hoymercedes.com.ar\/principal\/wp-json\/wp\/v2\/media?parent=24893"}],"wp:term":[{"taxonomy":"category","embeddable":true,"href":"https:\/\/www.hoymercedes.com.ar\/principal\/wp-json\/wp\/v2\/categories?post=24893"},{"taxonomy":"post_tag","embeddable":true,"href":"https:\/\/www.hoymercedes.com.ar\/principal\/wp-json\/wp\/v2\/tags?post=24893"}],"curies":[{"name":"wp","href":"https:\/\/api.w.org\/{rel}","templated":true}]}}