{"id":24933,"date":"2013-08-13T15:40:46","date_gmt":"2013-08-13T15:40:46","guid":{"rendered":"http:\/\/www.hoymercedes.com.ar\/principal\/?p=24933"},"modified":"2013-08-13T15:40:46","modified_gmt":"2013-08-13T15:40:46","slug":"albini-estamos-a-un-pasito-de-obtener-bancas-en-el-concejo-deliberante","status":"publish","type":"post","link":"https:\/\/www.hoymercedes.com.ar\/principal\/2013\/08\/13\/albini-estamos-a-un-pasito-de-obtener-bancas-en-el-concejo-deliberante\/","title":{"rendered":"Albini: \u00abEstamos a un pasito de obtener bancas en el concejo deliberante\u00bb"},"content":{"rendered":"<figure id=\"attachment_24935\" aria-describedby=\"caption-attachment-24935\" style=\"width: 610px\" class=\"wp-caption aligncenter\"><a href=\"https:\/\/www.hoymercedes.com.ar\/principal\/wp-content\/uploads\/2013\/08\/albini.jpg\"><img loading=\"lazy\" decoding=\"async\" data-attachment-id=\"24935\" data-permalink=\"https:\/\/www.hoymercedes.com.ar\/principal\/2013\/08\/13\/albini-estamos-a-un-pasito-de-obtener-bancas-en-el-concejo-deliberante\/albini-2\/#main\" data-orig-file=\"https:\/\/www.hoymercedes.com.ar\/principal\/wp-content\/uploads\/2013\/08\/albini.jpg\" data-orig-size=\"620,465\" data-comments-opened=\"1\" data-image-meta=\"{&quot;aperture&quot;:&quot;0&quot;,&quot;credit&quot;:&quot;&quot;,&quot;camera&quot;:&quot;&quot;,&quot;caption&quot;:&quot;&quot;,&quot;created_timestamp&quot;:&quot;0&quot;,&quot;copyright&quot;:&quot;&quot;,&quot;focal_length&quot;:&quot;0&quot;,&quot;iso&quot;:&quot;0&quot;,&quot;shutter_speed&quot;:&quot;0&quot;,&quot;title&quot;:&quot;&quot;}\" data-image-title=\"albini\" data-image-description=\"\" data-image-caption=\"&lt;p&gt;Oscar Albini al momento de votar&amp;#8230;&lt;\/p&gt;\n\" data-large-file=\"https:\/\/www.hoymercedes.com.ar\/principal\/wp-content\/uploads\/2013\/08\/albini.jpg\" class=\"size-full wp-image-24935\" alt=\"Oscar Albini al momento de votar...\" src=\"https:\/\/www.hoymercedes.com.ar\/principal\/wp-content\/uploads\/2013\/08\/albini.jpg\" width=\"620\" height=\"465\" \/><\/a><figcaption id=\"caption-attachment-24935\" class=\"wp-caption-text\">Oscar Albini al momento de votar&#8230;<\/figcaption><\/figure>\n<p><strong><em>La Uni\u00f3n C\u00edvica Radical fue una de las fuerzas que tuvo internas. En esta ocasi\u00f3n se enfrentaron Oscar Albini, actual presidente del partido por un lado e In\u00e9s Ghione por el otro, actual concejal. La diferencia en favor del primero fue contundente qued\u00e1ndose con el 72% de los votos a favor.<\/em><\/strong><\/p>\n<p>En las PASO quedaron en la suma de las dos listas muy cercas de meter un concejal disputando con el MIC, que es la fuerza que m\u00e1s cerca tienen. La situaci\u00f3n llega a que se preparen para una campa\u00f1a importante si desean arribar a la banca.<\/p>\n<p>Al respecto, Oscar Albini coment\u00f3: <em>\u00abHemos obtenido en nuestra elecci\u00f3n interna del Frente Progresista C\u00edvico y Social el 72% de los votos ( Albini 2.867 Ghione 1.124) y dentro de la general de la ciudad obtuvimos el 10.5 %. Estamos a un pasito de obtener bancas en el concejo deliberante. A partir de hoy, trabajaremos todos juntos para fortalecer este Frente Progresista C\u00edvico y Social y llegaremos fortalecidos al 27 de Octubre. Con\u00a0ideas y proyectos de la ciudad que queremos con trabajo en equipos, sin personalismos.\u00bb<\/em><\/p>\n<p>Y por supuesto, el primer pre candidato a Concejo Deliberante tuvo un momento para agradecer a los votantes que le dieron su apoyo: <em>\u00abGracias a todos quienes se esforzaron durante la campa\u00f1a, nos acompa\u00f1aron, nos ayudaron a fiscalizar (gratuitamente), nos dieron su palabra de aliento, nos dieron ideas y por sobre todo nos est\u00e1n ayudando a construir este nuevo espacio pol\u00edtico que d\u00eda a d\u00eda va creciendo, que llegamos al piso de los 4.000 votos y que seguramente superaremos ampliamente en las elecciones generales. Ahora juntos con la lista integrada por todos los sectores redoblaremos los esfuerzos y llegaremos al objetivo\u00bb.<\/em><\/p>\n","protected":false},"excerpt":{"rendered":"<p>La Uni\u00f3n C\u00edvica Radical fue una de las fuerzas que tuvo internas. En esta ocasi\u00f3n se enfrentaron Oscar Albini, actual &#8230; <a title=\"Albini: \u00abEstamos a un pasito de obtener bancas en el concejo deliberante\u00bb\" class=\"read-more\" href=\"https:\/\/www.hoymercedes.com.ar\/principal\/2013\/08\/13\/albini-estamos-a-un-pasito-de-obtener-bancas-en-el-concejo-deliberante\/\" aria-label=\"Leer m\u00e1s sobre Albini: \u00abEstamos a un pasito de obtener bancas en el concejo deliberante\u00bb\">Leer m\u00e1s<\/a><\/p>\n","protected":false},"author":1,"featured_media":0,"comment_status":"open","ping_status":"open","sticky":false,"template":"","format":"standard","meta":{"_monsterinsights_skip_tracking":false,"_monsterinsights_sitenote_active":false,"_monsterinsights_sitenote_note":"","_monsterinsights_sitenote_category":0,"jetpack_post_was_ever_published":false,"_jetpack_newsletter_access":"","_jetpack_dont_email_post_to_subs":false,"_jetpack_newsletter_tier_id":0,"_jetpack_memberships_contains_paywalled_content":false,"_jetpack_memberships_contains_paid_content":false,"footnotes":"","jetpack_publicize_message":"","jetpack_publicize_feature_enabled":true,"jetpack_social_post_already_shared":true,"jetpack_social_options":{"image_generator_settings":{"template":"highway","default_image_id":0,"font":"","enabled":false},"version":2},"_wpas_customize_per_network":false},"categories":[5],"tags":[3763,2834,3758],"class_list":["post-24933","post","type-post","status-publish","format-standard","hentry","category-politica","tag-elecciones-internar-ucr","tag-oscar-albini","tag-paso-2013","generate-columns","tablet-grid-50","mobile-grid-100","grid-parent","grid-50"],"jetpack_publicize_connections":[],"jetpack_featured_media_url":"","wps_subtitle":"","jetpack_sharing_enabled":true,"_links":{"self":[{"href":"https:\/\/www.hoymercedes.com.ar\/principal\/wp-json\/wp\/v2\/posts\/24933","targetHints":{"allow":["GET"]}}],"collection":[{"href":"https:\/\/www.hoymercedes.com.ar\/principal\/wp-json\/wp\/v2\/posts"}],"about":[{"href":"https:\/\/www.hoymercedes.com.ar\/principal\/wp-json\/wp\/v2\/types\/post"}],"author":[{"embeddable":true,"href":"https:\/\/www.hoymercedes.com.ar\/principal\/wp-json\/wp\/v2\/users\/1"}],"replies":[{"embeddable":true,"href":"https:\/\/www.hoymercedes.com.ar\/principal\/wp-json\/wp\/v2\/comments?post=24933"}],"version-history":[{"count":0,"href":"https:\/\/www.hoymercedes.com.ar\/principal\/wp-json\/wp\/v2\/posts\/24933\/revisions"}],"wp:attachment":[{"href":"https:\/\/www.hoymercedes.com.ar\/principal\/wp-json\/wp\/v2\/media?parent=24933"}],"wp:term":[{"taxonomy":"category","embeddable":true,"href":"https:\/\/www.hoymercedes.com.ar\/principal\/wp-json\/wp\/v2\/categories?post=24933"},{"taxonomy":"post_tag","embeddable":true,"href":"https:\/\/www.hoymercedes.com.ar\/principal\/wp-json\/wp\/v2\/tags?post=24933"}],"curies":[{"name":"wp","href":"https:\/\/api.w.org\/{rel}","templated":true}]}}