{"id":24937,"date":"2013-08-13T16:10:22","date_gmt":"2013-08-13T16:10:22","guid":{"rendered":"http:\/\/www.hoymercedes.com.ar\/principal\/?p=24937"},"modified":"2013-08-13T16:13:25","modified_gmt":"2013-08-13T16:13:25","slug":"resultados-paso-si-se-repiten-porcentajes-asi-seria-ingreso-al-concejo","status":"publish","type":"post","link":"https:\/\/www.hoymercedes.com.ar\/principal\/2013\/08\/13\/resultados-paso-si-se-repiten-porcentajes-asi-seria-ingreso-al-concejo\/","title":{"rendered":"Resultados PASO: si se repiten porcentajes as\u00ed ser\u00eda ingreso al concejo"},"content":{"rendered":"<p><a href=\"https:\/\/www.hoymercedes.com.ar\/principal\/wp-content\/uploads\/2013\/08\/resultadopaso.png\"><img loading=\"lazy\" decoding=\"async\" data-attachment-id=\"24940\" data-permalink=\"https:\/\/www.hoymercedes.com.ar\/principal\/2013\/08\/13\/resultados-paso-si-se-repiten-porcentajes-asi-seria-ingreso-al-concejo\/resultadopaso\/#main\" data-orig-file=\"https:\/\/www.hoymercedes.com.ar\/principal\/wp-content\/uploads\/2013\/08\/resultadopaso.png\" data-orig-size=\"620,450\" data-comments-opened=\"1\" data-image-meta=\"{&quot;aperture&quot;:&quot;0&quot;,&quot;credit&quot;:&quot;&quot;,&quot;camera&quot;:&quot;&quot;,&quot;caption&quot;:&quot;&quot;,&quot;created_timestamp&quot;:&quot;0&quot;,&quot;copyright&quot;:&quot;&quot;,&quot;focal_length&quot;:&quot;0&quot;,&quot;iso&quot;:&quot;0&quot;,&quot;shutter_speed&quot;:&quot;0&quot;,&quot;title&quot;:&quot;&quot;}\" data-image-title=\"resultadopaso\" data-image-description=\"\" data-image-caption=\"\" data-large-file=\"https:\/\/www.hoymercedes.com.ar\/principal\/wp-content\/uploads\/2013\/08\/resultadopaso.png\" class=\"aligncenter size-full wp-image-24940\" alt=\"resultadopaso\" src=\"https:\/\/www.hoymercedes.com.ar\/principal\/wp-content\/uploads\/2013\/08\/resultadopaso.png\" width=\"620\" height=\"450\" \/><\/a><\/p>\n<p><em><strong>Las Primarias Abiertas Simultaneas y Obligatorias arroj\u00f3 un resultado que podr\u00eda ser un adelanto de lo que ser\u00edan los ingresos al Concejo Deliberante por cada una de las fuerzas. De sostenerse la misma diferencia, independientemente de un voto m\u00e1s o voto menos, pero s\u00ed los porcentajes, estar\u00eda el Frente Renovador colocando 4 concejales, el Frente para la Victoria 3 y el MIC 2.\u00a0<\/strong><\/em><\/p>\n<p>Con las diferencias existentes, donde el Frente Renovador obtuvo el 31.10% de los \u00a0votos, el Frente para la Victoria \u00a0el 28.56% y el MIC 10.55% nos encontrar\u00edamos con un escenario donde el Frente Renovador tendr\u00eda el ingreso de Ricardo Bizzini, Juan Carlos Benitez, Sabrina Selva y Juan Navarro. El Frente Mercedino a Juan Ustarroz, Patricia Prenitune y Mat\u00edas Dematei. Por su parte, el MIC, contar\u00eda con Jos\u00e9 Cestari y Juan Carlos Badano.<\/p>\n<p>Al respecto, David Valerga, concejal mandato cumplido y analista pol\u00edtico de La Tribuna y Cablevision coment\u00f3: <em>\u00abentrar\u00edan cuatro del Frente Renovador siendo dos plenos, uno residual y otro por ser el ganador. En Frente para la Victoria meter\u00eda dos enteros y uno residual mientras que el MIC obtendr\u00eda uno entero y otro residual. Esto, claro, de sostenerse los n\u00fameros que hoy manejamos. Tengamos presentes que podr\u00eda darse un escenario donde queden seis y dos o cuatro, dos, uno y uno, pero, todo depender\u00e1 de los n\u00fameros finales. La realidad de hoy si jugamos con estos datos nos da esta proporci\u00f3n: 4, 3 y 2.\u00bb<\/em><\/p>\n<p>&nbsp;<\/p>\n","protected":false},"excerpt":{"rendered":"<p>Las Primarias Abiertas Simultaneas y Obligatorias arroj\u00f3 un resultado que podr\u00eda ser un adelanto de lo que ser\u00edan los ingresos &#8230; <a title=\"Resultados PASO: si se repiten porcentajes as\u00ed ser\u00eda ingreso al concejo\" class=\"read-more\" href=\"https:\/\/www.hoymercedes.com.ar\/principal\/2013\/08\/13\/resultados-paso-si-se-repiten-porcentajes-asi-seria-ingreso-al-concejo\/\" aria-label=\"Leer m\u00e1s sobre Resultados PASO: si se repiten porcentajes as\u00ed ser\u00eda ingreso al concejo\">Leer m\u00e1s<\/a><\/p>\n","protected":false},"author":1,"featured_media":0,"comment_status":"open","ping_status":"open","sticky":false,"template":"","format":"standard","meta":{"_monsterinsights_skip_tracking":false,"_monsterinsights_sitenote_active":false,"_monsterinsights_sitenote_note":"","_monsterinsights_sitenote_category":0,"jetpack_post_was_ever_published":false,"_jetpack_newsletter_access":"","_jetpack_dont_email_post_to_subs":false,"_jetpack_newsletter_tier_id":0,"_jetpack_memberships_contains_paywalled_content":false,"_jetpack_memberships_contains_paid_content":false,"footnotes":"","jetpack_publicize_message":"","jetpack_publicize_feature_enabled":true,"jetpack_social_post_already_shared":true,"jetpack_social_options":{"image_generator_settings":{"template":"highway","default_image_id":0,"font":"","enabled":false},"version":2},"_wpas_customize_per_network":false},"categories":[5],"tags":[3765,3764,3647,1956,3758],"class_list":["post-24937","post","type-post","status-publish","format-standard","hentry","category-politica","tag-elecciones-2013-resultados-mercedes","tag-frente-para-la-victoria-mercedes","tag-frente-renovador-mercedes","tag-mic-mercedes","tag-paso-2013","generate-columns","tablet-grid-50","mobile-grid-100","grid-parent","grid-50"],"jetpack_publicize_connections":[],"jetpack_featured_media_url":"","wps_subtitle":"","jetpack_sharing_enabled":true,"_links":{"self":[{"href":"https:\/\/www.hoymercedes.com.ar\/principal\/wp-json\/wp\/v2\/posts\/24937","targetHints":{"allow":["GET"]}}],"collection":[{"href":"https:\/\/www.hoymercedes.com.ar\/principal\/wp-json\/wp\/v2\/posts"}],"about":[{"href":"https:\/\/www.hoymercedes.com.ar\/principal\/wp-json\/wp\/v2\/types\/post"}],"author":[{"embeddable":true,"href":"https:\/\/www.hoymercedes.com.ar\/principal\/wp-json\/wp\/v2\/users\/1"}],"replies":[{"embeddable":true,"href":"https:\/\/www.hoymercedes.com.ar\/principal\/wp-json\/wp\/v2\/comments?post=24937"}],"version-history":[{"count":0,"href":"https:\/\/www.hoymercedes.com.ar\/principal\/wp-json\/wp\/v2\/posts\/24937\/revisions"}],"wp:attachment":[{"href":"https:\/\/www.hoymercedes.com.ar\/principal\/wp-json\/wp\/v2\/media?parent=24937"}],"wp:term":[{"taxonomy":"category","embeddable":true,"href":"https:\/\/www.hoymercedes.com.ar\/principal\/wp-json\/wp\/v2\/categories?post=24937"},{"taxonomy":"post_tag","embeddable":true,"href":"https:\/\/www.hoymercedes.com.ar\/principal\/wp-json\/wp\/v2\/tags?post=24937"}],"curies":[{"name":"wp","href":"https:\/\/api.w.org\/{rel}","templated":true}]}}