{"id":24943,"date":"2013-08-14T00:24:34","date_gmt":"2013-08-14T00:24:34","guid":{"rendered":"http:\/\/www.hoymercedes.com.ar\/principal\/?p=24943"},"modified":"2013-08-14T00:24:34","modified_gmt":"2013-08-14T00:24:34","slug":"homenaje-a-payro-y-40-anos-del-miguez-con-actividades-este-sabado","status":"publish","type":"post","link":"https:\/\/www.hoymercedes.com.ar\/principal\/2013\/08\/14\/homenaje-a-payro-y-40-anos-del-miguez-con-actividades-este-sabado\/","title":{"rendered":"Homenaje a Payr\u00f3 y 40 a\u00f1os del Miguez con actividades este s\u00e1bado"},"content":{"rendered":"<figure id=\"attachment_24946\" aria-describedby=\"caption-attachment-24946\" style=\"width: 610px\" class=\"wp-caption aligncenter\"><a href=\"https:\/\/www.hoymercedes.com.ar\/principal\/wp-content\/uploads\/2013\/08\/MuseoMiguez1.jpg\"><img loading=\"lazy\" decoding=\"async\" data-attachment-id=\"24946\" data-permalink=\"https:\/\/www.hoymercedes.com.ar\/principal\/2013\/08\/14\/homenaje-a-payro-y-40-anos-del-miguez-con-actividades-este-sabado\/museomiguez-2\/#main\" data-orig-file=\"https:\/\/www.hoymercedes.com.ar\/principal\/wp-content\/uploads\/2013\/08\/MuseoMiguez1.jpg\" data-orig-size=\"620,465\" data-comments-opened=\"1\" data-image-meta=\"{&quot;aperture&quot;:&quot;0&quot;,&quot;credit&quot;:&quot;&quot;,&quot;camera&quot;:&quot;&quot;,&quot;caption&quot;:&quot;&quot;,&quot;created_timestamp&quot;:&quot;0&quot;,&quot;copyright&quot;:&quot;&quot;,&quot;focal_length&quot;:&quot;0&quot;,&quot;iso&quot;:&quot;0&quot;,&quot;shutter_speed&quot;:&quot;0&quot;,&quot;title&quot;:&quot;&quot;}\" data-image-title=\"MuseoMiguez\" data-image-description=\"\" data-image-caption=\"&lt;p&gt;Museo Miguez&lt;\/p&gt;\n\" data-large-file=\"https:\/\/www.hoymercedes.com.ar\/principal\/wp-content\/uploads\/2013\/08\/MuseoMiguez1.jpg\" class=\"size-full wp-image-24946\" alt=\"Museo Miguez \" src=\"https:\/\/www.hoymercedes.com.ar\/principal\/wp-content\/uploads\/2013\/08\/MuseoMiguez1.jpg\" width=\"620\" height=\"465\" \/><\/a><figcaption id=\"caption-attachment-24946\" class=\"wp-caption-text\">Museo Miguez<\/figcaption><\/figure>\n<p><strong><em>La Direcci\u00f3n de Cultura y Educaci\u00f3n, mediante la Municipalidad de Mercedes, organizar\u00e1n emotivo homenaje a Roberto Payr\u00f3 titulado \u00abCorresponsales\u00bb. Adem\u00e1s, se cumplen 40 a\u00f1os del Museo Hist\u00f3rico de la ciudad de Mercedes, \u00abVictor E. Miguez\u00bb.<\/em><\/strong><\/p>\n<div>La misma se llevar\u00e1 a cabo el s\u00e1bado 17 de este mes a partir de las 18 horas en el Museo ubicado en calle 12 entre 21 y 23.<\/div>\n<div><\/div>\n<div>Contar\u00e1 con la exhibici\u00f3n de humor gr\u00e1fico del dibujante Pablo Blasberg, con su muestra titulada \u00abPeriodismo sin palabras\u00bb. Adem\u00e1s, acompa\u00f1ar\u00e1n en la jornada el escritor Mart\u00edn Malharro, quien descubrir\u00e1 una faceta desconocida del escritor Payr\u00f3 ligada al periodismo.<\/div>\n<div><\/div>\n<div>Se sumar\u00e1 la presentaci\u00f3n de Gabriela Lorusso, quien realizar\u00e1 una representaci\u00f3n sobre una selecci\u00f3n de textos del autor.<\/div>\n<div>Como cierre al homenaje, se subir\u00e1 al escenario el m\u00fasico y artista Quique Sinesi.<\/div>\n<div><\/div>\n<div>Fuente: Municipalidad de Mercedes<\/div>\n<p>&nbsp;<\/p>\n","protected":false},"excerpt":{"rendered":"<p>La Direcci\u00f3n de Cultura y Educaci\u00f3n, mediante la Municipalidad de Mercedes, organizar\u00e1n emotivo homenaje a Roberto Payr\u00f3 titulado \u00abCorresponsales\u00bb. Adem\u00e1s, &#8230; <a title=\"Homenaje a Payr\u00f3 y 40 a\u00f1os del Miguez con actividades este s\u00e1bado\" class=\"read-more\" href=\"https:\/\/www.hoymercedes.com.ar\/principal\/2013\/08\/14\/homenaje-a-payro-y-40-anos-del-miguez-con-actividades-este-sabado\/\" aria-label=\"Leer m\u00e1s sobre Homenaje a Payr\u00f3 y 40 a\u00f1os del Miguez con actividades este s\u00e1bado\">Leer m\u00e1s<\/a><\/p>\n","protected":false},"author":1,"featured_media":0,"comment_status":"open","ping_status":"open","sticky":false,"template":"","format":"standard","meta":{"_monsterinsights_skip_tracking":false,"_monsterinsights_sitenote_active":false,"_monsterinsights_sitenote_note":"","_monsterinsights_sitenote_category":0,"jetpack_post_was_ever_published":false,"_jetpack_newsletter_access":"","_jetpack_dont_email_post_to_subs":false,"_jetpack_newsletter_tier_id":0,"_jetpack_memberships_contains_paywalled_content":false,"_jetpack_memberships_contains_paid_content":false,"footnotes":"","jetpack_publicize_message":"","jetpack_publicize_feature_enabled":true,"jetpack_social_post_already_shared":true,"jetpack_social_options":{"image_generator_settings":{"template":"highway","default_image_id":0,"font":"","enabled":false},"version":2},"_wpas_customize_per_network":false},"categories":[30],"tags":[3766],"class_list":["post-24943","post","type-post","status-publish","format-standard","hentry","category-municipio","tag-museo-miguez","generate-columns","tablet-grid-50","mobile-grid-100","grid-parent","grid-50"],"jetpack_publicize_connections":[],"jetpack_featured_media_url":"","wps_subtitle":"","jetpack_sharing_enabled":true,"_links":{"self":[{"href":"https:\/\/www.hoymercedes.com.ar\/principal\/wp-json\/wp\/v2\/posts\/24943","targetHints":{"allow":["GET"]}}],"collection":[{"href":"https:\/\/www.hoymercedes.com.ar\/principal\/wp-json\/wp\/v2\/posts"}],"about":[{"href":"https:\/\/www.hoymercedes.com.ar\/principal\/wp-json\/wp\/v2\/types\/post"}],"author":[{"embeddable":true,"href":"https:\/\/www.hoymercedes.com.ar\/principal\/wp-json\/wp\/v2\/users\/1"}],"replies":[{"embeddable":true,"href":"https:\/\/www.hoymercedes.com.ar\/principal\/wp-json\/wp\/v2\/comments?post=24943"}],"version-history":[{"count":0,"href":"https:\/\/www.hoymercedes.com.ar\/principal\/wp-json\/wp\/v2\/posts\/24943\/revisions"}],"wp:attachment":[{"href":"https:\/\/www.hoymercedes.com.ar\/principal\/wp-json\/wp\/v2\/media?parent=24943"}],"wp:term":[{"taxonomy":"category","embeddable":true,"href":"https:\/\/www.hoymercedes.com.ar\/principal\/wp-json\/wp\/v2\/categories?post=24943"},{"taxonomy":"post_tag","embeddable":true,"href":"https:\/\/www.hoymercedes.com.ar\/principal\/wp-json\/wp\/v2\/tags?post=24943"}],"curies":[{"name":"wp","href":"https:\/\/api.w.org\/{rel}","templated":true}]}}