{"id":25022,"date":"2013-08-17T20:39:24","date_gmt":"2013-08-17T20:39:24","guid":{"rendered":"http:\/\/www.hoymercedes.com.ar\/principal\/?p=25022"},"modified":"2013-08-17T20:44:40","modified_gmt":"2013-08-17T20:44:40","slug":"diputado-horacio-pietragalla-en-mercedes-el-adicto-es-algo-mas-complejo-que-la-sustancia","status":"publish","type":"post","link":"https:\/\/www.hoymercedes.com.ar\/principal\/2013\/08\/17\/diputado-horacio-pietragalla-en-mercedes-el-adicto-es-algo-mas-complejo-que-la-sustancia\/","title":{"rendered":"Diputado Horacio Pietragalla en Mercedes: \u00abEl adicto es algo m\u00e1s complejo que la sustancia\u00bb"},"content":{"rendered":"<p><a href=\"https:\/\/www.hoymercedes.com.ar\/principal\/wp-content\/uploads\/2013\/08\/Pietragallo-I.jpg\"><img loading=\"lazy\" decoding=\"async\" data-attachment-id=\"25026\" data-permalink=\"https:\/\/www.hoymercedes.com.ar\/principal\/2013\/08\/17\/diputado-horacio-pietragalla-en-mercedes-el-adicto-es-algo-mas-complejo-que-la-sustancia\/pietragallo-i\/#main\" data-orig-file=\"https:\/\/www.hoymercedes.com.ar\/principal\/wp-content\/uploads\/2013\/08\/Pietragallo-I.jpg\" data-orig-size=\"620,465\" data-comments-opened=\"1\" data-image-meta=\"{&quot;aperture&quot;:&quot;3.1&quot;,&quot;credit&quot;:&quot;&quot;,&quot;camera&quot;:&quot;DMC-S1&quot;,&quot;caption&quot;:&quot;&quot;,&quot;created_timestamp&quot;:&quot;1376466328&quot;,&quot;copyright&quot;:&quot;&quot;,&quot;focal_length&quot;:&quot;5&quot;,&quot;iso&quot;:&quot;800&quot;,&quot;shutter_speed&quot;:&quot;0.066666666666667&quot;,&quot;title&quot;:&quot;&quot;}\" data-image-title=\"Pietragallo-I\" data-image-description=\"\" data-image-caption=\"\" data-large-file=\"https:\/\/www.hoymercedes.com.ar\/principal\/wp-content\/uploads\/2013\/08\/Pietragallo-I.jpg\" class=\"aligncenter size-full wp-image-25026\" alt=\"Pietragallo-I\" src=\"https:\/\/www.hoymercedes.com.ar\/principal\/wp-content\/uploads\/2013\/08\/Pietragallo-I.jpg\" width=\"620\" height=\"465\" \/><\/a><\/p>\n<p><em><strong>Nuestra ciudad cont\u00f3 con la visita del Diputado Horacio Pietragalla qui\u00e9n en el recinto del Concejo Deliberante disert\u00f3 sobre el proyecto de ley \u00abplan integral para el abordaje de los consumos problem\u00e1ticos\u00bb bajo un marco de p\u00fablico importante. Estuvo presente el Presidente del Concejo Deliberante, Marcelo Denapole, el candidato a concejal Juan Ustarroz, la concejal Celeste Burone, el Director de Turismo y Derechos Humanos Leandro L\u00f3pez, el Coordinador de Derechos Humanos Marcelo Melo, los ediles Ram\u00f3n Andr\u00e9s, Roberto Cirillo y el candidato Mat\u00edas Dematei, entre otras figuras del \u00e1mbito pol\u00edtico local as\u00ed como Julio Maldonado impulsor de la cuesti\u00f3n junto a Celeste Burone.<br \/>\n<\/strong><\/em><\/p>\n<p><img loading=\"lazy\" decoding=\"async\" data-attachment-id=\"25029\" data-permalink=\"https:\/\/www.hoymercedes.com.ar\/principal\/2013\/08\/17\/diputado-horacio-pietragalla-en-mercedes-el-adicto-es-algo-mas-complejo-que-la-sustancia\/pietragallo-iv\/#main\" data-orig-file=\"https:\/\/www.hoymercedes.com.ar\/principal\/wp-content\/uploads\/2013\/08\/Pietragallo-IV.jpg\" data-orig-size=\"620,465\" data-comments-opened=\"1\" data-image-meta=\"{&quot;aperture&quot;:&quot;3.1&quot;,&quot;credit&quot;:&quot;&quot;,&quot;camera&quot;:&quot;DMC-S1&quot;,&quot;caption&quot;:&quot;&quot;,&quot;created_timestamp&quot;:&quot;1376468739&quot;,&quot;copyright&quot;:&quot;&quot;,&quot;focal_length&quot;:&quot;5&quot;,&quot;iso&quot;:&quot;800&quot;,&quot;shutter_speed&quot;:&quot;0.066666666666667&quot;,&quot;title&quot;:&quot;&quot;}\" data-image-title=\"Pietragallo-IV\" data-image-description=\"\" data-image-caption=\"\" data-large-file=\"https:\/\/www.hoymercedes.com.ar\/principal\/wp-content\/uploads\/2013\/08\/Pietragallo-IV.jpg\" class=\"aligncenter size-full wp-image-25029\" alt=\"Pietragallo-IV\" src=\"https:\/\/www.hoymercedes.com.ar\/principal\/wp-content\/uploads\/2013\/08\/Pietragallo-IV.jpg\" width=\"620\" height=\"465\" srcset=\"https:\/\/www.hoymercedes.com.ar\/principal\/wp-content\/uploads\/2013\/08\/Pietragallo-IV.jpg 620w, https:\/\/www.hoymercedes.com.ar\/principal\/wp-content\/uploads\/2013\/08\/Pietragallo-IV-300x225.jpg 300w\" sizes=\"auto, (max-width: 620px) 100vw, 620px\" \/><\/p>\n<p>En el acto tomaron la palabra Marcelo Denapole qui\u00e9n le dio la bienvenida, sosteniendo: <em>\u00abes un orgullo contar con la presencia de un diputado que est\u00e1 tratando un tema tan importante como este. Consideramos muy importante todo lo que se pueda hacer para mitigar este flagelo muy importante. Queremos darle las felicitaciones por tratar algo tan importante (&#8230;) creo que la soluci\u00f3n est\u00e1 en volver a incluir, que es muy importante para que forme parte del mundo. Desde las pol\u00edticas sociales debemos incluir y es la mejor manera, con el tratamiento, pero, reinsertarnos socialmente\u00bb. <\/em>Luego procedi\u00f3 a entregarle un plato con el escudo de nuestra ciudad como recuerdo y reconocimiento.<\/p>\n<p><img loading=\"lazy\" decoding=\"async\" data-attachment-id=\"25027\" data-permalink=\"https:\/\/www.hoymercedes.com.ar\/principal\/2013\/08\/17\/diputado-horacio-pietragalla-en-mercedes-el-adicto-es-algo-mas-complejo-que-la-sustancia\/pietragallo-ii\/#main\" data-orig-file=\"https:\/\/www.hoymercedes.com.ar\/principal\/wp-content\/uploads\/2013\/08\/Pietragallo-II.jpg\" data-orig-size=\"620,271\" data-comments-opened=\"1\" data-image-meta=\"{&quot;aperture&quot;:&quot;4.5&quot;,&quot;credit&quot;:&quot;&quot;,&quot;camera&quot;:&quot;Canon EOS REBEL T3i&quot;,&quot;caption&quot;:&quot;&quot;,&quot;created_timestamp&quot;:&quot;1376683267&quot;,&quot;copyright&quot;:&quot;&quot;,&quot;focal_length&quot;:&quot;33&quot;,&quot;iso&quot;:&quot;400&quot;,&quot;shutter_speed&quot;:&quot;0.016666666666667&quot;,&quot;title&quot;:&quot;&quot;}\" data-image-title=\"Pietragallo-II\" data-image-description=\"\" data-image-caption=\"\" data-large-file=\"https:\/\/www.hoymercedes.com.ar\/principal\/wp-content\/uploads\/2013\/08\/Pietragallo-II.jpg\" class=\"aligncenter size-full wp-image-25027\" alt=\"Pietragallo-II\" src=\"https:\/\/www.hoymercedes.com.ar\/principal\/wp-content\/uploads\/2013\/08\/Pietragallo-II.jpg\" width=\"620\" height=\"271\" srcset=\"https:\/\/www.hoymercedes.com.ar\/principal\/wp-content\/uploads\/2013\/08\/Pietragallo-II.jpg 620w, https:\/\/www.hoymercedes.com.ar\/principal\/wp-content\/uploads\/2013\/08\/Pietragallo-II-300x131.jpg 300w\" sizes=\"auto, (max-width: 620px) 100vw, 620px\" \/><\/p>\n<p>&nbsp;<\/p>\n<p>Tambi\u00e9n le dio la bienvenida a la ciudad el Gerente Regional del ANSES y candidato a Concejal Juan Ignacio Ustarroz, que manifest\u00f3: \u00abtenemos con nosotros una persona que ha recuperado su identidad a ra\u00edz de la institucionalizaci\u00f3n de las pol\u00edticas de Derechos Humanos por parte del Gobierno y del Estado por medio de N\u00e9stor Kirchner y creo que esto se vincula, cuando una persona recupera su identidad, llevar a preguntarse y plantearse ahora qu\u00e9, d\u00f3nde me inserto y c\u00f3mo trabajo. Horacio es una persona luchadora y militante de toda la vida y est\u00e1 en sus or\u00edgenes el trabajar por los m\u00e1s excluidos. El tema de las adicciones lo plantea desde diversas miradas, pero, desde un proyecto de Estado, de involucramiento. Con un proyecto de ciudad, de barrio. Horacio, como dice la presidenta, piensa en el otro, el otro que no encuentra el lugar en la sociedad y desde donde a cada uno le toque trabajar con las herramientas necesarias. Sin lugar a dudas como legislados tiene herramientas de estar a favor de un cambio y soluci\u00f3n, se necesita leyes, tambi\u00e9n Estado, Pueblo y Sujeto. Horacio est\u00e1 en ello y es un orgullo que \u00e9l est\u00e9 ac\u00e1 con su trabajo y siendo parte de un colectivo que busca una sociedad m\u00e1s justa donde podamos abordar integralmente soluciones a esta sociedad de consumo y libre mercado que busca el consumo y estos a\u00b4\u00e1mbitos de encuentro de escucha y participaci\u00f3n son siempre necesarios as\u00ed que aprovecho para darle las gracias de estar con nosotros.\u00bb<\/p>\n<p><img loading=\"lazy\" decoding=\"async\" data-attachment-id=\"25028\" data-permalink=\"https:\/\/www.hoymercedes.com.ar\/principal\/2013\/08\/17\/diputado-horacio-pietragalla-en-mercedes-el-adicto-es-algo-mas-complejo-que-la-sustancia\/pietragallo-iii\/#main\" data-orig-file=\"https:\/\/www.hoymercedes.com.ar\/principal\/wp-content\/uploads\/2013\/08\/Pietragallo-III.jpg\" data-orig-size=\"620,423\" data-comments-opened=\"1\" data-image-meta=\"{&quot;aperture&quot;:&quot;5.6&quot;,&quot;credit&quot;:&quot;&quot;,&quot;camera&quot;:&quot;Canon EOS REBEL T3i&quot;,&quot;caption&quot;:&quot;&quot;,&quot;created_timestamp&quot;:&quot;1376683558&quot;,&quot;copyright&quot;:&quot;&quot;,&quot;focal_length&quot;:&quot;55&quot;,&quot;iso&quot;:&quot;400&quot;,&quot;shutter_speed&quot;:&quot;0.016666666666667&quot;,&quot;title&quot;:&quot;&quot;}\" data-image-title=\"Pietragallo-III\" data-image-description=\"\" data-image-caption=\"\" data-large-file=\"https:\/\/www.hoymercedes.com.ar\/principal\/wp-content\/uploads\/2013\/08\/Pietragallo-III.jpg\" class=\"aligncenter size-full wp-image-25028\" alt=\"Pietragallo-III\" src=\"https:\/\/www.hoymercedes.com.ar\/principal\/wp-content\/uploads\/2013\/08\/Pietragallo-III.jpg\" width=\"620\" height=\"423\" srcset=\"https:\/\/www.hoymercedes.com.ar\/principal\/wp-content\/uploads\/2013\/08\/Pietragallo-III.jpg 620w, https:\/\/www.hoymercedes.com.ar\/principal\/wp-content\/uploads\/2013\/08\/Pietragallo-III-300x204.jpg 300w\" sizes=\"auto, (max-width: 620px) 100vw, 620px\" \/><\/p>\n<p>&nbsp;<\/p>\n<p>Luego vino la palabra de Horacio Pietragalla que efectu\u00f3 un abordaje integral de la problem\u00e1tica, explic\u00f3 los alcances potenciales del proyecto de ley que est\u00e1 ahora en la C\u00e1mara de Senadores, los peligros que se corren en caso de no aplicarse correctamente y tuvo luego un intercambio con el p\u00fablico presente donde desde casos particulares narr\u00f3 experiencias, expectativas y menciones a herramientas para potenciales soluciones. Pietragallo que disert\u00f3 por casi media hora antes de abrir el di\u00e1logo con los presentes entre otros conceptos sostuvo:<em> \u00abm\u00e1s all\u00e1 de la ley me gustar\u00eda que se piense en el despu\u00e9s, en la reglamentaci\u00f3n, y las experiencias de cada presentaci\u00f3n son riqu\u00edsimas y nos abren las miradas sobre lo que pasa en los diversos lugares que visitamos. No es lo mismo en Capital Federal que en Mercedes o en la Patagonia. La idea de armar el proyecto sobre el abordaje a las adicci\u00f3n tiene que ver con haber visto a amigos de la adolescencia que lamentablemente tuvieron problema con las adicciones, pero, tambi\u00e9n contamos con lugares de recupero que necesitan un apoyo y que no siempre son el ideal para el recupero. Por eso pensamos en un adicto que es alguien con un problema, que no es una elecci\u00f3n. Pensar en recuperar a una persona que adem\u00e1s tiene un prejuicio de la sociedad por encima. Es un trabajo recuperarlo. (&#8230;) creo que estamos cambiando la visi\u00f3n y tenemos que generar trabajo en la misma fuerza de que una persona con sustancia no es adicta. Esto tiene que quedar en claro. Tampoco es un delincuente. No por una sustancia que posea debe ir a la comisaria. La ley de salud mental lo dice. Se deben consultar profesionales de la salud y actuar los diversos lugares del territorio que busquemos articulen con las instituciones correspondientes para el tratamiento correspondiente, integral y abordaje parte de una nueva visi\u00f3n. Hacer un seguimiento y que no termine en una causa judicial que perjudica la vida de una persona. El adicto pasa por muchas cuestiones, puede ser a la tecnolog\u00eda, alimentaci\u00f3n, a conductas compulsivas, va m\u00e1s all\u00e1 de la sustancia\u00bb\u00a0<\/em><\/p>\n<p>Por \u00faltimo, se hizo entrega de certificados a diversas instituciones y personas como ser Liliana Gil, Analia Dematei, Gabriela Chiapuzzi, Ceferino Martinez, Centro de Prevenciones de Suipacha y el CPA de Navarro.<\/p>\n","protected":false},"excerpt":{"rendered":"<p>Nuestra ciudad cont\u00f3 con la visita del Diputado Horacio Pietragalla qui\u00e9n en el recinto del Concejo Deliberante disert\u00f3 sobre el &#8230; <a title=\"Diputado Horacio Pietragalla en Mercedes: \u00abEl adicto es algo m\u00e1s complejo que la sustancia\u00bb\" class=\"read-more\" href=\"https:\/\/www.hoymercedes.com.ar\/principal\/2013\/08\/17\/diputado-horacio-pietragalla-en-mercedes-el-adicto-es-algo-mas-complejo-que-la-sustancia\/\" aria-label=\"Leer m\u00e1s sobre Diputado Horacio Pietragalla en Mercedes: \u00abEl adicto es algo m\u00e1s complejo que la sustancia\u00bb\">Leer m\u00e1s<\/a><\/p>\n","protected":false},"author":1,"featured_media":0,"comment_status":"open","ping_status":"open","sticky":false,"template":"","format":"standard","meta":{"_monsterinsights_skip_tracking":false,"_monsterinsights_sitenote_active":false,"_monsterinsights_sitenote_note":"","_monsterinsights_sitenote_category":0,"jetpack_post_was_ever_published":false,"_jetpack_newsletter_access":"","_jetpack_dont_email_post_to_subs":false,"_jetpack_newsletter_tier_id":0,"_jetpack_memberships_contains_paywalled_content":false,"_jetpack_memberships_contains_paid_content":false,"footnotes":"","jetpack_publicize_message":"","jetpack_publicize_feature_enabled":true,"jetpack_social_post_already_shared":true,"jetpack_social_options":{"image_generator_settings":{"template":"highway","default_image_id":0,"font":"","enabled":false},"version":2},"_wpas_customize_per_network":false},"categories":[5],"tags":[3772,3777,585,3778,403],"class_list":["post-25022","post","type-post","status-publish","format-standard","hentry","category-politica","tag-disertara-el-diputado-horacio-pietragalla-sobre-consumos-problematicos","tag-horacio-pietragallo","tag-juan-ustarroz","tag-leandro-lopez","tag-marcelo-melo","generate-columns","tablet-grid-50","mobile-grid-100","grid-parent","grid-50"],"jetpack_publicize_connections":[],"jetpack_featured_media_url":"","wps_subtitle":"","jetpack_sharing_enabled":true,"_links":{"self":[{"href":"https:\/\/www.hoymercedes.com.ar\/principal\/wp-json\/wp\/v2\/posts\/25022","targetHints":{"allow":["GET"]}}],"collection":[{"href":"https:\/\/www.hoymercedes.com.ar\/principal\/wp-json\/wp\/v2\/posts"}],"about":[{"href":"https:\/\/www.hoymercedes.com.ar\/principal\/wp-json\/wp\/v2\/types\/post"}],"author":[{"embeddable":true,"href":"https:\/\/www.hoymercedes.com.ar\/principal\/wp-json\/wp\/v2\/users\/1"}],"replies":[{"embeddable":true,"href":"https:\/\/www.hoymercedes.com.ar\/principal\/wp-json\/wp\/v2\/comments?post=25022"}],"version-history":[{"count":0,"href":"https:\/\/www.hoymercedes.com.ar\/principal\/wp-json\/wp\/v2\/posts\/25022\/revisions"}],"wp:attachment":[{"href":"https:\/\/www.hoymercedes.com.ar\/principal\/wp-json\/wp\/v2\/media?parent=25022"}],"wp:term":[{"taxonomy":"category","embeddable":true,"href":"https:\/\/www.hoymercedes.com.ar\/principal\/wp-json\/wp\/v2\/categories?post=25022"},{"taxonomy":"post_tag","embeddable":true,"href":"https:\/\/www.hoymercedes.com.ar\/principal\/wp-json\/wp\/v2\/tags?post=25022"}],"curies":[{"name":"wp","href":"https:\/\/api.w.org\/{rel}","templated":true}]}}