{"id":25063,"date":"2013-08-20T12:21:30","date_gmt":"2013-08-20T12:21:30","guid":{"rendered":"http:\/\/www.hoymercedes.com.ar\/principal\/?p=25063"},"modified":"2013-08-20T12:21:30","modified_gmt":"2013-08-20T12:21:30","slug":"wado-de-pedro-propone-ley-sobre-el-mal-de-alzheimer","status":"publish","type":"post","link":"https:\/\/www.hoymercedes.com.ar\/principal\/2013\/08\/20\/wado-de-pedro-propone-ley-sobre-el-mal-de-alzheimer\/","title":{"rendered":"Wado de Pedro propone ley sobre el Mal de Alzheimer"},"content":{"rendered":"<p><em><strong>El Diputado Nacional Eduardo De Pedro presentar\u00e1 un proyecto vinculado a la salud dado que ser\u00e1 a favor de las personas que padecen el Mal de Alzheimer. El proyecto busca crear un Plan Nacional de Lucha contra el mal que aquella a cientos de miles en nuestro pa\u00eds. Buscando incentivas la: \u00abinvestigaci\u00f3n cient\u00edfica, epidemiol\u00f3gica y cl\u00ednica para el avance innovativo en m\u00e9todos de diagn\u00f3stico y tratamiento para la enfermedad de Alzheimer\u00bb<\/strong><\/em><\/p>\n<p>Seg\u00fan informa la agencia de noticias Tel\u00e1m: <em>\u00abSe trata de un proyecto para crear el Plan Nacional de Lucha contra el Mal de Alzheimer, que apunta a prevenir, tratar e incluir a las personas que sufren esta enfermedad, que afecta a una de cada ocho personas mayores de 65 a\u00f1os.\u00bb<\/em><\/p>\n<p>La idea generada por el mercedino Eduargo \u00abWado\u00bb De Pedro se encuentra ya avalada por la presidencia del Senado, Juli\u00e1n Dominguez as\u00ed como sus\u00a0pares de bancada Horacio Pietragalla, Mayra Mendoza, Anabel Fern\u00e1ndez Sagasti, Marcos Cleri, Andr\u00e9s Larroque, y Mar\u00eda Luz Alonso. Ahora el tema est\u00e1 para ser debatido en las comisiones de Salud y de Presupuesto y Hacienda.<\/p>\n<p>Se informa desde Tel\u00e1m que: <em>\u00abEl proyecto establece la creaci\u00f3n del Plan Nacional de Lucha contra el Mal de Alzheimer para prevenir, tratar, y acompa\u00f1ar a los familiares de las personas que sufren esta enfermedad demencial que afecta a una de cada ocho personas mayores de 65 a\u00f1os y afecta a millones de personas en el mundo.\u00a0<\/em><\/p>\n<p><em>El objetivo de este programa \u00abes desarrollar campa\u00f1as de difusi\u00f3n y concientizaci\u00f3n social sobre la enfermedad de Alzheimer, sus manifestaciones, principales consecuencias para el enfermo y sus familiares directos y convivientes y los tratamientos efectivos disponibles para la enfermedad\u00bb.<\/em><\/p>\n<p>A su vez busca<em> \u00abproducir informaci\u00f3n y divulgarla, sobre acciones para la prevenci\u00f3n y diagn\u00f3stico temprano de dicha enfermedad, as\u00ed como de los avances m\u00e9dico-cient\u00edficos en su tratamiento, cursos y carreras disponibles destinados a la actualizaci\u00f3n constante de los profesionales de la salud\u00bb.<\/em><\/p>\n<p><em><\/em>Por otro lado, la iniciativa del diputado de Pedro quiere fomentar la \u00abinvestigaci\u00f3n cient\u00edfica, epidemiol\u00f3gica y cl\u00ednica para el avance innovativo en m\u00e9todos de diagn\u00f3stico y tratamiento para la enfermedad de Alzheimer\u00bb e impulsar cursos de capacitaci\u00f3n atinentes a la tem\u00e1tica de esta enfermedad.<\/p>\n<p>Adem\u00e1s propone \u00abbrindar, en coordinaci\u00f3n con los centros asistenciales de todo el pa\u00eds, terapias de apoyo y acompa\u00f1amiento a familiares directos y convivientes de enfermos de Alzheimer\u00bb e impulsar el desarrollo de actividades deportivas, recreativas para fomentar el fortalecimiento de lazos sociales para cuidar la calidad de vida de los enfermos.<\/p>\n<p>Para poder implementar el programa, el gobierno nacional determinar\u00e1 cu\u00e1les son las prestaciones m\u00e9dicas, psicol\u00f3gicas, farmacol\u00f3gicas, de asistencia y las que fueran necesarias, destinadas a cubrir la detecci\u00f3n temprana, el diagn\u00f3stico y el tratamiento efectivo de la enfermedad de Alzheimer, que deber\u00e1n ser incluidas en el Plan M\u00e9dico Obligatorio.<\/p>\n<p>En ese contexto, la autoridad de aplicaci\u00f3n junto con el Consejo Federal de Salud y del Consejo Federal Legislativo de Salud instrumentar\u00e1n los mecanismos necesarios de colaboraci\u00f3n mutua para la aplicaci\u00f3n de esta pol\u00edtica p\u00fablica siguiendo los lineamientos establecidos en la Ley de Salud Mental N\u00b026.657.<\/p>\n<p>Por otro lado, se faculta al Poder Ejecutivo Nacional a efectuar las previsiones necesarias en el presupuesto nacional a fin de cumplimentar las funciones indicadas en los art\u00edculos precedentes.<\/p>\n<p>En los fundamentos del proyecto dise\u00f1ado por el legislador del FPV, se recuerda que esta enfermedad afecta \u00aba una de cada ocho personas de m\u00e1s de 65 a\u00f1os y a casi la mitad de las mayores de 85 y que este a\u00f1o habr\u00e1 m\u00e1s de 35 millones de personas con demencia en el mundo\u00bb.<\/p>\n<p>\u00abDado el envejecimiento estimado en la poblaci\u00f3n mundial, esta cifra se duplicar\u00e1 cada 20 a\u00f1os (65,7 millones en 2030 y 115,4 millones en 2050). Pero sus efectos se sentir\u00e1n de manera m\u00e1s aguda en los pa\u00edses de bajos y medianos ingresos con respecto a los pa\u00edses desarrollados: mientras que en 2010 el 57,7% de todas las personas con demencia se corresponde a los pa\u00edses de bajos y medianos ingresos, en 2050 la proporci\u00f3n se extender\u00e1 a un 70,5%\u00bb.<\/p>\n<p>Agreg\u00f3 que \u00abesta enfermedad tiene un impacto f\u00edsico, psicol\u00f3gico y econ\u00f3mico, no s\u00f3lo en quien la padece, sino tambi\u00e9n sobre su familia, los cuidadores no familiares, el sistema de salud y la sociedad en su conjunto\u00bb.<\/p>\n<p><a href=\"http:\/\/www.telam.com.ar\/notas\/201308\/29039-eduardo-wado-de-pedro-presenta-un-proyecto-a-favor-de-las-personas-que-padecen-el-mal-de-alzeimer.html\" target=\"_blank\" rel=\"noopener\"><span style=\"color: #888888;\">Fuente: TELAM<\/span><\/a><\/p>\n","protected":false},"excerpt":{"rendered":"<p>El Diputado Nacional Eduardo De Pedro presentar\u00e1 un proyecto vinculado a la salud dado que ser\u00e1 a favor de las &#8230; <a title=\"Wado de Pedro propone ley sobre el Mal de Alzheimer\" class=\"read-more\" href=\"https:\/\/www.hoymercedes.com.ar\/principal\/2013\/08\/20\/wado-de-pedro-propone-ley-sobre-el-mal-de-alzheimer\/\" aria-label=\"Leer m\u00e1s sobre Wado de Pedro propone ley sobre el Mal de Alzheimer\">Leer m\u00e1s<\/a><\/p>\n","protected":false},"author":1,"featured_media":0,"comment_status":"open","ping_status":"open","sticky":false,"template":"","format":"standard","meta":{"_monsterinsights_skip_tracking":false,"_monsterinsights_sitenote_active":false,"_monsterinsights_sitenote_note":"","_monsterinsights_sitenote_category":0,"jetpack_post_was_ever_published":false,"_jetpack_newsletter_access":"","_jetpack_dont_email_post_to_subs":false,"_jetpack_newsletter_tier_id":0,"_jetpack_memberships_contains_paywalled_content":false,"_jetpack_memberships_contains_paid_content":false,"footnotes":"","jetpack_publicize_message":"","jetpack_publicize_feature_enabled":true,"jetpack_social_post_already_shared":true,"jetpack_social_options":{"image_generator_settings":{"template":"highway","default_image_id":0,"font":"","enabled":false},"version":2},"_wpas_customize_per_network":false},"categories":[5],"tags":[3783,562,281],"class_list":["post-25063","post","type-post","status-publish","format-standard","hentry","category-politica","tag-eduardo-de-predo","tag-frente-para-la-victoria","tag-wado-de-pedro","generate-columns","tablet-grid-50","mobile-grid-100","grid-parent","grid-50"],"jetpack_publicize_connections":[],"jetpack_featured_media_url":"","wps_subtitle":"","jetpack_sharing_enabled":true,"_links":{"self":[{"href":"https:\/\/www.hoymercedes.com.ar\/principal\/wp-json\/wp\/v2\/posts\/25063","targetHints":{"allow":["GET"]}}],"collection":[{"href":"https:\/\/www.hoymercedes.com.ar\/principal\/wp-json\/wp\/v2\/posts"}],"about":[{"href":"https:\/\/www.hoymercedes.com.ar\/principal\/wp-json\/wp\/v2\/types\/post"}],"author":[{"embeddable":true,"href":"https:\/\/www.hoymercedes.com.ar\/principal\/wp-json\/wp\/v2\/users\/1"}],"replies":[{"embeddable":true,"href":"https:\/\/www.hoymercedes.com.ar\/principal\/wp-json\/wp\/v2\/comments?post=25063"}],"version-history":[{"count":0,"href":"https:\/\/www.hoymercedes.com.ar\/principal\/wp-json\/wp\/v2\/posts\/25063\/revisions"}],"wp:attachment":[{"href":"https:\/\/www.hoymercedes.com.ar\/principal\/wp-json\/wp\/v2\/media?parent=25063"}],"wp:term":[{"taxonomy":"category","embeddable":true,"href":"https:\/\/www.hoymercedes.com.ar\/principal\/wp-json\/wp\/v2\/categories?post=25063"},{"taxonomy":"post_tag","embeddable":true,"href":"https:\/\/www.hoymercedes.com.ar\/principal\/wp-json\/wp\/v2\/tags?post=25063"}],"curies":[{"name":"wp","href":"https:\/\/api.w.org\/{rel}","templated":true}]}}