{"id":2507,"date":"2011-03-02T04:48:16","date_gmt":"2011-03-02T04:48:16","guid":{"rendered":"http:\/\/www.hoymercedes.com.ar\/principal\/?p=2507"},"modified":"2011-03-02T04:48:16","modified_gmt":"2011-03-02T04:48:16","slug":"candombe-de-la-ribera-en-corsos-mercedino","status":"publish","type":"post","link":"https:\/\/www.hoymercedes.com.ar\/principal\/2011\/03\/02\/candombe-de-la-ribera-en-corsos-mercedino\/","title":{"rendered":"Candombe de la Ribera en Corsos Mercedino"},"content":{"rendered":"<figure id=\"attachment_2509\" aria-describedby=\"caption-attachment-2509\" style=\"width: 390px\" class=\"wp-caption alignleft\"><a href=\"https:\/\/www.hoymercedes.com.ar\/principal\/wp-content\/uploads\/2011\/03\/candombemercedinoI.jpg\"><img loading=\"lazy\" decoding=\"async\" data-attachment-id=\"2509\" data-permalink=\"https:\/\/www.hoymercedes.com.ar\/principal\/2011\/03\/02\/candombe-de-la-ribera-en-corsos-mercedino\/candombemercedinoi\/#main\" data-orig-file=\"https:\/\/www.hoymercedes.com.ar\/principal\/wp-content\/uploads\/2011\/03\/candombemercedinoI.jpg\" data-orig-size=\"400,218\" data-comments-opened=\"1\" data-image-meta=\"{&quot;aperture&quot;:&quot;0&quot;,&quot;credit&quot;:&quot;&quot;,&quot;camera&quot;:&quot;&quot;,&quot;caption&quot;:&quot;&quot;,&quot;created_timestamp&quot;:&quot;0&quot;,&quot;copyright&quot;:&quot;&quot;,&quot;focal_length&quot;:&quot;0&quot;,&quot;iso&quot;:&quot;0&quot;,&quot;shutter_speed&quot;:&quot;0&quot;,&quot;title&quot;:&quot;&quot;}\" data-image-title=\"candombemercedinoI\" data-image-description=\"\" data-image-caption=\"\" data-large-file=\"https:\/\/www.hoymercedes.com.ar\/principal\/wp-content\/uploads\/2011\/03\/candombemercedinoI.jpg\" class=\"size-full wp-image-2509\" title=\"candombemercedinoI\" src=\"https:\/\/www.hoymercedes.com.ar\/principal\/wp-content\/uploads\/2011\/03\/candombemercedinoI.jpg\" alt=\"\" width=\"400\" height=\"218\" \/><\/a><figcaption id=\"caption-attachment-2509\" class=\"wp-caption-text\">Candombe de la Rivera<\/figcaption><\/figure>\n<p>Con gente joven de ambos sexos de la zona de Mercedes, San Andr\u00e9s de Giles, J\u00e1uregui y Lujan, \u201cCANDOMBE DE LA RIBERA\u201d es una agrupaci\u00f3n que cultiva la m\u00fasica y baile del candombe rioplatense. Una cuerda de 24 tamboriles desarrolla el toque estilo \u201cCord\u00f3n\u201d (Barrio de Montevideo). A su vez la cuerda se divide en tambores chicos (amarillos), tambores repiques (rojos) y tambores pianos (negros), los cuales dan pie para que las bailarinas abran la cancha as\u00ed todos disfruten de este folclore regional que est\u00e1 resurgiendo.<\/p>\n<p>El Candombe es un ritmo proveniente de \u00c1frica que ha sido parte importante de la cultura uruguaya por m\u00e1s de doscientos a\u00f1os. Uruguay con una poblaci\u00f3n de aproximadamente 3.2 millones de habitantes, es un peque\u00f1o pa\u00eds ubicado en Sudam\u00e9rica, que tiene como pa\u00edses lim\u00edtrofes a sus dos grandes vecinos Brasil (162 millones) al este y Argentina (34 millones) al oeste. Este ritmo lleg\u00f3 a Uruguay desde \u00c1frica gracias a los negros esclavos, y a\u00fan palpita en las calles, en los corredores y en los carnavales de este peque\u00f1o pa\u00eds encantador.<\/p>\n<p>El ritmo del Candombe se crea al combinar tres tambores, piano, chico y repique. Cuando estos tres tambores \u00ablevantan presi\u00f3n\u00bb, se oye algo \u00fanico, que probablemente nunca escuch\u00f3 antes. En las p\u00e1ginas siguientes podr\u00e1 o\u00edr un sonido distintivo de cada uno de estos tambores.<\/p>\n<p>CONTACTO:\u00a0\u00a0\u00a0\u00a0 SEBASTIAN SOCHI 011-15-61858106<\/p>\n<p>FEDERICO LIFSICHTZ 02324-15462047<\/p>\n<p>ERIC RAMOS02323-15494237<\/p>\n<p><strong>Fuente: Gacetilla Candombe de la Ribera<\/strong><\/p>\n<p>&nbsp;<\/p>\n","protected":false},"excerpt":{"rendered":"<p>Con gente joven de ambos sexos de la zona de Mercedes, San Andr\u00e9s de Giles, J\u00e1uregui y Lujan, \u201cCANDOMBE DE &#8230; <a title=\"Candombe de la Ribera en Corsos Mercedino\" class=\"read-more\" href=\"https:\/\/www.hoymercedes.com.ar\/principal\/2011\/03\/02\/candombe-de-la-ribera-en-corsos-mercedino\/\" aria-label=\"Leer m\u00e1s sobre Candombe de la Ribera en Corsos Mercedino\">Leer m\u00e1s<\/a><\/p>\n","protected":false},"author":1,"featured_media":0,"comment_status":"open","ping_status":"open","sticky":false,"template":"","format":"standard","meta":{"_monsterinsights_skip_tracking":false,"_monsterinsights_sitenote_active":false,"_monsterinsights_sitenote_note":"","_monsterinsights_sitenote_category":0,"jetpack_post_was_ever_published":false,"_jetpack_newsletter_access":"","_jetpack_dont_email_post_to_subs":false,"_jetpack_newsletter_tier_id":0,"_jetpack_memberships_contains_paywalled_content":false,"_jetpack_memberships_contains_paid_content":false,"footnotes":"","jetpack_publicize_message":"","jetpack_publicize_feature_enabled":true,"jetpack_social_post_already_shared":false,"jetpack_social_options":{"image_generator_settings":{"template":"highway","default_image_id":0,"font":"","enabled":false},"version":2},"_wpas_customize_per_network":false},"categories":[8],"tags":[517],"class_list":["post-2507","post","type-post","status-publish","format-standard","hentry","category-sociedad","tag-candombe-de-la-ribera","generate-columns","tablet-grid-50","mobile-grid-100","grid-parent","grid-50"],"jetpack_publicize_connections":[],"jetpack_featured_media_url":"","wps_subtitle":"","jetpack_sharing_enabled":true,"_links":{"self":[{"href":"https:\/\/www.hoymercedes.com.ar\/principal\/wp-json\/wp\/v2\/posts\/2507","targetHints":{"allow":["GET"]}}],"collection":[{"href":"https:\/\/www.hoymercedes.com.ar\/principal\/wp-json\/wp\/v2\/posts"}],"about":[{"href":"https:\/\/www.hoymercedes.com.ar\/principal\/wp-json\/wp\/v2\/types\/post"}],"author":[{"embeddable":true,"href":"https:\/\/www.hoymercedes.com.ar\/principal\/wp-json\/wp\/v2\/users\/1"}],"replies":[{"embeddable":true,"href":"https:\/\/www.hoymercedes.com.ar\/principal\/wp-json\/wp\/v2\/comments?post=2507"}],"version-history":[{"count":0,"href":"https:\/\/www.hoymercedes.com.ar\/principal\/wp-json\/wp\/v2\/posts\/2507\/revisions"}],"wp:attachment":[{"href":"https:\/\/www.hoymercedes.com.ar\/principal\/wp-json\/wp\/v2\/media?parent=2507"}],"wp:term":[{"taxonomy":"category","embeddable":true,"href":"https:\/\/www.hoymercedes.com.ar\/principal\/wp-json\/wp\/v2\/categories?post=2507"},{"taxonomy":"post_tag","embeddable":true,"href":"https:\/\/www.hoymercedes.com.ar\/principal\/wp-json\/wp\/v2\/tags?post=2507"}],"curies":[{"name":"wp","href":"https:\/\/api.w.org\/{rel}","templated":true}]}}