{"id":25114,"date":"2013-08-22T01:54:40","date_gmt":"2013-08-22T01:54:40","guid":{"rendered":"http:\/\/www.hoymercedes.com.ar\/principal\/?p=25114"},"modified":"2013-08-22T01:54:40","modified_gmt":"2013-08-22T01:54:40","slug":"teleconferencia-de-cristina-fernandez-de-kirchner-en-agrale-mercedes-que-anuncia-inversion","status":"publish","type":"post","link":"https:\/\/www.hoymercedes.com.ar\/principal\/2013\/08\/22\/teleconferencia-de-cristina-fernandez-de-kirchner-en-agrale-mercedes-que-anuncia-inversion\/","title":{"rendered":"Teleconferencia de Cristina Fern\u00e1ndez de Kirchner en AGRALE Mercedes que anuncia inversi\u00f3n"},"content":{"rendered":"<p><img loading=\"lazy\" decoding=\"async\" data-attachment-id=\"25117\" data-permalink=\"https:\/\/www.hoymercedes.com.ar\/principal\/2013\/08\/22\/teleconferencia-de-cristina-fernandez-de-kirchner-en-agrale-mercedes-que-anuncia-inversion\/actoagrale-ustarroz-ii\/#main\" data-orig-file=\"https:\/\/www.hoymercedes.com.ar\/principal\/wp-content\/uploads\/2013\/08\/ActoAgrale-Ustarroz-II.jpg\" data-orig-size=\"620,413\" data-comments-opened=\"1\" data-image-meta=\"{&quot;aperture&quot;:&quot;4&quot;,&quot;credit&quot;:&quot;&quot;,&quot;camera&quot;:&quot;Canon EOS REBEL T3i&quot;,&quot;caption&quot;:&quot;&quot;,&quot;created_timestamp&quot;:&quot;1377087129&quot;,&quot;copyright&quot;:&quot;&quot;,&quot;focal_length&quot;:&quot;21&quot;,&quot;iso&quot;:&quot;400&quot;,&quot;shutter_speed&quot;:&quot;0.016666666666667&quot;,&quot;title&quot;:&quot;&quot;}\" data-image-title=\"ActoAgrale-Ustarroz-II\" data-image-description=\"\" data-image-caption=\"\" data-large-file=\"https:\/\/www.hoymercedes.com.ar\/principal\/wp-content\/uploads\/2013\/08\/ActoAgrale-Ustarroz-II.jpg\" class=\"aligncenter size-full wp-image-25117\" alt=\"ActoAgrale-Ustarroz-II\" src=\"https:\/\/www.hoymercedes.com.ar\/principal\/wp-content\/uploads\/2013\/08\/ActoAgrale-Ustarroz-II.jpg\" width=\"620\" height=\"413\" \/><\/p>\n<p><em><strong>El primer candidato a concejal por el Frente Mercedino para la Victoria, Juan Ignacio Ustarroz, se mostr\u00f3 \u201corgulloso\u201d de haber participado como invitado en la teleconferencia que la Presidenta de la Naci\u00f3n, Cristina Fern\u00e1ndez de Kirchner, mantuvo hoy desde R\u00edo Gallegos con distintos funcionarios y directivos de Agrale para inaugurar una nueva l\u00ednea de montaje de tractores en la planta que la firma brasile\u00f1a tiene en nuestra ciudad.<\/strong><\/em><\/p>\n<p><em>\u00a0\u201cPara m\u00ed es un orgullo haber participado en esta conferencia con la Presidenta y m\u00e1s trat\u00e1ndose de un anuncio de estas caracter\u00edsticas, que va a redundar en beneficios para nuestra ciudad sobre todo en la generaci\u00f3n de puestos de trabajo\u201d<\/em>, indic\u00f3 Juan Ustarroz, agragando:\u00a0<em>\u201cEl modelo inclusivo que se impulsa desde el Estado nacional tiene, como uno de sus ejes salientes, justamente la generaci\u00f3n de empleo genuino. Este de Agrale, una empresa que asume el desaf\u00edo de crecer para producir tractores casi enteramente nacionales, es un ejemplo concreto. Nosotros creemos con firmeza que este es el camino\u201d<\/em><\/p>\n<p><img loading=\"lazy\" decoding=\"async\" data-attachment-id=\"25118\" data-permalink=\"https:\/\/www.hoymercedes.com.ar\/principal\/2013\/08\/22\/teleconferencia-de-cristina-fernandez-de-kirchner-en-agrale-mercedes-que-anuncia-inversion\/actoagrale-ustarroz-iii\/#main\" data-orig-file=\"https:\/\/www.hoymercedes.com.ar\/principal\/wp-content\/uploads\/2013\/08\/ActoAgrale-Ustarroz-III.jpg\" data-orig-size=\"620,413\" data-comments-opened=\"1\" data-image-meta=\"{&quot;aperture&quot;:&quot;5.6&quot;,&quot;credit&quot;:&quot;&quot;,&quot;camera&quot;:&quot;Canon EOS REBEL T3i&quot;,&quot;caption&quot;:&quot;&quot;,&quot;created_timestamp&quot;:&quot;1377087706&quot;,&quot;copyright&quot;:&quot;&quot;,&quot;focal_length&quot;:&quot;50&quot;,&quot;iso&quot;:&quot;400&quot;,&quot;shutter_speed&quot;:&quot;0.016666666666667&quot;,&quot;title&quot;:&quot;&quot;}\" data-image-title=\"ActoAgrale-Ustarroz-III\" data-image-description=\"\" data-image-caption=\"\" data-large-file=\"https:\/\/www.hoymercedes.com.ar\/principal\/wp-content\/uploads\/2013\/08\/ActoAgrale-Ustarroz-III.jpg\" class=\"aligncenter size-full wp-image-25118\" alt=\"ActoAgrale-Ustarroz-III\" src=\"https:\/\/www.hoymercedes.com.ar\/principal\/wp-content\/uploads\/2013\/08\/ActoAgrale-Ustarroz-III.jpg\" width=\"620\" height=\"413\" srcset=\"https:\/\/www.hoymercedes.com.ar\/principal\/wp-content\/uploads\/2013\/08\/ActoAgrale-Ustarroz-III.jpg 620w, https:\/\/www.hoymercedes.com.ar\/principal\/wp-content\/uploads\/2013\/08\/ActoAgrale-Ustarroz-III-300x199.jpg 300w\" sizes=\"auto, (max-width: 620px) 100vw, 620px\" \/><\/p>\n<p>La inversi\u00f3n que los directivos de Agrale anunciaron en teleconferencia con la Presidenta de la Naci\u00f3n alcanza los 70 millones de pesos y generar\u00e1 unos 30 puestos de trabajo<em>. \u201cSon 30 vecinos que pueden acceder a un empleo seguro, con todos los beneficios de la ley, con la dignidad que eso representa para sus vidas y las de sus familias. Desde nuestro lugar tratamos de gestionar en este mismo sentido, dando a conocer las herramientas que existen desde los distintos organismos del Estado, ofreciendo charlas y capacitaciones, orientando a los j\u00f3venes emprendedores.Sumando para tener una ciudad mejor\u201d.<\/em><\/p>\n<p>Ustarroz estuvo como invitado junto con distintos directivos de la firma; la diputada nacional Mar\u00eda Teresa Garc\u00eda; y el secretario de Industria, Javier Rando.<\/p>\n<p>Quienes dialogaron con la Presidenta fueron el gerente comercial de Agrale, Ignacio Armand\u00e1riz; la diputada Garc\u00eda; y Ram\u00f3n, un empleado de 28 a\u00f1os de edad que lleva ya tres a\u00f1os y media de experiencia en la planta.<\/p>\n<p><img loading=\"lazy\" decoding=\"async\" data-attachment-id=\"25116\" data-permalink=\"https:\/\/www.hoymercedes.com.ar\/principal\/2013\/08\/22\/teleconferencia-de-cristina-fernandez-de-kirchner-en-agrale-mercedes-que-anuncia-inversion\/actoagrale-ustarroz\/#main\" data-orig-file=\"https:\/\/www.hoymercedes.com.ar\/principal\/wp-content\/uploads\/2013\/08\/ActoAgrale-Ustarroz.jpg\" data-orig-size=\"620,413\" data-comments-opened=\"1\" data-image-meta=\"{&quot;aperture&quot;:&quot;4.5&quot;,&quot;credit&quot;:&quot;&quot;,&quot;camera&quot;:&quot;Canon EOS REBEL T3i&quot;,&quot;caption&quot;:&quot;&quot;,&quot;created_timestamp&quot;:&quot;1377088073&quot;,&quot;copyright&quot;:&quot;&quot;,&quot;focal_length&quot;:&quot;37&quot;,&quot;iso&quot;:&quot;400&quot;,&quot;shutter_speed&quot;:&quot;0.016666666666667&quot;,&quot;title&quot;:&quot;&quot;}\" data-image-title=\"ActoAgrale-Ustarroz\" data-image-description=\"\" data-image-caption=\"\" data-large-file=\"https:\/\/www.hoymercedes.com.ar\/principal\/wp-content\/uploads\/2013\/08\/ActoAgrale-Ustarroz.jpg\" class=\"aligncenter size-full wp-image-25116\" alt=\"ActoAgrale-Ustarroz\" src=\"https:\/\/www.hoymercedes.com.ar\/principal\/wp-content\/uploads\/2013\/08\/ActoAgrale-Ustarroz.jpg\" width=\"620\" height=\"413\" srcset=\"https:\/\/www.hoymercedes.com.ar\/principal\/wp-content\/uploads\/2013\/08\/ActoAgrale-Ustarroz.jpg 620w, https:\/\/www.hoymercedes.com.ar\/principal\/wp-content\/uploads\/2013\/08\/ActoAgrale-Ustarroz-300x199.jpg 300w\" sizes=\"auto, (max-width: 620px) 100vw, 620px\" \/><\/p>\n<p>&nbsp;<\/p>\n<p>Armend\u00e1riz explic\u00f3:\u00a0 <em>\u201cCon esta nueva l\u00ednea de montaje esperamos, en unos meses, fabricar aqu\u00ed\u00a0entre el ochenta y el noventa por ciento de los componentes de los tractores\u201d <\/em>comentando\u00a0<em>\u201cNuestra idea es posicionarnos dentro del mercado interno. Tenemos gente especializada en el tema y la intenci\u00f3n de seguir creciendo \u2013continu\u00f3-.\u00a0 De los 120 tractores previstos para primer a\u00f1o, proyectamos la posibilidad de llegar a 600 unidades anuales en 2018, por un valor de mercado que oscila entre los 250 millones y los 300 millones de pesos\u201d.<\/em><\/p>\n<p>Agrale, que ya produce dos modelos de camiones livianos y cinco de chasis de colectivos de corta distancia, ya alcanz\u00f3 un 48% de integraci\u00f3n de componentes nacionales. Tiene m\u00e1s de 100 empleados y sus ventas vienen creciendo ininterrumpidamente desde 2003.<\/p>\n<p>La diputada Garc\u00eda, por su parte, destac\u00f3\u00a0\u201cla notoria juventud\u201d\u00a0que domina entre los operarios de Agrale, de los cuales uno, Ram\u00f3n, tambi\u00e9n dialog\u00f3 con la Presidenta.<\/p>\n<p><em>\u201cNos pone muy contentos inaugurar una nueva l\u00ednea de producci\u00f3n \u2013destac\u00f3 Cristina Fern\u00e1ndez de Kirchner desde R\u00edo Gallegos, donde encabez\u00f3 el acto para la adjudicaci\u00f3n de la construcci\u00f3n de las represas Presidente N\u00e9stor Kirchner y Gobernador Jorge Cepernic-. Desde hace varios a\u00f1os venimos trabajando con una integraci\u00f3n cada vez m\u00e1s importante en materia de autopartes y es necesario seguir incentiv\u00e1ndolo\u201d.<\/em><\/p>\n<p><span style=\"color: #888888;\">Fuente: Frente Mercedino<\/span><\/p>\n","protected":false},"excerpt":{"rendered":"<p>El primer candidato a concejal por el Frente Mercedino para la Victoria, Juan Ignacio Ustarroz, se mostr\u00f3 \u201corgulloso\u201d de haber &#8230; <a title=\"Teleconferencia de Cristina Fern\u00e1ndez de Kirchner en AGRALE Mercedes que anuncia inversi\u00f3n\" class=\"read-more\" href=\"https:\/\/www.hoymercedes.com.ar\/principal\/2013\/08\/22\/teleconferencia-de-cristina-fernandez-de-kirchner-en-agrale-mercedes-que-anuncia-inversion\/\" aria-label=\"Leer m\u00e1s sobre Teleconferencia de Cristina Fern\u00e1ndez de Kirchner en AGRALE Mercedes que anuncia inversi\u00f3n\">Leer m\u00e1s<\/a><\/p>\n","protected":false},"author":1,"featured_media":0,"comment_status":"open","ping_status":"open","sticky":false,"template":"","format":"standard","meta":{"_monsterinsights_skip_tracking":false,"_monsterinsights_sitenote_active":false,"_monsterinsights_sitenote_note":"","_monsterinsights_sitenote_category":0,"jetpack_post_was_ever_published":false,"_jetpack_newsletter_access":"","_jetpack_dont_email_post_to_subs":false,"_jetpack_newsletter_tier_id":0,"_jetpack_memberships_contains_paywalled_content":false,"_jetpack_memberships_contains_paid_content":false,"footnotes":"","jetpack_publicize_message":"","jetpack_publicize_feature_enabled":true,"jetpack_social_post_already_shared":true,"jetpack_social_options":{"image_generator_settings":{"template":"highway","default_image_id":0,"font":"","enabled":false},"version":2},"_wpas_customize_per_network":false},"categories":[5],"tags":[950,1157,585],"class_list":["post-25114","post","type-post","status-publish","format-standard","hentry","category-politica","tag-agrale","tag-cristina-fernandez-de-kirchner","tag-juan-ustarroz","generate-columns","tablet-grid-50","mobile-grid-100","grid-parent","grid-50"],"jetpack_publicize_connections":[],"jetpack_featured_media_url":"","wps_subtitle":"","jetpack_sharing_enabled":true,"_links":{"self":[{"href":"https:\/\/www.hoymercedes.com.ar\/principal\/wp-json\/wp\/v2\/posts\/25114","targetHints":{"allow":["GET"]}}],"collection":[{"href":"https:\/\/www.hoymercedes.com.ar\/principal\/wp-json\/wp\/v2\/posts"}],"about":[{"href":"https:\/\/www.hoymercedes.com.ar\/principal\/wp-json\/wp\/v2\/types\/post"}],"author":[{"embeddable":true,"href":"https:\/\/www.hoymercedes.com.ar\/principal\/wp-json\/wp\/v2\/users\/1"}],"replies":[{"embeddable":true,"href":"https:\/\/www.hoymercedes.com.ar\/principal\/wp-json\/wp\/v2\/comments?post=25114"}],"version-history":[{"count":0,"href":"https:\/\/www.hoymercedes.com.ar\/principal\/wp-json\/wp\/v2\/posts\/25114\/revisions"}],"wp:attachment":[{"href":"https:\/\/www.hoymercedes.com.ar\/principal\/wp-json\/wp\/v2\/media?parent=25114"}],"wp:term":[{"taxonomy":"category","embeddable":true,"href":"https:\/\/www.hoymercedes.com.ar\/principal\/wp-json\/wp\/v2\/categories?post=25114"},{"taxonomy":"post_tag","embeddable":true,"href":"https:\/\/www.hoymercedes.com.ar\/principal\/wp-json\/wp\/v2\/tags?post=25114"}],"curies":[{"name":"wp","href":"https:\/\/api.w.org\/{rel}","templated":true}]}}