{"id":25162,"date":"2013-08-24T03:35:16","date_gmt":"2013-08-24T03:35:16","guid":{"rendered":"http:\/\/www.hoymercedes.com.ar\/principal\/?p=25162"},"modified":"2013-08-24T03:35:16","modified_gmt":"2013-08-24T03:35:16","slug":"fuga-gran-movilizacion-de-fuerzas-de-seguridad-y-operativo-cerrojo","status":"publish","type":"post","link":"https:\/\/www.hoymercedes.com.ar\/principal\/2013\/08\/24\/fuga-gran-movilizacion-de-fuerzas-de-seguridad-y-operativo-cerrojo\/","title":{"rendered":"Fuga: gran movilizaci\u00f3n de fuerzas de seguridad y operativo cerrojo"},"content":{"rendered":"<p><img loading=\"lazy\" decoding=\"async\" data-attachment-id=\"25166\" data-permalink=\"https:\/\/www.hoymercedes.com.ar\/principal\/2013\/08\/24\/fuga-gran-movilizacion-de-fuerzas-de-seguridad-y-operativo-cerrojo\/carcel-23-08-2013-fuga-iv\/#main\" data-orig-file=\"https:\/\/www.hoymercedes.com.ar\/principal\/wp-content\/uploads\/2013\/08\/C\u00e1rcel.23.08.2013-Fuga-IV.jpg\" data-orig-size=\"620,465\" data-comments-opened=\"1\" data-image-meta=\"{&quot;aperture&quot;:&quot;2.8&quot;,&quot;credit&quot;:&quot;&quot;,&quot;camera&quot;:&quot;LG-E451g&quot;,&quot;caption&quot;:&quot;&quot;,&quot;created_timestamp&quot;:&quot;1377299294&quot;,&quot;copyright&quot;:&quot;&quot;,&quot;focal_length&quot;:&quot;3.5&quot;,&quot;iso&quot;:&quot;1101&quot;,&quot;shutter_speed&quot;:&quot;0.110009&quot;,&quot;title&quot;:&quot;&quot;}\" data-image-title=\"C\u00e1rcel.23.08.2013-Fuga-IV\" data-image-description=\"\" data-image-caption=\"\" data-large-file=\"https:\/\/www.hoymercedes.com.ar\/principal\/wp-content\/uploads\/2013\/08\/C\u00e1rcel.23.08.2013-Fuga-IV.jpg\" class=\"aligncenter size-full wp-image-25166\" style=\"margin-left: auto; margin-right: auto; text-align: start;\" alt=\"C\u00e1rcel.23.08.2013-Fuga-IV\" src=\"https:\/\/www.hoymercedes.com.ar\/principal\/wp-content\/uploads\/2013\/08\/C\u00e1rcel.23.08.2013-Fuga-IV.jpg\" width=\"620\" height=\"465\" \/><\/p>\n<p><em><strong>Antes de medianoche el despliegue de m\u00f3viles, personal caminando, en autos particulares y en comunicaci\u00f3n con otras fuerzas era destacado. En la Unidad N\u00b05 todo era movimiento en la b\u00fasqueda de dos internos que se dieron a la fuga desde, seg\u00fan trascendidos, los techos.<\/strong><\/em><\/p>\n<p>El operativo cerrojo que se realiz\u00f3 incluy\u00f3 alertas a las ciudades vecinas para que pongan a disposici\u00f3n de la cuesti\u00f3n efectivos y m\u00f3viles para que est\u00e9n alerta a cualquier cuesti\u00f3n sospechosa. Las rutas, estaciones, paradas de micros estaban siendo vigiladas atentamente.<\/p>\n<p>Se supo que ten\u00edan, al menos uno de ellos, pantal\u00f3n negro y buzo gris a la vez que pose\u00edan gorras negra y blanca el otro.<\/p>\n<p>Por su parte los efectivos se movilizaban en autos oficiales y particulares, caminando en las inmediaciones de la unidad penitenciaria y en motocicletas.<\/p>\n<p>Las fuerzas de seguridad contaban con identikits para hacer m\u00e1s sencilla la tarea.<\/p>\n<p>&nbsp;<\/p>\n<figure id=\"attachment_25165\" aria-describedby=\"caption-attachment-25165\" style=\"width: 610px\" class=\"wp-caption aligncenter\"><a href=\"https:\/\/www.hoymercedes.com.ar\/principal\/wp-content\/uploads\/2013\/08\/C\u00e1rcel.23.08.2013-Fuga-II.jpg\"><img loading=\"lazy\" decoding=\"async\" data-attachment-id=\"25165\" data-permalink=\"https:\/\/www.hoymercedes.com.ar\/principal\/2013\/08\/24\/fuga-gran-movilizacion-de-fuerzas-de-seguridad-y-operativo-cerrojo\/carcel-23-08-2013-fuga-ii\/#main\" data-orig-file=\"https:\/\/www.hoymercedes.com.ar\/principal\/wp-content\/uploads\/2013\/08\/C\u00e1rcel.23.08.2013-Fuga-II.jpg\" data-orig-size=\"620,465\" data-comments-opened=\"1\" data-image-meta=\"{&quot;aperture&quot;:&quot;2.8&quot;,&quot;credit&quot;:&quot;&quot;,&quot;camera&quot;:&quot;LG-E451g&quot;,&quot;caption&quot;:&quot;&quot;,&quot;created_timestamp&quot;:&quot;1377299263&quot;,&quot;copyright&quot;:&quot;&quot;,&quot;focal_length&quot;:&quot;3.5&quot;,&quot;iso&quot;:&quot;1101&quot;,&quot;shutter_speed&quot;:&quot;0.110009&quot;,&quot;title&quot;:&quot;&quot;}\" data-image-title=\"C\u00e1rcel.23.08.2013-Fuga-II\" data-image-description=\"\" data-image-caption=\"\" data-large-file=\"https:\/\/www.hoymercedes.com.ar\/principal\/wp-content\/uploads\/2013\/08\/C\u00e1rcel.23.08.2013-Fuga-II.jpg\" class=\"size-full wp-image-25165\" alt=\"C\u00e1rcel.23.08.2013-Fuga-II\" src=\"https:\/\/www.hoymercedes.com.ar\/principal\/wp-content\/uploads\/2013\/08\/C\u00e1rcel.23.08.2013-Fuga-II.jpg\" width=\"620\" height=\"465\" srcset=\"https:\/\/www.hoymercedes.com.ar\/principal\/wp-content\/uploads\/2013\/08\/C\u00e1rcel.23.08.2013-Fuga-II.jpg 620w, https:\/\/www.hoymercedes.com.ar\/principal\/wp-content\/uploads\/2013\/08\/C\u00e1rcel.23.08.2013-Fuga-II-300x225.jpg 300w\" sizes=\"auto, (max-width: 620px) 100vw, 620px\" \/><\/a><figcaption id=\"caption-attachment-25165\" class=\"wp-caption-text\">Fuga Unidad N\u00b05<\/figcaption><\/figure>\n","protected":false},"excerpt":{"rendered":"<p>Antes de medianoche el despliegue de m\u00f3viles, personal caminando, en autos particulares y en comunicaci\u00f3n con otras fuerzas era destacado. &#8230; <a title=\"Fuga: gran movilizaci\u00f3n de fuerzas de seguridad y operativo cerrojo\" class=\"read-more\" href=\"https:\/\/www.hoymercedes.com.ar\/principal\/2013\/08\/24\/fuga-gran-movilizacion-de-fuerzas-de-seguridad-y-operativo-cerrojo\/\" aria-label=\"Leer m\u00e1s sobre Fuga: gran movilizaci\u00f3n de fuerzas de seguridad y operativo cerrojo\">Leer m\u00e1s<\/a><\/p>\n","protected":false},"author":1,"featured_media":0,"comment_status":"open","ping_status":"open","sticky":false,"template":"","format":"standard","meta":{"_monsterinsights_skip_tracking":false,"_monsterinsights_sitenote_active":false,"_monsterinsights_sitenote_note":"","_monsterinsights_sitenote_category":0,"jetpack_post_was_ever_published":false,"_jetpack_newsletter_access":"","_jetpack_dont_email_post_to_subs":false,"_jetpack_newsletter_tier_id":0,"_jetpack_memberships_contains_paywalled_content":false,"_jetpack_memberships_contains_paid_content":false,"footnotes":"","jetpack_publicize_message":"","jetpack_publicize_feature_enabled":true,"jetpack_social_post_already_shared":true,"jetpack_social_options":{"image_generator_settings":{"template":"highway","default_image_id":0,"font":"","enabled":false},"version":2},"_wpas_customize_per_network":false},"categories":[85],"tags":[3799,113],"class_list":["post-25162","post","type-post","status-publish","format-standard","hentry","category-policial","tag-fuga-de-presos","tag-unidad-5","generate-columns","tablet-grid-50","mobile-grid-100","grid-parent","grid-50"],"jetpack_publicize_connections":[],"jetpack_featured_media_url":"","wps_subtitle":"","jetpack_sharing_enabled":true,"_links":{"self":[{"href":"https:\/\/www.hoymercedes.com.ar\/principal\/wp-json\/wp\/v2\/posts\/25162","targetHints":{"allow":["GET"]}}],"collection":[{"href":"https:\/\/www.hoymercedes.com.ar\/principal\/wp-json\/wp\/v2\/posts"}],"about":[{"href":"https:\/\/www.hoymercedes.com.ar\/principal\/wp-json\/wp\/v2\/types\/post"}],"author":[{"embeddable":true,"href":"https:\/\/www.hoymercedes.com.ar\/principal\/wp-json\/wp\/v2\/users\/1"}],"replies":[{"embeddable":true,"href":"https:\/\/www.hoymercedes.com.ar\/principal\/wp-json\/wp\/v2\/comments?post=25162"}],"version-history":[{"count":0,"href":"https:\/\/www.hoymercedes.com.ar\/principal\/wp-json\/wp\/v2\/posts\/25162\/revisions"}],"wp:attachment":[{"href":"https:\/\/www.hoymercedes.com.ar\/principal\/wp-json\/wp\/v2\/media?parent=25162"}],"wp:term":[{"taxonomy":"category","embeddable":true,"href":"https:\/\/www.hoymercedes.com.ar\/principal\/wp-json\/wp\/v2\/categories?post=25162"},{"taxonomy":"post_tag","embeddable":true,"href":"https:\/\/www.hoymercedes.com.ar\/principal\/wp-json\/wp\/v2\/tags?post=25162"}],"curies":[{"name":"wp","href":"https:\/\/api.w.org\/{rel}","templated":true}]}}