{"id":25180,"date":"2013-08-25T01:06:34","date_gmt":"2013-08-25T01:06:34","guid":{"rendered":"http:\/\/www.hoymercedes.com.ar\/principal\/?p=25180"},"modified":"2013-08-25T01:06:34","modified_gmt":"2013-08-25T01:06:34","slug":"fuga-u5-sin-novedades-en-la-busqueda-de-los-internos","status":"publish","type":"post","link":"https:\/\/www.hoymercedes.com.ar\/principal\/2013\/08\/25\/fuga-u5-sin-novedades-en-la-busqueda-de-los-internos\/","title":{"rendered":"Fuga U5: sin novedades en la b\u00fasqueda de los internos"},"content":{"rendered":"<figure id=\"attachment_25182\" aria-describedby=\"caption-attachment-25182\" style=\"width: 610px\" class=\"wp-caption aligncenter\"><a href=\"https:\/\/www.hoymercedes.com.ar\/principal\/wp-content\/uploads\/2013\/08\/C\u00e1rcel.23.08.2013-Fuga-III.jpg\"><img loading=\"lazy\" decoding=\"async\" data-attachment-id=\"25182\" data-permalink=\"https:\/\/www.hoymercedes.com.ar\/principal\/2013\/08\/25\/fuga-u5-sin-novedades-en-la-busqueda-de-los-internos\/carcel-23-08-2013-fuga-iii\/#main\" data-orig-file=\"https:\/\/www.hoymercedes.com.ar\/principal\/wp-content\/uploads\/2013\/08\/C\u00e1rcel.23.08.2013-Fuga-III.jpg\" data-orig-size=\"620,465\" data-comments-opened=\"1\" data-image-meta=\"{&quot;aperture&quot;:&quot;2.8&quot;,&quot;credit&quot;:&quot;&quot;,&quot;camera&quot;:&quot;LG-E451g&quot;,&quot;caption&quot;:&quot;&quot;,&quot;created_timestamp&quot;:&quot;1377299272&quot;,&quot;copyright&quot;:&quot;&quot;,&quot;focal_length&quot;:&quot;3.5&quot;,&quot;iso&quot;:&quot;1101&quot;,&quot;shutter_speed&quot;:&quot;0.110009&quot;,&quot;title&quot;:&quot;&quot;}\" data-image-title=\"C\u00e1rcel.23.08.2013-Fuga-III\" data-image-description=\"\" data-image-caption=\"\" data-large-file=\"https:\/\/www.hoymercedes.com.ar\/principal\/wp-content\/uploads\/2013\/08\/C\u00e1rcel.23.08.2013-Fuga-III.jpg\" class=\"size-full wp-image-25182\" alt=\"C\u00e1rcel.23.08.2013-Fuga-III\" src=\"https:\/\/www.hoymercedes.com.ar\/principal\/wp-content\/uploads\/2013\/08\/C\u00e1rcel.23.08.2013-Fuga-III.jpg\" width=\"620\" height=\"465\" \/><\/a><figcaption id=\"caption-attachment-25182\" class=\"wp-caption-text\">Unidad N\u00b05<\/figcaption><\/figure>\n<p><em><strong>La Unidad N\u00b05 contin\u00faa en estado de alerta por la fuga de internos vivida durante la tarde de \u00e9ste viernes. Como se inform\u00f3 oportunamente se efectu\u00f3 una gran movilizaci\u00f3n de efectivos y un operativo cerrojo que a 24hs de acontecido el hecho no ha arrojado resultados positivos.<\/strong><\/em><\/p>\n<p>Un dato que en las \u00faltimas horas circul\u00f3 es el potencial nombre de los fugados, se tratar\u00eda de un sujeto de 28 y 0tro de 35 a\u00f1os de edad que se llamar\u00edan Luciano Navarro C\u00f3rdoba y Leonardo Castro Silva.<\/p>\n<p>El movimiento de personal, el estado de alerta efectuado a ciudades vecinas, el rastreo inmediato por locaciones como La Trocha, los terrenos detr\u00e1s de Guilford, las estaciones de trenes, terminal, etc, no arroj\u00f3 en las horas inmediatas de sucedido el hecho resultados. A medida que pasan las horas se complica la cuesti\u00f3n.<\/p>\n<p>Extra oficialmente est\u00e1n quienes piensan que no abandonaron la ciudad y que se mantienen ocultos. Otros, m\u00e1s arriesgados, especulan con que se habr\u00edan ya alejado de nuestra comuna.<\/p>\n<p>La b\u00fasqueda continuar\u00e1, afirman fuentes no oficiales.<\/p>\n","protected":false},"excerpt":{"rendered":"<p>La Unidad N\u00b05 contin\u00faa en estado de alerta por la fuga de internos vivida durante la tarde de \u00e9ste viernes. &#8230; <a title=\"Fuga U5: sin novedades en la b\u00fasqueda de los internos\" class=\"read-more\" href=\"https:\/\/www.hoymercedes.com.ar\/principal\/2013\/08\/25\/fuga-u5-sin-novedades-en-la-busqueda-de-los-internos\/\" aria-label=\"Leer m\u00e1s sobre Fuga U5: sin novedades en la b\u00fasqueda de los internos\">Leer m\u00e1s<\/a><\/p>\n","protected":false},"author":1,"featured_media":0,"comment_status":"open","ping_status":"open","sticky":false,"template":"","format":"standard","meta":{"_monsterinsights_skip_tracking":false,"_monsterinsights_sitenote_active":false,"_monsterinsights_sitenote_note":"","_monsterinsights_sitenote_category":0,"jetpack_post_was_ever_published":false,"_jetpack_newsletter_access":"","_jetpack_dont_email_post_to_subs":false,"_jetpack_newsletter_tier_id":0,"_jetpack_memberships_contains_paywalled_content":false,"_jetpack_memberships_contains_paid_content":false,"footnotes":"","jetpack_publicize_message":"","jetpack_publicize_feature_enabled":true,"jetpack_social_post_already_shared":true,"jetpack_social_options":{"image_generator_settings":{"template":"highway","default_image_id":0,"font":"","enabled":false},"version":2},"_wpas_customize_per_network":false},"categories":[85],"tags":[3803,3802],"class_list":["post-25180","post","type-post","status-publish","format-standard","hentry","category-policial","tag-fuga-de-presos-mercedes","tag-fuga-unidad-n5","generate-columns","tablet-grid-50","mobile-grid-100","grid-parent","grid-50"],"jetpack_publicize_connections":[],"jetpack_featured_media_url":"","wps_subtitle":"","jetpack_sharing_enabled":true,"_links":{"self":[{"href":"https:\/\/www.hoymercedes.com.ar\/principal\/wp-json\/wp\/v2\/posts\/25180","targetHints":{"allow":["GET"]}}],"collection":[{"href":"https:\/\/www.hoymercedes.com.ar\/principal\/wp-json\/wp\/v2\/posts"}],"about":[{"href":"https:\/\/www.hoymercedes.com.ar\/principal\/wp-json\/wp\/v2\/types\/post"}],"author":[{"embeddable":true,"href":"https:\/\/www.hoymercedes.com.ar\/principal\/wp-json\/wp\/v2\/users\/1"}],"replies":[{"embeddable":true,"href":"https:\/\/www.hoymercedes.com.ar\/principal\/wp-json\/wp\/v2\/comments?post=25180"}],"version-history":[{"count":0,"href":"https:\/\/www.hoymercedes.com.ar\/principal\/wp-json\/wp\/v2\/posts\/25180\/revisions"}],"wp:attachment":[{"href":"https:\/\/www.hoymercedes.com.ar\/principal\/wp-json\/wp\/v2\/media?parent=25180"}],"wp:term":[{"taxonomy":"category","embeddable":true,"href":"https:\/\/www.hoymercedes.com.ar\/principal\/wp-json\/wp\/v2\/categories?post=25180"},{"taxonomy":"post_tag","embeddable":true,"href":"https:\/\/www.hoymercedes.com.ar\/principal\/wp-json\/wp\/v2\/tags?post=25180"}],"curies":[{"name":"wp","href":"https:\/\/api.w.org\/{rel}","templated":true}]}}