{"id":25189,"date":"2013-08-25T01:57:32","date_gmt":"2013-08-25T01:57:32","guid":{"rendered":"http:\/\/www.hoymercedes.com.ar\/principal\/?p=25189"},"modified":"2013-08-25T01:57:32","modified_gmt":"2013-08-25T01:57:32","slug":"u5-en-bragado-se-realizaron-requisas-en-busqueda-de-fugado","status":"publish","type":"post","link":"https:\/\/www.hoymercedes.com.ar\/principal\/2013\/08\/25\/u5-en-bragado-se-realizaron-requisas-en-busqueda-de-fugado\/","title":{"rendered":"U5: En Bragado se realizaron requisas en b\u00fasqueda de fugado"},"content":{"rendered":"<figure id=\"attachment_25191\" aria-describedby=\"caption-attachment-25191\" style=\"width: 610px\" class=\"wp-caption aligncenter\"><a href=\"https:\/\/www.hoymercedes.com.ar\/principal\/wp-content\/uploads\/2013\/08\/C\u00e1rcel.23.08.2013-Fuga-VI.jpg\"><img loading=\"lazy\" decoding=\"async\" data-attachment-id=\"25191\" data-permalink=\"https:\/\/www.hoymercedes.com.ar\/principal\/2013\/08\/25\/u5-en-bragado-se-realizaron-requisas-en-busqueda-de-fugado\/carcel-23-08-2013-fuga-vi\/#main\" data-orig-file=\"https:\/\/www.hoymercedes.com.ar\/principal\/wp-content\/uploads\/2013\/08\/C\u00e1rcel.23.08.2013-Fuga-VI.jpg\" data-orig-size=\"620,339\" data-comments-opened=\"1\" data-image-meta=\"{&quot;aperture&quot;:&quot;2.8&quot;,&quot;credit&quot;:&quot;&quot;,&quot;camera&quot;:&quot;LG-E451g&quot;,&quot;caption&quot;:&quot;&quot;,&quot;created_timestamp&quot;:&quot;1377299429&quot;,&quot;copyright&quot;:&quot;&quot;,&quot;focal_length&quot;:&quot;3.5&quot;,&quot;iso&quot;:&quot;1101&quot;,&quot;shutter_speed&quot;:&quot;0.110009&quot;,&quot;title&quot;:&quot;&quot;}\" data-image-title=\"C\u00e1rcel.23.08.2013-Fuga-VI\" data-image-description=\"\" data-image-caption=\"\" data-large-file=\"https:\/\/www.hoymercedes.com.ar\/principal\/wp-content\/uploads\/2013\/08\/C\u00e1rcel.23.08.2013-Fuga-VI.jpg\" class=\"size-full wp-image-25191\" alt=\"Fuga Unidad N\u00b05\" src=\"https:\/\/www.hoymercedes.com.ar\/principal\/wp-content\/uploads\/2013\/08\/C\u00e1rcel.23.08.2013-Fuga-VI.jpg\" width=\"620\" height=\"339\" \/><\/a><figcaption id=\"caption-attachment-25191\" class=\"wp-caption-text\">Fuga Unidad N\u00b05<\/figcaption><\/figure>\n<p><strong><em>La b\u00fasqueda de los presos que lograron escaparse de la Unidad N\u00b05 de Mercedes se extendi\u00f3 como se supo a diversas localidades en especial en sitios donde se especul\u00f3 por parte de los investigadores del hecho si ser\u00edan futuros espacios de refugios o bien para obtener datos que ayuden al rastreo. Bragado fue una de las ciudades donde personal del Servicio penitenciario actu\u00f3.<\/em><\/strong><\/p>\n<p>Durante la noche de ayer la ciudad de Bragado vivi\u00f3 las repercusiones de la fuga dado que requisaron las viviendas de familiares de los pr\u00f3fugos. Durante la madrugada agentes del Servicio Penitencio requisaron dos viviendas ubicadas en el barrio \u00abSanta Marta\u00bb buscando datos de Luciano Navarro C\u00f3rdoba de 26 a\u00f1os de edad. A su vez desde dicha localidad medios de prensa investigan si no hab\u00eda entre una guardia c\u00e1rcel y un procesado alguna relaci\u00f3n personal de tipo amorosa.<\/p>\n<p>Se requisaron viviendas ubicadas en 9 de Julio al 600 y en la calle Chivilcoy. Las versiones sostienen que uno de los fugados estar\u00eda en concubinato con una guardia c\u00e1rcel oriunda de la ciudad de Alberti y es de all\u00ed que anoche circul\u00f3 con fuerza que en dicha localidad tambi\u00e9n estaban alertas ante el posible arribo del fugado. Seg\u00fan estas expresiones la agente debi\u00f3 prestar declaraci\u00f3n por la ma\u00f1ana de \u00e9ste s\u00e1bado.<\/p>\n<p>El sujeto que se busc\u00f3 en Bragado estaba detenido por robo con tentativa de homicidio en un acontecimiento vivido a\u00f1os atr\u00e1s en \u00abMechita\u00bb cuando en un conflicto familiar hiri\u00f3 de arma blanca a un familiar. Se lo considera de peligrosidad al joven de 26 a\u00f1os, sostuvo el sitio de noticias \u00abBragado Informa\u00bb.<\/p>\n<p>&nbsp;<\/p>\n<p>&nbsp;<\/p>\n","protected":false},"excerpt":{"rendered":"<p>La b\u00fasqueda de los presos que lograron escaparse de la Unidad N\u00b05 de Mercedes se extendi\u00f3 como se supo a &#8230; <a title=\"U5: En Bragado se realizaron requisas en b\u00fasqueda de fugado\" class=\"read-more\" href=\"https:\/\/www.hoymercedes.com.ar\/principal\/2013\/08\/25\/u5-en-bragado-se-realizaron-requisas-en-busqueda-de-fugado\/\" aria-label=\"Leer m\u00e1s sobre U5: En Bragado se realizaron requisas en b\u00fasqueda de fugado\">Leer m\u00e1s<\/a><\/p>\n","protected":false},"author":1,"featured_media":0,"comment_status":"open","ping_status":"open","sticky":false,"template":"","format":"standard","meta":{"_monsterinsights_skip_tracking":false,"_monsterinsights_sitenote_active":false,"_monsterinsights_sitenote_note":"","_monsterinsights_sitenote_category":0,"jetpack_post_was_ever_published":false,"_jetpack_newsletter_access":"","_jetpack_dont_email_post_to_subs":false,"_jetpack_newsletter_tier_id":0,"_jetpack_memberships_contains_paywalled_content":false,"_jetpack_memberships_contains_paid_content":false,"footnotes":"","jetpack_publicize_message":"","jetpack_publicize_feature_enabled":true,"jetpack_social_post_already_shared":true,"jetpack_social_options":{"image_generator_settings":{"template":"highway","default_image_id":0,"font":"","enabled":false},"version":2},"_wpas_customize_per_network":false},"categories":[85],"tags":[3804],"class_list":["post-25189","post","type-post","status-publish","format-standard","hentry","category-policial","tag-fuga-unidad-5","generate-columns","tablet-grid-50","mobile-grid-100","grid-parent","grid-50"],"jetpack_publicize_connections":[],"jetpack_featured_media_url":"","wps_subtitle":"","jetpack_sharing_enabled":true,"_links":{"self":[{"href":"https:\/\/www.hoymercedes.com.ar\/principal\/wp-json\/wp\/v2\/posts\/25189","targetHints":{"allow":["GET"]}}],"collection":[{"href":"https:\/\/www.hoymercedes.com.ar\/principal\/wp-json\/wp\/v2\/posts"}],"about":[{"href":"https:\/\/www.hoymercedes.com.ar\/principal\/wp-json\/wp\/v2\/types\/post"}],"author":[{"embeddable":true,"href":"https:\/\/www.hoymercedes.com.ar\/principal\/wp-json\/wp\/v2\/users\/1"}],"replies":[{"embeddable":true,"href":"https:\/\/www.hoymercedes.com.ar\/principal\/wp-json\/wp\/v2\/comments?post=25189"}],"version-history":[{"count":0,"href":"https:\/\/www.hoymercedes.com.ar\/principal\/wp-json\/wp\/v2\/posts\/25189\/revisions"}],"wp:attachment":[{"href":"https:\/\/www.hoymercedes.com.ar\/principal\/wp-json\/wp\/v2\/media?parent=25189"}],"wp:term":[{"taxonomy":"category","embeddable":true,"href":"https:\/\/www.hoymercedes.com.ar\/principal\/wp-json\/wp\/v2\/categories?post=25189"},{"taxonomy":"post_tag","embeddable":true,"href":"https:\/\/www.hoymercedes.com.ar\/principal\/wp-json\/wp\/v2\/tags?post=25189"}],"curies":[{"name":"wp","href":"https:\/\/api.w.org\/{rel}","templated":true}]}}