{"id":25193,"date":"2013-08-25T19:28:12","date_gmt":"2013-08-25T19:28:12","guid":{"rendered":"http:\/\/www.hoymercedes.com.ar\/principal\/?p=25193"},"modified":"2013-08-25T19:28:12","modified_gmt":"2013-08-25T19:28:12","slug":"zuccaro-intendente-de-pilar-se-reunio-con-selva-como-mercedes","status":"publish","type":"post","link":"https:\/\/www.hoymercedes.com.ar\/principal\/2013\/08\/25\/zuccaro-intendente-de-pilar-se-reunio-con-selva-como-mercedes\/","title":{"rendered":"Zuccaro, intendente de Pilar, se reuni\u00f3 con Selva como Mercedes"},"content":{"rendered":"<figure id=\"attachment_25196\" aria-describedby=\"caption-attachment-25196\" style=\"width: 610px\" class=\"wp-caption aligncenter\"><a href=\"https:\/\/www.hoymercedes.com.ar\/principal\/wp-content\/uploads\/2013\/08\/zuccaro-selva.jpg\"><img loading=\"lazy\" decoding=\"async\" data-attachment-id=\"25196\" data-permalink=\"https:\/\/www.hoymercedes.com.ar\/principal\/2013\/08\/25\/zuccaro-intendente-de-pilar-se-reunio-con-selva-como-mercedes\/zuccaro-selva\/#main\" data-orig-file=\"https:\/\/www.hoymercedes.com.ar\/principal\/wp-content\/uploads\/2013\/08\/zuccaro-selva.jpg\" data-orig-size=\"620,250\" data-comments-opened=\"1\" data-image-meta=\"{&quot;aperture&quot;:&quot;3.5&quot;,&quot;credit&quot;:&quot;&quot;,&quot;camera&quot;:&quot;NIKON D3100&quot;,&quot;caption&quot;:&quot;&quot;,&quot;created_timestamp&quot;:&quot;1377271475&quot;,&quot;copyright&quot;:&quot;&quot;,&quot;focal_length&quot;:&quot;18&quot;,&quot;iso&quot;:&quot;1800&quot;,&quot;shutter_speed&quot;:&quot;0.016666666666667&quot;,&quot;title&quot;:&quot;&quot;}\" data-image-title=\"zuccaro-selva\" data-image-description=\"\" data-image-caption=\"&lt;p&gt;Zuccaro &amp;#8211; Selva&lt;\/p&gt;\n\" data-large-file=\"https:\/\/www.hoymercedes.com.ar\/principal\/wp-content\/uploads\/2013\/08\/zuccaro-selva.jpg\" class=\"size-full wp-image-25196\" alt=\"Zuccaro - Selva\" src=\"https:\/\/www.hoymercedes.com.ar\/principal\/wp-content\/uploads\/2013\/08\/zuccaro-selva.jpg\" width=\"620\" height=\"250\" \/><\/a><figcaption id=\"caption-attachment-25196\" class=\"wp-caption-text\">Zuccaro &#8211; Selva<\/figcaption><\/figure>\n<p><em><strong>El intendente de Pilar Humberto Z\u00faccaro mantuvo un encuentro en nuestra ciudad con Carlos Selva donde buscaron continuar planificando aspectos de campa\u00f1a con miras a las elecciones generales del pr\u00f3ximo mes de octubre.<\/strong><\/em><\/p>\n<p>Desde el Frente Renovador afirmaron que:<em> \u00abLos dos intendentes tuvieron una ma\u00f1ana de trabajo este s\u00e1bado, do<\/em><\/p>\n<p><em>nde analizaron aspectos de la campa\u00f1a futura. Z\u00faccaro y Selva encabezaron una reuni\u00f3n en la que tambi\u00e9n estuvieron candidatos del Frente Renovador de distritos como General Rodr\u00edguez, Navarro y Las Heras.\u00bb\u00a0<\/em><\/p>\n<p><em>\u201cCon Selva nos une una gran amistad desde hace muchos a\u00f1os y ahora estamos juntos en este proyecto pol\u00edtico que tiene a un l\u00edder como Sergio Massa\u201d<\/em>, dijo Z\u00faccaro en un alto de la reuni\u00f3n.<\/p>\n<p><em>\u201cNosotros s\u00f3lo aportamos nuestra experiencia en pos de que Sergio Massa tenga un triunfo rotundo en octubre. Creemos, con mucha convicci\u00f3n, que es el camino a seguir y sabemos que la gente nos va a acompa\u00f1ar porque ve en Massa a un l\u00edder que no s\u00f3lo apunta a esta elecci\u00f3n sino que tambi\u00e9n a conducir este pa\u00eds desde 2015\u201d<\/em>, sostuvo el intendente de Pilar.<\/p>\n<p><img loading=\"lazy\" decoding=\"async\" data-attachment-id=\"25195\" data-permalink=\"https:\/\/www.hoymercedes.com.ar\/principal\/2013\/08\/25\/zuccaro-intendente-de-pilar-se-reunio-con-selva-como-mercedes\/zucaro-selva-ii\/#main\" data-orig-file=\"https:\/\/www.hoymercedes.com.ar\/principal\/wp-content\/uploads\/2013\/08\/zucaro-selva-II.jpg\" data-orig-size=\"620,413\" data-comments-opened=\"1\" data-image-meta=\"{&quot;aperture&quot;:&quot;5.3&quot;,&quot;credit&quot;:&quot;&quot;,&quot;camera&quot;:&quot;NIKON D3100&quot;,&quot;caption&quot;:&quot;&quot;,&quot;created_timestamp&quot;:&quot;1377278642&quot;,&quot;copyright&quot;:&quot;&quot;,&quot;focal_length&quot;:&quot;45&quot;,&quot;iso&quot;:&quot;2000&quot;,&quot;shutter_speed&quot;:&quot;0.016666666666667&quot;,&quot;title&quot;:&quot;&quot;}\" data-image-title=\"zucaro-selva-II\" data-image-description=\"\" data-image-caption=\"\" data-large-file=\"https:\/\/www.hoymercedes.com.ar\/principal\/wp-content\/uploads\/2013\/08\/zucaro-selva-II.jpg\" class=\"aligncenter size-full wp-image-25195\" alt=\"zucaro-selva-II\" src=\"https:\/\/www.hoymercedes.com.ar\/principal\/wp-content\/uploads\/2013\/08\/zucaro-selva-II.jpg\" width=\"620\" height=\"413\" srcset=\"https:\/\/www.hoymercedes.com.ar\/principal\/wp-content\/uploads\/2013\/08\/zucaro-selva-II.jpg 620w, https:\/\/www.hoymercedes.com.ar\/principal\/wp-content\/uploads\/2013\/08\/zucaro-selva-II-300x199.jpg 300w\" sizes=\"auto, (max-width: 620px) 100vw, 620px\" \/><\/p>\n<p>Selva tambi\u00e9n hizo referencia a la visita del intendente de Pilar. <em>\u201cNos conocemos desde hace muchos a\u00f1os y venimos transitando el camino del peronismo juntos. Humberto es un intendente solidificado en su gesti\u00f3n en Pilar y que hoy comparte puntos de vista con los dem\u00e1s intendentes que acompa\u00f1an el proyecto de Sergio Massa. Este grupo de trabajo que hemos conformado tiene el acompa\u00f1amiento de la gente porque somos intendentes que hemos demostrado capacidad de gesti\u00f3n\u201d<\/em>, sostuvo Selva.<\/p>\n<p>Ricardo Bozzini, primer candidato a concejal fue parte del encuentro y manifest\u00f3: <em>\u201cEs muy enriquecedor estar junto a dos personas como Selva y Z\u00faccaro y ya mirar para octubre. Sabemos que hicimos una buena elecci\u00f3n pero vamos por m\u00e1s votos porque creemos que este no es nuestro techo\u201d<\/em><\/p>\n<p>Z\u00faccaro estuvo en Mercedes hasta cerca del mediod\u00eda y luego parti\u00f3 hacia otra reuni\u00f3n de trabajo en la zona Norte de Buenos Aires. Por su parte Selva continu\u00f3 con su agenda de trabajo que ya tiene en la mira las elecciones generales de octubre.<\/p>\n","protected":false},"excerpt":{"rendered":"<p>El intendente de Pilar Humberto Z\u00faccaro mantuvo un encuentro en nuestra ciudad con Carlos Selva donde buscaron continuar planificando aspectos &#8230; <a title=\"Zuccaro, intendente de Pilar, se reuni\u00f3 con Selva como Mercedes\" class=\"read-more\" href=\"https:\/\/www.hoymercedes.com.ar\/principal\/2013\/08\/25\/zuccaro-intendente-de-pilar-se-reunio-con-selva-como-mercedes\/\" aria-label=\"Leer m\u00e1s sobre Zuccaro, intendente de Pilar, se reuni\u00f3 con Selva como Mercedes\">Leer m\u00e1s<\/a><\/p>\n","protected":false},"author":1,"featured_media":0,"comment_status":"open","ping_status":"open","sticky":false,"template":"","format":"standard","meta":{"_monsterinsights_skip_tracking":false,"_monsterinsights_sitenote_active":false,"_monsterinsights_sitenote_note":"","_monsterinsights_sitenote_category":0,"jetpack_post_was_ever_published":false,"_jetpack_newsletter_access":"","_jetpack_dont_email_post_to_subs":false,"_jetpack_newsletter_tier_id":0,"_jetpack_memberships_contains_paywalled_content":false,"_jetpack_memberships_contains_paid_content":false,"footnotes":"","jetpack_publicize_message":"","jetpack_publicize_feature_enabled":true,"jetpack_social_post_already_shared":true,"jetpack_social_options":{"image_generator_settings":{"template":"highway","default_image_id":0,"font":"","enabled":false},"version":2},"_wpas_customize_per_network":false},"categories":[5],"tags":[39,3805],"class_list":["post-25193","post","type-post","status-publish","format-standard","hentry","category-politica","tag-carlos-selva","tag-humberto-zuccaro","generate-columns","tablet-grid-50","mobile-grid-100","grid-parent","grid-50"],"jetpack_publicize_connections":[],"jetpack_featured_media_url":"","wps_subtitle":"","jetpack_sharing_enabled":true,"_links":{"self":[{"href":"https:\/\/www.hoymercedes.com.ar\/principal\/wp-json\/wp\/v2\/posts\/25193","targetHints":{"allow":["GET"]}}],"collection":[{"href":"https:\/\/www.hoymercedes.com.ar\/principal\/wp-json\/wp\/v2\/posts"}],"about":[{"href":"https:\/\/www.hoymercedes.com.ar\/principal\/wp-json\/wp\/v2\/types\/post"}],"author":[{"embeddable":true,"href":"https:\/\/www.hoymercedes.com.ar\/principal\/wp-json\/wp\/v2\/users\/1"}],"replies":[{"embeddable":true,"href":"https:\/\/www.hoymercedes.com.ar\/principal\/wp-json\/wp\/v2\/comments?post=25193"}],"version-history":[{"count":0,"href":"https:\/\/www.hoymercedes.com.ar\/principal\/wp-json\/wp\/v2\/posts\/25193\/revisions"}],"wp:attachment":[{"href":"https:\/\/www.hoymercedes.com.ar\/principal\/wp-json\/wp\/v2\/media?parent=25193"}],"wp:term":[{"taxonomy":"category","embeddable":true,"href":"https:\/\/www.hoymercedes.com.ar\/principal\/wp-json\/wp\/v2\/categories?post=25193"},{"taxonomy":"post_tag","embeddable":true,"href":"https:\/\/www.hoymercedes.com.ar\/principal\/wp-json\/wp\/v2\/tags?post=25193"}],"curies":[{"name":"wp","href":"https:\/\/api.w.org\/{rel}","templated":true}]}}