{"id":25198,"date":"2013-08-25T19:43:35","date_gmt":"2013-08-25T19:43:35","guid":{"rendered":"http:\/\/www.hoymercedes.com.ar\/principal\/?p=25198"},"modified":"2013-08-25T19:43:35","modified_gmt":"2013-08-25T19:43:35","slug":"sequeira-y-un-knockout-indiscutible-al-grito-de-yacare-yacare-yacare","status":"publish","type":"post","link":"https:\/\/www.hoymercedes.com.ar\/principal\/2013\/08\/25\/sequeira-y-un-knockout-indiscutible-al-grito-de-yacare-yacare-yacare\/","title":{"rendered":"Sequeira y un KnockOut indiscutible al grito de: \u201c\u00a1Yacar\u00e9, Yacar\u00e9, Yacar\u00e9!\u201d"},"content":{"rendered":"<figure id=\"attachment_25200\" aria-describedby=\"caption-attachment-25200\" style=\"width: 610px\" class=\"wp-caption aligncenter\"><a href=\"https:\/\/www.hoymercedes.com.ar\/principal\/wp-content\/uploads\/2013\/08\/sequeiravictoria.jpg\"><img loading=\"lazy\" decoding=\"async\" data-attachment-id=\"25200\" data-permalink=\"https:\/\/www.hoymercedes.com.ar\/principal\/2013\/08\/25\/sequeira-y-un-knockout-indiscutible-al-grito-de-yacare-yacare-yacare\/sequeiravictoria\/#main\" data-orig-file=\"https:\/\/www.hoymercedes.com.ar\/principal\/wp-content\/uploads\/2013\/08\/sequeiravictoria.jpg\" data-orig-size=\"620,413\" data-comments-opened=\"1\" data-image-meta=\"{&quot;aperture&quot;:&quot;4.5&quot;,&quot;credit&quot;:&quot;&quot;,&quot;camera&quot;:&quot;Canon EOS REBEL T3i&quot;,&quot;caption&quot;:&quot;&quot;,&quot;created_timestamp&quot;:&quot;1377389300&quot;,&quot;copyright&quot;:&quot;&quot;,&quot;focal_length&quot;:&quot;35&quot;,&quot;iso&quot;:&quot;400&quot;,&quot;shutter_speed&quot;:&quot;0.033333333333333&quot;,&quot;title&quot;:&quot;&quot;}\" data-image-title=\"sequeiravictoria\" data-image-description=\"\" data-image-caption=\"&lt;p&gt;Yacar\u00e9 Sequeira &amp;#8211; Victoria induscutible&lt;\/p&gt;\n\" data-large-file=\"https:\/\/www.hoymercedes.com.ar\/principal\/wp-content\/uploads\/2013\/08\/sequeiravictoria.jpg\" class=\"size-full wp-image-25200\" alt=\"Yacar\u00e9 Sequeira - Victoria induscutible\" src=\"https:\/\/www.hoymercedes.com.ar\/principal\/wp-content\/uploads\/2013\/08\/sequeiravictoria.jpg\" width=\"620\" height=\"413\" \/><\/a><figcaption id=\"caption-attachment-25200\" class=\"wp-caption-text\">Yacar\u00e9 Sequeira &#8211; Victoria induscutible<\/figcaption><\/figure>\n<p><strong><em>El mercedino Walter \u00abYacar\u00e9\u00bb Sequeira dio una muestra de fuerza y acci\u00f3n al derrotar en tan s\u00f3lo tres round a su contrincante platense \u00a0Juan Maldonado en un Club Estudiantes repleto que no ces\u00f3 de alentarlo.\u00a0<\/em><\/strong><\/p>\n<p>El semipesado profesional mercedino Walter \u201cYacar\u00e9\u201d Sequeira (78.900) hizo explotar anoche el Estudiantes, cuando dio una nueva demostraci\u00f3n de la potencia de sus pu\u00f1os y venci\u00f3 por nocaut en el tercer round al platense Juan Maldonado (78.900).<\/p>\n<p><em>\u201cEstoy muy contento porque era la posibilidad de pelear ante mi familia, ante mis amigos, ante mi gente, y por suerte sali\u00f3 todo como lo hab\u00edamos planeado\u201d,<\/em> cont\u00f3 el \u2018Yacar\u00e9\u2019 apenas finalizada la velada que tuvo como principal organizador a Juan Ustarroz, candidato del Frente Mercedino acompa\u00f1ado por\u00a0Juan Ignacio Ustarroz; del entrenador y promotor Charly Rodr\u00edguez (quien viene manejando la carrera profesional de Sequeira); y del director de la escuela de boxeo Ra\u00fal Cosentino, Claudio Rojas.<\/p>\n<p><strong>Peleas Amateurs<\/strong><\/p>\n<p>El programa incluy\u00f3 cinco peleas amateurs donde una de ellas se resolvi\u00f3 a favor de otro mercedino, \u00a0Juan Mart\u00ednez ante el lujanense Diego D\u00edaz y, tambi\u00e9n, el furibundo nocaut que sufri\u00f3 un hermano del \u2018Yacar\u00e9\u2019, Oscar Sequeira.<\/p>\n<p><strong>Gran marco\u00a0<\/strong><\/p>\n<p>Cerca de mil espectadores estuvieron alertas a los acontecimientos.\u00a0Antes del inicio del combate de fondo,Jua Ustarroz le entreg\u00f3 una plaqueta recordatoria al ex campe\u00f3n mundial Juan Mart\u00edn \u2018L\u00e1tigo\u2019 Coggi, entrenador de Maldonado y quien se llev\u00f3 un caluroso aplauso por parte de los mercedinos.<\/p>\n<p><strong>La pelea<\/strong><\/p>\n<p>Pasadas las 23.00hs la campana dio inicio a la esperada revancha entre Sequeira y Maldonado (el platense se hab\u00eda quedado con el triunfo en el lance previo, en el terreno amateur). En el primer round el mercedino marc\u00f3 una leve diferencia, y el pupilo de \u2018L\u00e1tigo\u2019 Coggi emparej\u00f3 las acciones durante el segundo de los seis asaltos pactados.<\/p>\n<p>En el tercero, sin embargo, lleg\u00f3 la definici\u00f3n. Sequeira lo fue midiendo hasta encontrar el hueco y con una combinaci\u00f3n de golpes envi\u00f3 a Maldonado a la lona. El platense recibi\u00f3 la cuenta de protecci\u00f3n y volvi\u00f3 a la pelea, pero ya daba muestras evidentes de su estado: el local lo advirti\u00f3, atac\u00f3 otra vez, Maldonado se arrodill\u00f3 y el \u00e1rbitro decret\u00f3 el nocaut. El Estudiantes fue entonces un solo grito emocionado: \u201c\u00a1Yacar\u00e9, Yacar\u00e9, Yacar\u00e9!\u201d.<\/p>\n<p>Sequeira, que luego de una brillante etapa como amateur sufri\u00f3 un fuerte receso en su carrera, le dio ahora un nuevo impulso: como profesional acumula una ca\u00edda (la del debut) y tres victorias, dos de ellas antes del l\u00edmite. Maldonado, por su parte, qued\u00f3 con un r\u00e9cord de dos derrotas en otras tantas presentaciones (ambas por KOT).<\/p>\n<p>\u201cNos alegra much\u00edsimo la victoria de Walter, nos da mucho orgullo, pero mucho m\u00e1s nos da felicidad lo que fue el marco de gente en el Estudiantes. Insistimos en rescatar los valores del deporte y esperamos seguir por este camino, no solo con el \u2018Yacar\u00e9\u2019, sino con todos los deportistas mercedinos\u201d, apunt\u00f3 Juan Ustarroz al final de la noche.<\/p>\n<p>Por su parte, el entrenador de Sequeira, Charly Rodr\u00edguez, remarc\u00f3 \u201clo fuerte que pega Walter\u201d y le augur\u00f3 \u201cun gran futuro\u201d. Tras algunos d\u00edas de descanso, el \u2018Yacar\u00e9\u2019 volver\u00e1 a los entrenamientos y se le buscar\u00e1 un nuevo rival para posicionarlo en los rankings.<\/p>\n<p>En los agradecimientos de cierre, Ustarroz y Rodr\u00edguez les dedicaron elogios a Rojas; a los directivos del club Estudiantes; y al restaurante El Establo, en cuyas instalaciones se hizo el viernes por la tarde la ceremonia del pesaje. A cambio de la entrada (libre y gratuita), los vecinos aportaron un alimento no perecedero que la escuela Ra\u00fal Cosentino donar\u00e1 a una instituci\u00f3n de nuestra ciudad.<\/p>\n<p><a href=\"https:\/\/www.facebook.com\/media\/set\/?set=a.10151851862291323.1073741881.339192141322&amp;type=3&amp;uploaded=5\" target=\"_blank\" rel=\"noopener\">GALER\u00cdA DE FOTOS<\/a><\/p>\n","protected":false},"excerpt":{"rendered":"<p>El mercedino Walter \u00abYacar\u00e9\u00bb Sequeira dio una muestra de fuerza y acci\u00f3n al derrotar en tan s\u00f3lo tres round a &#8230; <a title=\"Sequeira y un KnockOut indiscutible al grito de: \u201c\u00a1Yacar\u00e9, Yacar\u00e9, Yacar\u00e9!\u201d\" class=\"read-more\" href=\"https:\/\/www.hoymercedes.com.ar\/principal\/2013\/08\/25\/sequeira-y-un-knockout-indiscutible-al-grito-de-yacare-yacare-yacare\/\" aria-label=\"Leer m\u00e1s sobre Sequeira y un KnockOut indiscutible al grito de: \u201c\u00a1Yacar\u00e9, Yacar\u00e9, Yacar\u00e9!\u201d\">Leer m\u00e1s<\/a><\/p>\n","protected":false},"author":1,"featured_media":0,"comment_status":"open","ping_status":"open","sticky":false,"template":"","format":"standard","meta":{"_monsterinsights_skip_tracking":false,"_monsterinsights_sitenote_active":false,"_monsterinsights_sitenote_note":"","_monsterinsights_sitenote_category":0,"jetpack_post_was_ever_published":false,"_jetpack_newsletter_access":"","_jetpack_dont_email_post_to_subs":false,"_jetpack_newsletter_tier_id":0,"_jetpack_memberships_contains_paywalled_content":false,"_jetpack_memberships_contains_paid_content":false,"footnotes":"","jetpack_publicize_message":"","jetpack_publicize_feature_enabled":true,"jetpack_social_post_already_shared":true,"jetpack_social_options":{"image_generator_settings":{"template":"highway","default_image_id":0,"font":"","enabled":false},"version":2},"_wpas_customize_per_network":false},"categories":[21],"tags":[3807,3806],"class_list":["post-25198","post","type-post","status-publish","format-standard","hentry","category-deportes","tag-juan-ustarro","tag-walter-yacare-sequeira","generate-columns","tablet-grid-50","mobile-grid-100","grid-parent","grid-50"],"jetpack_publicize_connections":[],"jetpack_featured_media_url":"","wps_subtitle":"","jetpack_sharing_enabled":true,"_links":{"self":[{"href":"https:\/\/www.hoymercedes.com.ar\/principal\/wp-json\/wp\/v2\/posts\/25198","targetHints":{"allow":["GET"]}}],"collection":[{"href":"https:\/\/www.hoymercedes.com.ar\/principal\/wp-json\/wp\/v2\/posts"}],"about":[{"href":"https:\/\/www.hoymercedes.com.ar\/principal\/wp-json\/wp\/v2\/types\/post"}],"author":[{"embeddable":true,"href":"https:\/\/www.hoymercedes.com.ar\/principal\/wp-json\/wp\/v2\/users\/1"}],"replies":[{"embeddable":true,"href":"https:\/\/www.hoymercedes.com.ar\/principal\/wp-json\/wp\/v2\/comments?post=25198"}],"version-history":[{"count":0,"href":"https:\/\/www.hoymercedes.com.ar\/principal\/wp-json\/wp\/v2\/posts\/25198\/revisions"}],"wp:attachment":[{"href":"https:\/\/www.hoymercedes.com.ar\/principal\/wp-json\/wp\/v2\/media?parent=25198"}],"wp:term":[{"taxonomy":"category","embeddable":true,"href":"https:\/\/www.hoymercedes.com.ar\/principal\/wp-json\/wp\/v2\/categories?post=25198"},{"taxonomy":"post_tag","embeddable":true,"href":"https:\/\/www.hoymercedes.com.ar\/principal\/wp-json\/wp\/v2\/tags?post=25198"}],"curies":[{"name":"wp","href":"https:\/\/api.w.org\/{rel}","templated":true}]}}