{"id":2520,"date":"2011-03-02T05:05:04","date_gmt":"2011-03-02T05:05:04","guid":{"rendered":"http:\/\/www.hoymercedes.com.ar\/principal\/?p=2520"},"modified":"2011-03-02T05:05:04","modified_gmt":"2011-03-02T05:05:04","slug":"jornada-de-movilizacion-de-la-cta-al-ministerio-de-trabajo-de-la-nacion-por-libertad-sindical-y-llamado-al-consejo-del-salario","status":"publish","type":"post","link":"https:\/\/www.hoymercedes.com.ar\/principal\/2011\/03\/02\/jornada-de-movilizacion-de-la-cta-al-ministerio-de-trabajo-de-la-nacion-por-libertad-sindical-y-llamado-al-consejo-del-salario\/","title":{"rendered":"Jornada de movilizaci\u00f3n de la CTA al Ministerio de Trabajo de la Naci\u00f3n por libertad sindical y llamado al Consejo del Salario"},"content":{"rendered":"<p style=\"text-align: justify;\">La Central de Trabajadores de la Argentina se movilizar\u00e1 este jueves 3 de marzo a partir de las 16 horas desde el Obelisco hasta la sede del Ministerio de Trabajo de la Naci\u00f3n (Av. Alem 650) para reclamar \u00abla urgente convocatoria del Consejo del Salario M\u00ednimo, Vital y M\u00f3vil, por una recomposici\u00f3n de salarios del 35% y paritarias libres sin techo , combate frontal a la tercerizaci\u00f3n y precarizaci\u00f3n laboral, por el 82% m\u00f3vil para los jubilados\/pensionados, el restablecimiento del 100% de los aportes patronales para financiar un Sistema Universal de Previsi\u00f3n Social, Libertad y democracia sindical y personer\u00eda Gremial para la CTA\u00bb.<\/p>\n<p style=\"text-align: justify;\">Adem\u00e1s a estas demandas se suman la reincorporaci\u00f3n de los despedidos en el INDEC, la implementaci\u00f3n de los Jardines materno-paternales en cumplimiento con la Ley de Contrato de Trabajo, entre otros puntos.<\/p>\n<p style=\"text-align: justify;\">\u00abEn el camino a nuestro Congreso Federal de la CTA de fin de mes vamos al Ministerio de Trabajo de la Naci\u00f3n a plantear en la calle cu\u00e1les son las necesidades colectivas de los trabajadores en la Rep\u00fablica Argentina, sin pedirle permiso a nadie y luchando por una justa distribuci\u00f3n de la riqueza de cara a la clase obrera\u00bb, consider\u00f3 Pablo Micheli, Secretario general de la CTA nacional.<\/p>\n<p style=\"text-align: justify;\">La Central de Trabajadores de la Argentina(CTA) tiene 1.400.000 afiliados directos. Es miembro de la Coordinadora de Centrales Sindicales del Cono Sur (CCSCS) y de la Confederaci\u00f3n Sindical de Trabajadores de las Am\u00e9ricas (CSA). Ricardo Peidro, es el Secretario General Adjunto de la CTA Nacional, quien a su vez es Secretario General de la Asociaci\u00f3n Agentes de Propaganda M\u00e9dica de la Rep\u00fablica Argentina (AAPM-CTA), gremio mayoritario de los visitadores m\u00e9dicos en el pa\u00eds.<\/p>\n<p style=\"text-align: justify;\">Alberto Gonz\u00e1lez<\/p>\n<p style=\"text-align: justify;\">Carlos Riveiro<\/p>\n<p style=\"text-align: justify;\">Agrup. Germ\u00e1n Abdala Pcia de Bs.As<\/p>\n<p>&nbsp;<\/p>\n","protected":false},"excerpt":{"rendered":"<p>La Central de Trabajadores de la Argentina se movilizar\u00e1 este jueves 3 de marzo a partir de las 16 horas &#8230; <a title=\"Jornada de movilizaci\u00f3n de la CTA al Ministerio de Trabajo de la Naci\u00f3n por libertad sindical y llamado al Consejo del Salario\" class=\"read-more\" href=\"https:\/\/www.hoymercedes.com.ar\/principal\/2011\/03\/02\/jornada-de-movilizacion-de-la-cta-al-ministerio-de-trabajo-de-la-nacion-por-libertad-sindical-y-llamado-al-consejo-del-salario\/\" aria-label=\"Leer m\u00e1s sobre Jornada de movilizaci\u00f3n de la CTA al Ministerio de Trabajo de la Naci\u00f3n por libertad sindical y llamado al Consejo del Salario\">Leer m\u00e1s<\/a><\/p>\n","protected":false},"author":1,"featured_media":0,"comment_status":"open","ping_status":"open","sticky":false,"template":"","format":"standard","meta":{"_monsterinsights_skip_tracking":false,"_monsterinsights_sitenote_active":false,"_monsterinsights_sitenote_note":"","_monsterinsights_sitenote_category":0,"jetpack_post_was_ever_published":false,"_jetpack_newsletter_access":"","_jetpack_dont_email_post_to_subs":false,"_jetpack_newsletter_tier_id":0,"_jetpack_memberships_contains_paywalled_content":false,"_jetpack_memberships_contains_paid_content":false,"footnotes":"","jetpack_publicize_message":"","jetpack_publicize_feature_enabled":true,"jetpack_social_post_already_shared":false,"jetpack_social_options":{"image_generator_settings":{"template":"highway","default_image_id":0,"font":"","enabled":false},"version":2},"_wpas_customize_per_network":false},"categories":[8],"tags":[520],"class_list":["post-2520","post","type-post","status-publish","format-standard","hentry","category-sociedad","tag-paro-y-movilizacion-cta","generate-columns","tablet-grid-50","mobile-grid-100","grid-parent","grid-50"],"jetpack_publicize_connections":[],"jetpack_featured_media_url":"","wps_subtitle":"","jetpack_sharing_enabled":true,"_links":{"self":[{"href":"https:\/\/www.hoymercedes.com.ar\/principal\/wp-json\/wp\/v2\/posts\/2520","targetHints":{"allow":["GET"]}}],"collection":[{"href":"https:\/\/www.hoymercedes.com.ar\/principal\/wp-json\/wp\/v2\/posts"}],"about":[{"href":"https:\/\/www.hoymercedes.com.ar\/principal\/wp-json\/wp\/v2\/types\/post"}],"author":[{"embeddable":true,"href":"https:\/\/www.hoymercedes.com.ar\/principal\/wp-json\/wp\/v2\/users\/1"}],"replies":[{"embeddable":true,"href":"https:\/\/www.hoymercedes.com.ar\/principal\/wp-json\/wp\/v2\/comments?post=2520"}],"version-history":[{"count":0,"href":"https:\/\/www.hoymercedes.com.ar\/principal\/wp-json\/wp\/v2\/posts\/2520\/revisions"}],"wp:attachment":[{"href":"https:\/\/www.hoymercedes.com.ar\/principal\/wp-json\/wp\/v2\/media?parent=2520"}],"wp:term":[{"taxonomy":"category","embeddable":true,"href":"https:\/\/www.hoymercedes.com.ar\/principal\/wp-json\/wp\/v2\/categories?post=2520"},{"taxonomy":"post_tag","embeddable":true,"href":"https:\/\/www.hoymercedes.com.ar\/principal\/wp-json\/wp\/v2\/tags?post=2520"}],"curies":[{"name":"wp","href":"https:\/\/api.w.org\/{rel}","templated":true}]}}