{"id":25202,"date":"2013-08-26T01:31:09","date_gmt":"2013-08-26T01:31:09","guid":{"rendered":"http:\/\/www.hoymercedes.com.ar\/principal\/?p=25202"},"modified":"2013-08-26T12:14:38","modified_gmt":"2013-08-26T12:14:38","slug":"joven-atacado-por-patota-en-madrugada-de-domingo","status":"publish","type":"post","link":"https:\/\/www.hoymercedes.com.ar\/principal\/2013\/08\/26\/joven-atacado-por-patota-en-madrugada-de-domingo\/","title":{"rendered":"Joven atacado por patota en madrugada de domingo"},"content":{"rendered":"<p><em><strong>Seg\u00fan diversas narraciones que circularon por la ciudad en la jornada de \u00e9ste domingo se supo que un joven mercedino fue agredido por un violento grupo en avenida 29 entre 36 y 38 frente a la Escuela Normal. \u00a0El hecho sucedi\u00f3 alrededor de las 07.00am. Debi\u00f3 ser atendido para controlar su salud.<\/strong><\/em><\/p>\n<p>Seg\u00fan se narr\u00f3 el joven cruz\u00f3 de vereda para continuar caminando cuando sin m\u00e1s motivo que la violencia fue agredido y golpeado por los varios que se aprovecharon de la incomprensible situaci\u00f3n.<\/p>\n<p>El joven, que trabaja y estudia, de 20 a\u00f1os de edad, recibi\u00f3 trompadas y patadas en un \u00abporque s\u00ed\u00bb.<\/p>\n<p>Ante la golpiza se acerc\u00f3 a un espacio de atenci\u00f3n a la salud (algunos sostiene fue el hospital, otros la cl\u00ednica) para recibir atenciones m\u00e9dicas y practicarse una tomograf\u00eda.<\/p>\n<p>Seg\u00fan se comenta la agresi\u00f3n habr\u00eda sido hacia dos j\u00f3venes. Uno logr\u00f3 escapar mientras que el otro qued\u00f3 atrapado en el inhumano acto de violencia que cont\u00f3, seg\u00fan narran, con 8 contra 1.<\/p>\n<p>&nbsp;<\/p>\n","protected":false},"excerpt":{"rendered":"<p>Seg\u00fan diversas narraciones que circularon por la ciudad en la jornada de \u00e9ste domingo se supo que un joven mercedino &#8230; <a title=\"Joven atacado por patota en madrugada de domingo\" class=\"read-more\" href=\"https:\/\/www.hoymercedes.com.ar\/principal\/2013\/08\/26\/joven-atacado-por-patota-en-madrugada-de-domingo\/\" aria-label=\"Leer m\u00e1s sobre Joven atacado por patota en madrugada de domingo\">Leer m\u00e1s<\/a><\/p>\n","protected":false},"author":1,"featured_media":0,"comment_status":"open","ping_status":"open","sticky":false,"template":"","format":"standard","meta":{"_monsterinsights_skip_tracking":false,"_monsterinsights_sitenote_active":false,"_monsterinsights_sitenote_note":"","_monsterinsights_sitenote_category":0,"jetpack_post_was_ever_published":false,"_jetpack_newsletter_access":"","_jetpack_dont_email_post_to_subs":false,"_jetpack_newsletter_tier_id":0,"_jetpack_memberships_contains_paywalled_content":false,"_jetpack_memberships_contains_paid_content":false,"footnotes":"","jetpack_publicize_message":"","jetpack_publicize_feature_enabled":true,"jetpack_social_post_already_shared":true,"jetpack_social_options":{"image_generator_settings":{"template":"highway","default_image_id":0,"font":"","enabled":false},"version":2},"_wpas_customize_per_network":false},"categories":[85],"tags":[3809],"class_list":["post-25202","post","type-post","status-publish","format-standard","hentry","category-policial","tag-patota-ataca-mercedino","generate-columns","tablet-grid-50","mobile-grid-100","grid-parent","grid-50"],"jetpack_publicize_connections":[],"jetpack_featured_media_url":"","wps_subtitle":"","jetpack_sharing_enabled":true,"_links":{"self":[{"href":"https:\/\/www.hoymercedes.com.ar\/principal\/wp-json\/wp\/v2\/posts\/25202","targetHints":{"allow":["GET"]}}],"collection":[{"href":"https:\/\/www.hoymercedes.com.ar\/principal\/wp-json\/wp\/v2\/posts"}],"about":[{"href":"https:\/\/www.hoymercedes.com.ar\/principal\/wp-json\/wp\/v2\/types\/post"}],"author":[{"embeddable":true,"href":"https:\/\/www.hoymercedes.com.ar\/principal\/wp-json\/wp\/v2\/users\/1"}],"replies":[{"embeddable":true,"href":"https:\/\/www.hoymercedes.com.ar\/principal\/wp-json\/wp\/v2\/comments?post=25202"}],"version-history":[{"count":0,"href":"https:\/\/www.hoymercedes.com.ar\/principal\/wp-json\/wp\/v2\/posts\/25202\/revisions"}],"wp:attachment":[{"href":"https:\/\/www.hoymercedes.com.ar\/principal\/wp-json\/wp\/v2\/media?parent=25202"}],"wp:term":[{"taxonomy":"category","embeddable":true,"href":"https:\/\/www.hoymercedes.com.ar\/principal\/wp-json\/wp\/v2\/categories?post=25202"},{"taxonomy":"post_tag","embeddable":true,"href":"https:\/\/www.hoymercedes.com.ar\/principal\/wp-json\/wp\/v2\/tags?post=25202"}],"curies":[{"name":"wp","href":"https:\/\/api.w.org\/{rel}","templated":true}]}}