{"id":25261,"date":"2013-08-28T01:27:25","date_gmt":"2013-08-28T01:27:25","guid":{"rendered":"http:\/\/www.hoymercedes.com.ar\/principal\/?p=25261"},"modified":"2013-08-28T01:27:25","modified_gmt":"2013-08-28T01:27:25","slug":"pronto-inauguraran-obras-de-pavimento-en-la-ciudad","status":"publish","type":"post","link":"https:\/\/www.hoymercedes.com.ar\/principal\/2013\/08\/28\/pronto-inauguraran-obras-de-pavimento-en-la-ciudad\/","title":{"rendered":"Pronto inaugurar\u00e1n obras de pavimento en la ciudad"},"content":{"rendered":"<figure id=\"attachment_25263\" aria-describedby=\"caption-attachment-25263\" style=\"width: 610px\" class=\"wp-caption aligncenter\"><a href=\"https:\/\/www.hoymercedes.com.ar\/principal\/wp-content\/uploads\/2013\/08\/ObrasPublicasMercedes-SalomoneGustavo.jpg\"><img loading=\"lazy\" decoding=\"async\" data-attachment-id=\"25263\" data-permalink=\"https:\/\/www.hoymercedes.com.ar\/principal\/2013\/08\/28\/pronto-inauguraran-obras-de-pavimento-en-la-ciudad\/obraspublicasmercedes-salomonegustavo\/#main\" data-orig-file=\"https:\/\/www.hoymercedes.com.ar\/principal\/wp-content\/uploads\/2013\/08\/ObrasPublicasMercedes-SalomoneGustavo.jpg\" data-orig-size=\"620,566\" data-comments-opened=\"1\" data-image-meta=\"{&quot;aperture&quot;:&quot;4.8&quot;,&quot;credit&quot;:&quot;&quot;,&quot;camera&quot;:&quot;NIKON D50&quot;,&quot;caption&quot;:&quot;&quot;,&quot;created_timestamp&quot;:&quot;1336742412&quot;,&quot;copyright&quot;:&quot;&quot;,&quot;focal_length&quot;:&quot;56&quot;,&quot;iso&quot;:&quot;0&quot;,&quot;shutter_speed&quot;:&quot;0.016666666666667&quot;,&quot;title&quot;:&quot;&quot;}\" data-image-title=\"ObrasPublicasMercedes-SalomoneGustavo\" data-image-description=\"\" data-image-caption=\"&lt;p&gt;Gustavo Salomone&lt;\/p&gt;\n\" data-large-file=\"https:\/\/www.hoymercedes.com.ar\/principal\/wp-content\/uploads\/2013\/08\/ObrasPublicasMercedes-SalomoneGustavo.jpg\" class=\"size-full wp-image-25263\" alt=\"Gustavo Salomone \" src=\"https:\/\/www.hoymercedes.com.ar\/principal\/wp-content\/uploads\/2013\/08\/ObrasPublicasMercedes-SalomoneGustavo.jpg\" width=\"620\" height=\"566\" \/><\/a><figcaption id=\"caption-attachment-25263\" class=\"wp-caption-text\">Gustavo Salomone<\/figcaption><\/figure>\n<p><strong><em>Desde la comuna informan que est\u00e1n finalizando una serie de obras complementarias que permitir\u00e1n pronto inaugurar el asalto que se ha realizado en el \u00faltimo tiempo en barrios Santa Teresita y Lapenta.<\/em><\/strong><\/p>\n<p>Las obras que desde hace un tiempo son observadas por los vecinos est\u00e1n prontas a ser inauguradas y es por ello que se vienen efectuando acciones complementarias.<\/p>\n<p>Desde la comuna informaron que: <em>\u00ab<span style=\"font-family: verdana, sans-serif;\">Se terminaron las obras en las ocho cuadras licitadas por la comuna, correspondientes a las calles 103 de 24 a 30bis.\u00a0<\/span><\/em><em><span style=\"font-family: verdana, sans-serif;\">Por otro lado, en el barrio Lapenta se termin\u00f3 de colocar el asfalto en calle 34 de 1 a 3 y en 3bis de 34 a 36.\u00bb<\/span><\/em><\/p>\n<p><span style=\"font-family: verdana, sans-serif;\">Por su parte, Gustavo Salomone inform\u00f3:<\/span><em><span style=\"font-family: verdana, sans-serif;\">\u00abEstas cuadras pavimentadas generan un gran desarrollo y progreso urban\u00edstico, sea para una mejor circulaci\u00f3n de la zona, para un mejor descongestionamiento de la salida del colegio Santa Mar\u00eda y como progreso para los vecinos que solventaran en cuotas estas mejoras de infraestructura\u201d, coment\u00f3 Gustavo Salomone, Secretario de Obras y Servicios P\u00fablicos.\u00bb<\/span><\/em><\/p>\n","protected":false},"excerpt":{"rendered":"<p>Desde la comuna informan que est\u00e1n finalizando una serie de obras complementarias que permitir\u00e1n pronto inaugurar el asalto que se &#8230; <a title=\"Pronto inaugurar\u00e1n obras de pavimento en la ciudad\" class=\"read-more\" href=\"https:\/\/www.hoymercedes.com.ar\/principal\/2013\/08\/28\/pronto-inauguraran-obras-de-pavimento-en-la-ciudad\/\" aria-label=\"Leer m\u00e1s sobre Pronto inaugurar\u00e1n obras de pavimento en la ciudad\">Leer m\u00e1s<\/a><\/p>\n","protected":false},"author":1,"featured_media":0,"comment_status":"open","ping_status":"open","sticky":false,"template":"","format":"standard","meta":{"_monsterinsights_skip_tracking":false,"_monsterinsights_sitenote_active":false,"_monsterinsights_sitenote_note":"","_monsterinsights_sitenote_category":0,"jetpack_post_was_ever_published":false,"_jetpack_newsletter_access":"","_jetpack_dont_email_post_to_subs":false,"_jetpack_newsletter_tier_id":0,"_jetpack_memberships_contains_paywalled_content":false,"_jetpack_memberships_contains_paid_content":false,"footnotes":"","jetpack_publicize_message":"","jetpack_publicize_feature_enabled":true,"jetpack_social_post_already_shared":true,"jetpack_social_options":{"image_generator_settings":{"template":"highway","default_image_id":0,"font":"","enabled":false},"version":2},"_wpas_customize_per_network":false},"categories":[30],"tags":[229,230],"class_list":["post-25261","post","type-post","status-publish","format-standard","hentry","category-municipio","tag-gustavo-salomone","tag-pavimento-mercedes","generate-columns","tablet-grid-50","mobile-grid-100","grid-parent","grid-50"],"jetpack_publicize_connections":[],"jetpack_featured_media_url":"","wps_subtitle":"","jetpack_sharing_enabled":true,"_links":{"self":[{"href":"https:\/\/www.hoymercedes.com.ar\/principal\/wp-json\/wp\/v2\/posts\/25261","targetHints":{"allow":["GET"]}}],"collection":[{"href":"https:\/\/www.hoymercedes.com.ar\/principal\/wp-json\/wp\/v2\/posts"}],"about":[{"href":"https:\/\/www.hoymercedes.com.ar\/principal\/wp-json\/wp\/v2\/types\/post"}],"author":[{"embeddable":true,"href":"https:\/\/www.hoymercedes.com.ar\/principal\/wp-json\/wp\/v2\/users\/1"}],"replies":[{"embeddable":true,"href":"https:\/\/www.hoymercedes.com.ar\/principal\/wp-json\/wp\/v2\/comments?post=25261"}],"version-history":[{"count":0,"href":"https:\/\/www.hoymercedes.com.ar\/principal\/wp-json\/wp\/v2\/posts\/25261\/revisions"}],"wp:attachment":[{"href":"https:\/\/www.hoymercedes.com.ar\/principal\/wp-json\/wp\/v2\/media?parent=25261"}],"wp:term":[{"taxonomy":"category","embeddable":true,"href":"https:\/\/www.hoymercedes.com.ar\/principal\/wp-json\/wp\/v2\/categories?post=25261"},{"taxonomy":"post_tag","embeddable":true,"href":"https:\/\/www.hoymercedes.com.ar\/principal\/wp-json\/wp\/v2\/tags?post=25261"}],"curies":[{"name":"wp","href":"https:\/\/api.w.org\/{rel}","templated":true}]}}