{"id":25283,"date":"2013-08-28T17:57:36","date_gmt":"2013-08-28T17:57:36","guid":{"rendered":"http:\/\/www.hoymercedes.com.ar\/principal\/?p=25283"},"modified":"2013-08-28T17:57:36","modified_gmt":"2013-08-28T17:57:36","slug":"ustarroz-en-hogar-granja-arco-iris-es-para-admirar-y-para-imitar","status":"publish","type":"post","link":"https:\/\/www.hoymercedes.com.ar\/principal\/2013\/08\/28\/ustarroz-en-hogar-granja-arco-iris-es-para-admirar-y-para-imitar\/","title":{"rendered":"Ustarroz en Hogar Granja Arco Iris: \u201ces para admirar y para imitar\u201d"},"content":{"rendered":"<figure id=\"attachment_25285\" aria-describedby=\"caption-attachment-25285\" style=\"width: 610px\" class=\"wp-caption aligncenter\"><a href=\"https:\/\/www.hoymercedes.com.ar\/principal\/wp-content\/uploads\/2013\/08\/arcoiris-ustarroz.jpg\"><img loading=\"lazy\" decoding=\"async\" data-attachment-id=\"25285\" data-permalink=\"https:\/\/www.hoymercedes.com.ar\/principal\/2013\/08\/28\/ustarroz-en-hogar-granja-arco-iris-es-para-admirar-y-para-imitar\/arcoiris-ustarroz\/#main\" data-orig-file=\"https:\/\/www.hoymercedes.com.ar\/principal\/wp-content\/uploads\/2013\/08\/arcoiris-ustarroz.jpg\" data-orig-size=\"620,413\" data-comments-opened=\"1\" data-image-meta=\"{&quot;aperture&quot;:&quot;3.5&quot;,&quot;credit&quot;:&quot;&quot;,&quot;camera&quot;:&quot;Canon EOS REBEL T3i&quot;,&quot;caption&quot;:&quot;&quot;,&quot;created_timestamp&quot;:&quot;1377534223&quot;,&quot;copyright&quot;:&quot;&quot;,&quot;focal_length&quot;:&quot;18&quot;,&quot;iso&quot;:&quot;250&quot;,&quot;shutter_speed&quot;:&quot;0.033333333333333&quot;,&quot;title&quot;:&quot;&quot;}\" data-image-title=\"arcoiris-ustarroz\" data-image-description=\"\" data-image-caption=\"&lt;p&gt;Juan Ustarroz en Hogar Arco Iris&lt;\/p&gt;\n\" data-large-file=\"https:\/\/www.hoymercedes.com.ar\/principal\/wp-content\/uploads\/2013\/08\/arcoiris-ustarroz.jpg\" class=\"size-full wp-image-25285\" alt=\"Juan Ustarroz en Hogar Arco Iris \" src=\"https:\/\/www.hoymercedes.com.ar\/principal\/wp-content\/uploads\/2013\/08\/arcoiris-ustarroz.jpg\" width=\"620\" height=\"413\" \/><\/a><figcaption id=\"caption-attachment-25285\" class=\"wp-caption-text\">Juan Ustarroz en Hogar Arco Iris<\/figcaption><\/figure>\n<p><em><strong>El primer candidato a concejal y principal referente del Frente Mercedino para la Victoria (FMpV), \u00a0Juan Ignacio Ustarroz, visit\u00f3 las instalaciones del Hogar Granja Arco Iris para personas con capacidades mentales diferentes y volvi\u00f3 a elogiar el trabajo de sus responsables, del que dijo \u201ces para admirar y para imitar\u201d.<\/strong><\/em><\/p>\n<p><em>\u201cLo que hace la gente de Arco Iris es admirable, un trabajo para imitar. Ellos sintetizan todos los valores que nosotros defendemos y queremos para Mercedes: la solidaridad, la salud, la educaci\u00f3n, la integraci\u00f3n, la inclusi\u00f3n social. Trabajar por el otro, siempre, sin esperar nada a cambio m\u00e1s que la satisfacci\u00f3n de ayudar. Por eso nos da much\u00edsimo placer la chance de aportar algo, nos da much\u00edsima satisfacci\u00f3n, porque vemos el amor y el sacrificio que ponen para que la instituci\u00f3n siga creciendo\u201d<\/em>, coment\u00f3 Ustarroz.<\/p>\n<p>Tras gestiones del Frente Mercedino, el Hogar Granja recibi\u00f3 tiempo atr\u00e1s un subsidio de 30 mil pesos que su Comisi\u00f3n Directiva (encabezada por la presidenta, Marta Vaccarezza) est\u00e1 utilizando para la construcci\u00f3n de gabinetes y un aula. El pr\u00f3ximo paso ser\u00e1 trascendental: la llegada del gas natural, para lo que deben hacer una fuerte inversi\u00f3n.<\/p>\n<p><em>\u201cPor razones t\u00e9cnicas \u2013explicaron las organizadoras de la Granja-, hay que traer la red desde la calle 117 (la sede de la instituci\u00f3n est\u00e1 en la 113), lo que nos eleva el costo de la obra. Pero tenemos mucha confianza en que lo vamos a poder lograr. Afortunadamente nos sentimos respaldadas por much\u00edsima gente y por todos los sectores. Para nosotros es un paso clave porque nos da la posibilidad de poner definitivamente en funcionamiento el Hogar de D\u00eda, profundizando lo que son las actividades para los chicos<\/em>\u201d, agregaron.<\/p>\n<p>Ustarroz tambi\u00e9n record\u00f3 lo ocurrido el d\u00eda de entrega del subsidio, cuando estuvo acompa\u00f1ado por el diputado nacional Eduardo \u2018Wado\u2019 de Pedro:<em> \u201cComo dijimos aquella vez, en la medida de nuestras posibilidades, siempre con humildad, vamos a tratar de acompa\u00f1ar cada d\u00eda con m\u00e1s fuerza al Hogar Granja Arco Iris y a todas las instituciones que se esfuerzan por hacer de Mercedes una ciudad cada vez mejor. Por eso somos nosotros los agradecidos: por lo que hacen por todos los vecinos\u201d.<\/em><\/p>\n<p>Los organizadores de Arco Iris \u2013instituci\u00f3n que tom\u00f3 relevancia p\u00fablica cuando gan\u00f3 el exitoso programa \u2018Bailando por un Sue\u00f1o\u2019 de Marcelo Tinelli, en el que fue representada por Hern\u00e1n Piqu\u00edn y Noelia Pompa-, y los referentes del Frente Mercedino (entre los que estuvo tambi\u00e9n el director del PAMI y tercer candidato a concejal, Mat\u00edas Dematei), avanzaron adem\u00e1s en la posibilidad de organizar distintas actividades solidarias para solventar nuevas obras y permitir la adquisici\u00f3n de herramientas para los chicos.<\/p>\n<p><span style=\"color: #888888;\">Fuente: FMPV<\/span><\/p>\n","protected":false},"excerpt":{"rendered":"<p>El primer candidato a concejal y principal referente del Frente Mercedino para la Victoria (FMpV), \u00a0Juan Ignacio Ustarroz, visit\u00f3 las &#8230; <a title=\"Ustarroz en Hogar Granja Arco Iris: \u201ces para admirar y para imitar\u201d\" class=\"read-more\" href=\"https:\/\/www.hoymercedes.com.ar\/principal\/2013\/08\/28\/ustarroz-en-hogar-granja-arco-iris-es-para-admirar-y-para-imitar\/\" aria-label=\"Leer m\u00e1s sobre Ustarroz en Hogar Granja Arco Iris: \u201ces para admirar y para imitar\u201d\">Leer m\u00e1s<\/a><\/p>\n","protected":false},"author":1,"featured_media":0,"comment_status":"open","ping_status":"open","sticky":false,"template":"","format":"standard","meta":{"_monsterinsights_skip_tracking":false,"_monsterinsights_sitenote_active":false,"_monsterinsights_sitenote_note":"","_monsterinsights_sitenote_category":0,"jetpack_post_was_ever_published":false,"_jetpack_newsletter_access":"","_jetpack_dont_email_post_to_subs":false,"_jetpack_newsletter_tier_id":0,"_jetpack_memberships_contains_paywalled_content":false,"_jetpack_memberships_contains_paid_content":false,"footnotes":"","jetpack_publicize_message":"","jetpack_publicize_feature_enabled":true,"jetpack_social_post_already_shared":true,"jetpack_social_options":{"image_generator_settings":{"template":"highway","default_image_id":0,"font":"","enabled":false},"version":2},"_wpas_customize_per_network":false},"categories":[5],"tags":[1007,585],"class_list":["post-25283","post","type-post","status-publish","format-standard","hentry","category-politica","tag-frente-mercedino","tag-juan-ustarroz","generate-columns","tablet-grid-50","mobile-grid-100","grid-parent","grid-50"],"jetpack_publicize_connections":[],"jetpack_featured_media_url":"","wps_subtitle":"","jetpack_sharing_enabled":true,"_links":{"self":[{"href":"https:\/\/www.hoymercedes.com.ar\/principal\/wp-json\/wp\/v2\/posts\/25283","targetHints":{"allow":["GET"]}}],"collection":[{"href":"https:\/\/www.hoymercedes.com.ar\/principal\/wp-json\/wp\/v2\/posts"}],"about":[{"href":"https:\/\/www.hoymercedes.com.ar\/principal\/wp-json\/wp\/v2\/types\/post"}],"author":[{"embeddable":true,"href":"https:\/\/www.hoymercedes.com.ar\/principal\/wp-json\/wp\/v2\/users\/1"}],"replies":[{"embeddable":true,"href":"https:\/\/www.hoymercedes.com.ar\/principal\/wp-json\/wp\/v2\/comments?post=25283"}],"version-history":[{"count":0,"href":"https:\/\/www.hoymercedes.com.ar\/principal\/wp-json\/wp\/v2\/posts\/25283\/revisions"}],"wp:attachment":[{"href":"https:\/\/www.hoymercedes.com.ar\/principal\/wp-json\/wp\/v2\/media?parent=25283"}],"wp:term":[{"taxonomy":"category","embeddable":true,"href":"https:\/\/www.hoymercedes.com.ar\/principal\/wp-json\/wp\/v2\/categories?post=25283"},{"taxonomy":"post_tag","embeddable":true,"href":"https:\/\/www.hoymercedes.com.ar\/principal\/wp-json\/wp\/v2\/tags?post=25283"}],"curies":[{"name":"wp","href":"https:\/\/api.w.org\/{rel}","templated":true}]}}