{"id":25307,"date":"2013-08-29T00:48:12","date_gmt":"2013-08-29T00:48:12","guid":{"rendered":"http:\/\/www.hoymercedes.com.ar\/principal\/?p=25307"},"modified":"2013-08-29T00:48:12","modified_gmt":"2013-08-29T00:48:12","slug":"cestari-legislo-en-torno-a-basural-y-quema-de-basura-en-mercedes","status":"publish","type":"post","link":"https:\/\/www.hoymercedes.com.ar\/principal\/2013\/08\/29\/cestari-legislo-en-torno-a-basural-y-quema-de-basura-en-mercedes\/","title":{"rendered":"Cestari legisl\u00f3 en torno a basural y quema de basura en mercedes"},"content":{"rendered":"<p><strong><em><a href=\"https:\/\/www.hoymercedes.com.ar\/principal\/wp-content\/uploads\/2013\/08\/Basural-Mercedes1.jpg\"><img loading=\"lazy\" decoding=\"async\" data-attachment-id=\"25310\" data-permalink=\"https:\/\/www.hoymercedes.com.ar\/principal\/2013\/08\/29\/cestari-legislo-en-torno-a-basural-y-quema-de-basura-en-mercedes\/basural-mercedes-2\/#main\" data-orig-file=\"https:\/\/www.hoymercedes.com.ar\/principal\/wp-content\/uploads\/2013\/08\/Basural-Mercedes1.jpg\" data-orig-size=\"620,465\" data-comments-opened=\"1\" data-image-meta=\"{&quot;aperture&quot;:&quot;14.7&quot;,&quot;credit&quot;:&quot;&quot;,&quot;camera&quot;:&quot;DSC-W620&quot;,&quot;caption&quot;:&quot;&quot;,&quot;created_timestamp&quot;:&quot;1377340244&quot;,&quot;copyright&quot;:&quot;&quot;,&quot;focal_length&quot;:&quot;18.3&quot;,&quot;iso&quot;:&quot;125&quot;,&quot;shutter_speed&quot;:&quot;0.01&quot;,&quot;title&quot;:&quot;&quot;}\" data-image-title=\"Basural-Mercedes\" data-image-description=\"\" data-image-caption=\"\" data-large-file=\"https:\/\/www.hoymercedes.com.ar\/principal\/wp-content\/uploads\/2013\/08\/Basural-Mercedes1.jpg\" class=\"aligncenter size-full wp-image-25310\" alt=\"Basural-Mercedes\" src=\"https:\/\/www.hoymercedes.com.ar\/principal\/wp-content\/uploads\/2013\/08\/Basural-Mercedes1.jpg\" width=\"620\" height=\"465\" \/><\/a>El concejal del Mic, Jos\u00e9 Cestari, se reuni\u00f3 con algunos vecinos del predio (cava que seg\u00fan catastro municipal pertenece a Vialidad Nacional) cercano al Acceso Manuel Sanmart\u00edn (ex Acceso Sur) entre calles 146 y 150, que le manifestaron su preocupaci\u00f3n por los residuos que se arrojan en el lugar y los incendios que se generaron a partir del lunes 19 de agosto.<\/em><\/strong><\/p>\n<p>El concejal se comprometi\u00f3 a solicitar un pedido de informe, que se concret\u00f3 en la Sesi\u00f3n Ordinaria del lunes 26 de agosto y que fue aprobado por unanimidad.<\/p>\n<p><strong><\/strong>El informe sali\u00f3 como se lo puede leer a continuaci\u00f3n:<\/p>\n<p style=\"padding-left: 60px;\">\nExpediente 271.13:<br \/>\nVISTO<br \/>\nLos reiterados incendios que se originaron en el predio localizado en Acceso Manuel Sanmart\u00edn (Ex Acceso Sur) entre calle 146 y 150 lado este, a partir del lunes 19 de agosto de 2013.<br \/>\nCONSIDERANDO<br \/>\nQue los Bomberos Voluntarios de Mercedes tuvieron que concurrir en varias oportunidades para dominar el fuego que se gener\u00f3 en el predio en cuesti\u00f3n.<br \/>\nQue se visit\u00f3 el lugar el s\u00e1bado 24 de agosto, se dialog\u00f3 con algunos vecinos y se comprob\u00f3 que a\u00fan existen lugares humeantes con el perjuicio que provocan a los habitantes del lugar (propagaci\u00f3n de mon\u00f3xido de carbono).<br \/>\nQue los Bomberos Voluntarios de Mercedes no pudieron sofocar por completo el foco \u00edgneo en virtud de que la m\u00e1quina municipal utilizada para la remoci\u00f3n era demasiada peque\u00f1a.<br \/>\nAnte lo expuesto el Bloque MIC promueve el siguiente proyecto de:<br \/>\nRESOLUCI\u00d3N.<br \/>\nArt. 1\u00b0 El HCD se dirige al DE, para que a trav\u00e9s del \u00e1rea correspondiente, informe lo siguiente:<br \/>\na) \u00a0 \u00a0 \u00a0\u00bfQui\u00e9n o qui\u00e9nes son los propietarios del predio localizado en Acceso Manuel Sanmart\u00edn (Ex Acceso Sur) entre calles 146 y 150 cuya nomenclatura catastral es C II Secc C Chacra 224 Parcela 9?<br \/>\nb) \u00a0 \u00a0 \u00a0\u00bfExiste alg\u00fan documento qu\u00e9 autorice a los propietarios de dicho predio a permitir que se arrojen residuos y de qu\u00e9 tipo?<br \/>\nc) \u00a0 \u00a0 \u00a0\u00bfExiste alg\u00fan documento qu\u00e9 autorice a los propietarios de dicho predio a permitir el desmonte del mismo?<br \/>\nd) \u00a0 \u00a0 \u00a0Si existen los peritajes efectuados por los Bomberos Voluntarios de Mercedes confirmando o no que los incendios fueron intencionales.<br \/>\nEl edil present\u00f3 gran cantidad de pedidos de informe, la mayor\u00eda de ellos no fueron contestados a\u00fan por el DE, pero para seguir con acciones que lleven a la soluci\u00f3n del problema, se visit\u00f3 nuevamente el lugar el martes 27 de agosto, se observ\u00f3 la presencia de focos con fuego y obviamente con humo que afecta la calidad de vida de los vecinos. Al mismo tiempo se hicieron presentes el Coordinador de Defensa Civil Sr Alterino y el Subcomandante de Bomberos Voluntarios Sr Guti\u00e9rrez, quienes en di\u00e1logo con el concejal manifestaron la necesidad de que el municipio acerque una m\u00e1quina para que la remoci\u00f3n sea total y el incendio quede totalmente extinguido.<br \/>\nEste predio, hace ya alg\u00fan tiempo que est\u00e1 siendo utilizado para relleno de residuos inorg\u00e1nicos, pero como suele ocurrir en este tipo de lugares, la falta de control municipal, m\u00e1s la irresponsabilidad de vecinos, hace que a ramas, escombros u otros desechos, se le sumen residuos domiciliarios, con el agravante de que algunos ocasionen incendios.<\/p>\n","protected":false},"excerpt":{"rendered":"<p>El concejal del Mic, Jos\u00e9 Cestari, se reuni\u00f3 con algunos vecinos del predio (cava que seg\u00fan catastro municipal pertenece a &#8230; <a title=\"Cestari legisl\u00f3 en torno a basural y quema de basura en mercedes\" class=\"read-more\" href=\"https:\/\/www.hoymercedes.com.ar\/principal\/2013\/08\/29\/cestari-legislo-en-torno-a-basural-y-quema-de-basura-en-mercedes\/\" aria-label=\"Leer m\u00e1s sobre Cestari legisl\u00f3 en torno a basural y quema de basura en mercedes\">Leer m\u00e1s<\/a><\/p>\n","protected":false},"author":1,"featured_media":0,"comment_status":"open","ping_status":"open","sticky":false,"template":"","format":"standard","meta":{"_monsterinsights_skip_tracking":false,"_monsterinsights_sitenote_active":false,"_monsterinsights_sitenote_note":"","_monsterinsights_sitenote_category":0,"jetpack_post_was_ever_published":false,"_jetpack_newsletter_access":"","_jetpack_dont_email_post_to_subs":false,"_jetpack_newsletter_tier_id":0,"_jetpack_memberships_contains_paywalled_content":false,"_jetpack_memberships_contains_paid_content":false,"footnotes":"","jetpack_publicize_message":"","jetpack_publicize_feature_enabled":true,"jetpack_social_post_already_shared":true,"jetpack_social_options":{"image_generator_settings":{"template":"highway","default_image_id":0,"font":"","enabled":false},"version":2},"_wpas_customize_per_network":false},"categories":[5],"tags":[321,1972],"class_list":["post-25307","post","type-post","status-publish","format-standard","hentry","category-politica","tag-jose-cestari","tag-mic","generate-columns","tablet-grid-50","mobile-grid-100","grid-parent","grid-50"],"jetpack_publicize_connections":[],"jetpack_featured_media_url":"","wps_subtitle":"","jetpack_sharing_enabled":true,"_links":{"self":[{"href":"https:\/\/www.hoymercedes.com.ar\/principal\/wp-json\/wp\/v2\/posts\/25307","targetHints":{"allow":["GET"]}}],"collection":[{"href":"https:\/\/www.hoymercedes.com.ar\/principal\/wp-json\/wp\/v2\/posts"}],"about":[{"href":"https:\/\/www.hoymercedes.com.ar\/principal\/wp-json\/wp\/v2\/types\/post"}],"author":[{"embeddable":true,"href":"https:\/\/www.hoymercedes.com.ar\/principal\/wp-json\/wp\/v2\/users\/1"}],"replies":[{"embeddable":true,"href":"https:\/\/www.hoymercedes.com.ar\/principal\/wp-json\/wp\/v2\/comments?post=25307"}],"version-history":[{"count":0,"href":"https:\/\/www.hoymercedes.com.ar\/principal\/wp-json\/wp\/v2\/posts\/25307\/revisions"}],"wp:attachment":[{"href":"https:\/\/www.hoymercedes.com.ar\/principal\/wp-json\/wp\/v2\/media?parent=25307"}],"wp:term":[{"taxonomy":"category","embeddable":true,"href":"https:\/\/www.hoymercedes.com.ar\/principal\/wp-json\/wp\/v2\/categories?post=25307"},{"taxonomy":"post_tag","embeddable":true,"href":"https:\/\/www.hoymercedes.com.ar\/principal\/wp-json\/wp\/v2\/tags?post=25307"}],"curies":[{"name":"wp","href":"https:\/\/api.w.org\/{rel}","templated":true}]}}