{"id":25352,"date":"2013-08-30T01:29:51","date_gmt":"2013-08-30T01:29:51","guid":{"rendered":"http:\/\/www.hoymercedes.com.ar\/principal\/?p=25352"},"modified":"2013-08-30T01:29:51","modified_gmt":"2013-08-30T01:29:51","slug":"ustarroz-con-bossio-en-san-antonio-de-areco-entregan-creditos-de-procrear","status":"publish","type":"post","link":"https:\/\/www.hoymercedes.com.ar\/principal\/2013\/08\/30\/ustarroz-con-bossio-en-san-antonio-de-areco-entregan-creditos-de-procrear\/","title":{"rendered":"Ustarroz con Bossio en San Antonio de Areco entregan cr\u00e9ditos de PROCREAR"},"content":{"rendered":"<figure id=\"attachment_25354\" aria-describedby=\"caption-attachment-25354\" style=\"width: 610px\" class=\"wp-caption aligncenter\"><a href=\"https:\/\/www.hoymercedes.com.ar\/principal\/wp-content\/uploads\/2013\/08\/bossio-procrear.jpg\"><img loading=\"lazy\" decoding=\"async\" data-attachment-id=\"25354\" data-permalink=\"https:\/\/www.hoymercedes.com.ar\/principal\/2013\/08\/30\/ustarroz-con-bossio-en-san-antonio-de-areco-entregan-creditos-de-procrear\/bossio-procrear\/#main\" data-orig-file=\"https:\/\/www.hoymercedes.com.ar\/principal\/wp-content\/uploads\/2013\/08\/bossio-procrear.jpg\" data-orig-size=\"620,267\" data-comments-opened=\"1\" data-image-meta=\"{&quot;aperture&quot;:&quot;0&quot;,&quot;credit&quot;:&quot;&quot;,&quot;camera&quot;:&quot;&quot;,&quot;caption&quot;:&quot;&quot;,&quot;created_timestamp&quot;:&quot;0&quot;,&quot;copyright&quot;:&quot;&quot;,&quot;focal_length&quot;:&quot;0&quot;,&quot;iso&quot;:&quot;0&quot;,&quot;shutter_speed&quot;:&quot;0&quot;,&quot;title&quot;:&quot;&quot;}\" data-image-title=\"bossio-procrear\" data-image-description=\"\" data-image-caption=\"&lt;p&gt;Diego Bossio en San Antonio de Areco&lt;\/p&gt;\n\" data-large-file=\"https:\/\/www.hoymercedes.com.ar\/principal\/wp-content\/uploads\/2013\/08\/bossio-procrear.jpg\" class=\"size-full wp-image-25354\" alt=\"Diego Bossio en San Antonio de Areco \" src=\"https:\/\/www.hoymercedes.com.ar\/principal\/wp-content\/uploads\/2013\/08\/bossio-procrear.jpg\" width=\"620\" height=\"267\" \/><\/a><figcaption id=\"caption-attachment-25354\" class=\"wp-caption-text\">Diego Bossio en San Antonio de Areco. Foto: ANSES<\/figcaption><\/figure>\n<p><strong><em>Juan Ustarroz estuvo en la ciudad de San Antonio de Areco junto a Diego Bossi entregando cr\u00e9ditos del Plan ProCreAr. Ustarroz adem\u00e1s de ser el primer candidato del Frente Mercedino para la Victoria como concejal es el Gerente Regional del ANSES.<\/em><\/strong><\/p>\n<p><em>\u201cEstos actos simb\u00f3licos son la constancia de que el Estado llega a los que m\u00e1s lo necesitan. El plan Procrear es una herramienta excelente para acceder a la vivienda. En Mercedes ya tenemos muchos vecinos que accedieron a la l\u00ednea crediticia para aquellos que tienen terreno, y va avanzando el Desarrollo Urban\u00edstico con 290 casas para la gente sin un lote propio. Estamos muy contentos con lo que vamos logrando en nuestra ciudad, sobre todo por el d\u00e9ficit habitacional que tenemos<\/em>\u201d, expres\u00f3 Ustarroz.<\/p>\n<p>En el encuentro en Areco, que cont\u00f3 con la participaci\u00f3n del intendente local, Francisco Dura\u00f1ona, y se llev\u00f3 a cabo en el Sal\u00f3n Cultural Manuel de Guerrico, Bossio hizo entrega de dos certificados de cr\u00e9dito hipotecario a familias de la zona que se inscribieron en el programa Procrear y resultaron beneficiadas en el sorteo de Loter\u00eda Nacional.<\/p>\n<p><em>\u201cLas cosas no se hacen por casualidad \u2013cont\u00f3\u00a0Bossio-. Se hacen con trabajo y decisi\u00f3n. Hace algunos a\u00f1os, la Argentina estaba devastada, sin esperanza ni oportunidades. La gente golpeaba las puertas de los bancos para que le devolvieran su dinero, los haberes de los jubilados bajaban\u2026 Pero a partir de la llegada de N\u00e9stor Kirchner, y de la continuidad con la Presidenta Cristina, el pa\u00eds empez\u00f3 a recuperarse\u201d.<\/em><\/p>\n<p>\u201cAqu\u00ed en Areco \u2013ejemplific\u00f3-, sesenta familias ya iniciaron la construcci\u00f3n de sus viviendas a trav\u00e9s del plan Procrear Bicentenario. Tambi\u00e9n se har\u00e1 un Desarrollo Urban\u00edstico con 92 casas para vecinos sin terreno. Estamos luchando por una Argentina para todos\u201d.<\/p>\n<p>Por su parte, Dura\u00f1ona asegur\u00f3: <em>\u201cCuando la Presidenta dice \u2018La Patria es el otro\u2019, nos est\u00e1 invitando a pensar en un proyecto colectivo. Ella habla del amor para poder trabahar por el otro. Antes, para estudiar y trabajar hab\u00eda que ir a las grandes ciudades. Hoy no pasa eso. Gracias al Gobierno Nacional hoy en San Antonio de Areco tenemos un centro universitario abierto para todos y ya con m\u00e1s de 400 alumnos\u201d.<\/em><\/p>\n<p>Durante el acto, el Director Ejecutivo de la ANSES entreg\u00f3\u00a0tambi\u00e9n de 260 netbooks a alumnos de escuelas p\u00fablicas, dentro del programa Conectar Igualdad: <em>\u201cCuando entregamos las computadoras nos emocionamos \u2013cont\u00f3-. Estamos felices de poder llegar a la escuela p\u00fablica y dar mayores posibilidades con este programa\u201d.<\/em><\/p>\n<p><em>\u201cLo de la entrega de netbooks tambi\u00e9n es un s\u00edmbolo de las pol\u00edticas inclusivas que se impulsan desde el gobierno nacional, para que el acceso a las nuevas tecnolog\u00edas y herramientas digitales no sean privilegio de unos pocos\u201d<\/em>, concluy\u00f3 Ustarroz, quien en enero de este a\u00f1o hab\u00eda visitado San Antonio de Areco, tambi\u00e9n en compa\u00f1\u00eda de Diego Bossio, para dejar inaugurado el nuevo edificio de la sede local de la ANSES.<\/p>\n<p>Fuente: Frente Mercedino<\/p>\n","protected":false},"excerpt":{"rendered":"<p>Juan Ustarroz estuvo en la ciudad de San Antonio de Areco junto a Diego Bossi entregando cr\u00e9ditos del Plan ProCreAr. &#8230; <a title=\"Ustarroz con Bossio en San Antonio de Areco entregan cr\u00e9ditos de PROCREAR\" class=\"read-more\" href=\"https:\/\/www.hoymercedes.com.ar\/principal\/2013\/08\/30\/ustarroz-con-bossio-en-san-antonio-de-areco-entregan-creditos-de-procrear\/\" aria-label=\"Leer m\u00e1s sobre Ustarroz con Bossio en San Antonio de Areco entregan cr\u00e9ditos de PROCREAR\">Leer m\u00e1s<\/a><\/p>\n","protected":false},"author":1,"featured_media":0,"comment_status":"open","ping_status":"open","sticky":false,"template":"","format":"standard","meta":{"_monsterinsights_skip_tracking":false,"_monsterinsights_sitenote_active":false,"_monsterinsights_sitenote_note":"","_monsterinsights_sitenote_category":0,"jetpack_post_was_ever_published":false,"_jetpack_newsletter_access":"","_jetpack_dont_email_post_to_subs":false,"_jetpack_newsletter_tier_id":0,"_jetpack_memberships_contains_paywalled_content":false,"_jetpack_memberships_contains_paid_content":false,"footnotes":"","jetpack_publicize_message":"","jetpack_publicize_feature_enabled":true,"jetpack_social_post_already_shared":true,"jetpack_social_options":{"image_generator_settings":{"template":"highway","default_image_id":0,"font":"","enabled":false},"version":2},"_wpas_customize_per_network":false},"categories":[5],"tags":[3702,585,3435],"class_list":["post-25352","post","type-post","status-publish","format-standard","hentry","category-politica","tag-diego-bossio","tag-juan-ustarroz","tag-procrear","generate-columns","tablet-grid-50","mobile-grid-100","grid-parent","grid-50"],"jetpack_publicize_connections":[],"jetpack_featured_media_url":"","wps_subtitle":"","jetpack_sharing_enabled":true,"_links":{"self":[{"href":"https:\/\/www.hoymercedes.com.ar\/principal\/wp-json\/wp\/v2\/posts\/25352","targetHints":{"allow":["GET"]}}],"collection":[{"href":"https:\/\/www.hoymercedes.com.ar\/principal\/wp-json\/wp\/v2\/posts"}],"about":[{"href":"https:\/\/www.hoymercedes.com.ar\/principal\/wp-json\/wp\/v2\/types\/post"}],"author":[{"embeddable":true,"href":"https:\/\/www.hoymercedes.com.ar\/principal\/wp-json\/wp\/v2\/users\/1"}],"replies":[{"embeddable":true,"href":"https:\/\/www.hoymercedes.com.ar\/principal\/wp-json\/wp\/v2\/comments?post=25352"}],"version-history":[{"count":0,"href":"https:\/\/www.hoymercedes.com.ar\/principal\/wp-json\/wp\/v2\/posts\/25352\/revisions"}],"wp:attachment":[{"href":"https:\/\/www.hoymercedes.com.ar\/principal\/wp-json\/wp\/v2\/media?parent=25352"}],"wp:term":[{"taxonomy":"category","embeddable":true,"href":"https:\/\/www.hoymercedes.com.ar\/principal\/wp-json\/wp\/v2\/categories?post=25352"},{"taxonomy":"post_tag","embeddable":true,"href":"https:\/\/www.hoymercedes.com.ar\/principal\/wp-json\/wp\/v2\/tags?post=25352"}],"curies":[{"name":"wp","href":"https:\/\/api.w.org\/{rel}","templated":true}]}}