{"id":25371,"date":"2013-08-30T02:38:02","date_gmt":"2013-08-30T02:38:02","guid":{"rendered":"http:\/\/www.hoymercedes.com.ar\/principal\/?p=25371"},"modified":"2013-08-30T02:38:02","modified_gmt":"2013-08-30T02:38:02","slug":"frente-mercedino-y-casa-joven-en-jornada-de-defensa-de-la-ley-que-el-pueblo-escribio","status":"publish","type":"post","link":"https:\/\/www.hoymercedes.com.ar\/principal\/2013\/08\/30\/frente-mercedino-y-casa-joven-en-jornada-de-defensa-de-la-ley-que-el-pueblo-escribio\/","title":{"rendered":"Frente Mercedino y Casa Joven en \u00abJornada de defensa de la ley que el pueblo escribi\u00f3\u00bb"},"content":{"rendered":"<p><a href=\"https:\/\/www.hoymercedes.com.ar\/principal\/wp-content\/uploads\/2013\/08\/JornadaLeyJPMilitantePeronismo.jpg\"><img loading=\"lazy\" decoding=\"async\" data-attachment-id=\"25373\" data-permalink=\"https:\/\/www.hoymercedes.com.ar\/principal\/2013\/08\/30\/frente-mercedino-y-casa-joven-en-jornada-de-defensa-de-la-ley-que-el-pueblo-escribio\/jornadaleyjpmilitanteperonismo\/#main\" data-orig-file=\"https:\/\/www.hoymercedes.com.ar\/principal\/wp-content\/uploads\/2013\/08\/JornadaLeyJPMilitantePeronismo.jpg\" data-orig-size=\"620,413\" data-comments-opened=\"1\" data-image-meta=\"{&quot;aperture&quot;:&quot;0&quot;,&quot;credit&quot;:&quot;&quot;,&quot;camera&quot;:&quot;&quot;,&quot;caption&quot;:&quot;&quot;,&quot;created_timestamp&quot;:&quot;0&quot;,&quot;copyright&quot;:&quot;&quot;,&quot;focal_length&quot;:&quot;0&quot;,&quot;iso&quot;:&quot;0&quot;,&quot;shutter_speed&quot;:&quot;0&quot;,&quot;title&quot;:&quot;&quot;}\" data-image-title=\"JornadaLeyJPMilitantePeronismo\" data-image-description=\"\" data-image-caption=\"\" data-large-file=\"https:\/\/www.hoymercedes.com.ar\/principal\/wp-content\/uploads\/2013\/08\/JornadaLeyJPMilitantePeronismo.jpg\" class=\"aligncenter size-full wp-image-25373\" alt=\"JornadaLeyJPMilitantePeronismo\" src=\"https:\/\/www.hoymercedes.com.ar\/principal\/wp-content\/uploads\/2013\/08\/JornadaLeyJPMilitantePeronismo.jpg\" width=\"620\" height=\"413\" \/><\/a><\/p>\n<p><strong><em>Durante las jornadas de audiencia que se vivieron en la Suprema Corte de Justicia denominadas \u00abJornada de defensa de la ley que el pueblo escribio\u00bb\u00a0hubo presencia de mercedinos militantes del Frente Mercedino para la Victoria y Casa Joven.<\/em><\/strong><\/p>\n<p>Las voluntades locales lo hicieron en el marco de una serie de movilizaciones y acciones de apoyo a la puesta en marcha de forma plena de la ley de servicios audiovisuales.<\/p>\n<p>Desde la JP de la provincia de Buenos Aires informaron que: \u00ab<em>M\u00e1s de 500 compa\u00f1eros y compa\u00f1eras de la JPBA La C\u00e1mpora estuvieron presentes en la jornada de \u201cdefensa de la ley que el Pueblo escribi\u00f3\u201d organizada por la Coalici\u00f3n para una Comunicaci\u00f3n Democr\u00e1tica y la Autoridad Federal de Servicios de Comunicaci\u00f3n Audiovisual (AFSCA) frente al Palacios de Tribunales.<\/em><\/p>\n<p><em>Desde las 17 horas los militantes bancaron la ley de Servicios de Comunicaci\u00f3n Audiovisual junto a distintas organizaciones sociales, pol\u00edticas, artistas y periodistas a la espera de la audiencia p\u00fablica entre autoridades del Estado y directivos del Grupo Clar\u00edn que convoc\u00f3 la Corte Suprema. Con consignas militantes junto a organizaciones de Unidos y Organizados, y las Madres y Abuelas de Plaza de Mayo, los compa\u00f1eros, pidieron por la plena vigencia de la ley que garantiza la democratizaci\u00f3n y la libertad de expresi\u00f3n en la Argentina.<\/em><\/p>\n<p><em>Entre los presentes estuvieron el vicegobernador de la provincia de Buenos Aires Gabriel Mariotto, los diputados nacionales Horacio Pietragalla y Edgardo Depetri, el dirigente Luis D\u00b4El\u00eda, el titular de la CTA Hugo Yasky, los m\u00fasicos Teresa Parodi, V\u00edctor Heredia y Peteco Carabajal; el periodista Carlos Ulanovsky; la actriz Alejandra Dar\u00edn, presidenta de la Asociaci\u00f3n Argentina de Actores junto a Andrea Del Boca.<\/em><\/p>\n<p><em>En el cierre del acto tom\u00f3 la palabra el presidente del AFSCA Mart\u00edn Sabbatella, representante del Estado en la audiencia p\u00fablica, donde destac\u00f3 la necesidad de tener la plena vigencia de la ley \u201cpara que nuestro pueblo pueda expresarse y se le garantice el derecho a la informaci\u00f3n\u201d. Tambi\u00e9n se refiri\u00f3 a Clar\u00edn, denunciante de la inconstitucionalidad de la ley ante la Corte, como \u201cel grupo que resiste esta ley porque construy\u00f3 su poder\u00edo econ\u00f3mico con v\u00ednculos con la dictadura militar y el terrorismo de Estado, durante los a\u00f1os 90 extorsionando a los cable operarodes de las provincias y porque utiliza este poder econ\u00f3mico y medi\u00e1tico como lo hizo durante d\u00e9cadas para condicional la democracia y extorsionar los poderes p\u00fablicos\u201d.<\/em><\/p>\n<p>&nbsp;<\/p>\n","protected":false},"excerpt":{"rendered":"<p>Durante las jornadas de audiencia que se vivieron en la Suprema Corte de Justicia denominadas \u00abJornada de defensa de la &#8230; <a title=\"Frente Mercedino y Casa Joven en \u00abJornada de defensa de la ley que el pueblo escribi\u00f3\u00bb\" class=\"read-more\" href=\"https:\/\/www.hoymercedes.com.ar\/principal\/2013\/08\/30\/frente-mercedino-y-casa-joven-en-jornada-de-defensa-de-la-ley-que-el-pueblo-escribio\/\" aria-label=\"Leer m\u00e1s sobre Frente Mercedino y Casa Joven en \u00abJornada de defensa de la ley que el pueblo escribi\u00f3\u00bb\">Leer m\u00e1s<\/a><\/p>\n","protected":false},"author":1,"featured_media":0,"comment_status":"open","ping_status":"open","sticky":false,"template":"","format":"standard","meta":{"_monsterinsights_skip_tracking":false,"_monsterinsights_sitenote_active":false,"_monsterinsights_sitenote_note":"","_monsterinsights_sitenote_category":0,"jetpack_post_was_ever_published":false,"_jetpack_newsletter_access":"","_jetpack_dont_email_post_to_subs":false,"_jetpack_newsletter_tier_id":0,"_jetpack_memberships_contains_paywalled_content":false,"_jetpack_memberships_contains_paid_content":false,"footnotes":"","jetpack_publicize_message":"","jetpack_publicize_feature_enabled":true,"jetpack_social_post_already_shared":true,"jetpack_social_options":{"image_generator_settings":{"template":"highway","default_image_id":0,"font":"","enabled":false},"version":2},"_wpas_customize_per_network":false},"categories":[5],"tags":[3,379,3829],"class_list":["post-25371","post","type-post","status-publish","format-standard","hentry","category-politica","tag-casa-joven","tag-frente-mercedino-para-la-victoria","tag-jornada-de-defensa-de-la-ley-que-el-pueblo-escribio","generate-columns","tablet-grid-50","mobile-grid-100","grid-parent","grid-50"],"jetpack_publicize_connections":[],"jetpack_featured_media_url":"","wps_subtitle":"","jetpack_sharing_enabled":true,"_links":{"self":[{"href":"https:\/\/www.hoymercedes.com.ar\/principal\/wp-json\/wp\/v2\/posts\/25371","targetHints":{"allow":["GET"]}}],"collection":[{"href":"https:\/\/www.hoymercedes.com.ar\/principal\/wp-json\/wp\/v2\/posts"}],"about":[{"href":"https:\/\/www.hoymercedes.com.ar\/principal\/wp-json\/wp\/v2\/types\/post"}],"author":[{"embeddable":true,"href":"https:\/\/www.hoymercedes.com.ar\/principal\/wp-json\/wp\/v2\/users\/1"}],"replies":[{"embeddable":true,"href":"https:\/\/www.hoymercedes.com.ar\/principal\/wp-json\/wp\/v2\/comments?post=25371"}],"version-history":[{"count":0,"href":"https:\/\/www.hoymercedes.com.ar\/principal\/wp-json\/wp\/v2\/posts\/25371\/revisions"}],"wp:attachment":[{"href":"https:\/\/www.hoymercedes.com.ar\/principal\/wp-json\/wp\/v2\/media?parent=25371"}],"wp:term":[{"taxonomy":"category","embeddable":true,"href":"https:\/\/www.hoymercedes.com.ar\/principal\/wp-json\/wp\/v2\/categories?post=25371"},{"taxonomy":"post_tag","embeddable":true,"href":"https:\/\/www.hoymercedes.com.ar\/principal\/wp-json\/wp\/v2\/tags?post=25371"}],"curies":[{"name":"wp","href":"https:\/\/api.w.org\/{rel}","templated":true}]}}