{"id":25410,"date":"2013-08-31T18:57:29","date_gmt":"2013-08-31T18:57:29","guid":{"rendered":"http:\/\/www.hoymercedes.com.ar\/principal\/?p=25410"},"modified":"2013-08-31T18:57:29","modified_gmt":"2013-08-31T18:57:29","slug":"selva-junto-a-sergio-massa-en-congreso-internacional-en-tigre","status":"publish","type":"post","link":"https:\/\/www.hoymercedes.com.ar\/principal\/2013\/08\/31\/selva-junto-a-sergio-massa-en-congreso-internacional-en-tigre\/","title":{"rendered":"Selva junto a Sergio Massa en congreso internacional en Tigre"},"content":{"rendered":"<figure id=\"attachment_25412\" aria-describedby=\"caption-attachment-25412\" style=\"width: 610px\" class=\"wp-caption aligncenter\"><a href=\"https:\/\/www.hoymercedes.com.ar\/principal\/wp-content\/uploads\/2013\/08\/selvaentigre.jpg\"><img loading=\"lazy\" decoding=\"async\" data-attachment-id=\"25412\" data-permalink=\"https:\/\/www.hoymercedes.com.ar\/principal\/2013\/08\/31\/selva-junto-a-sergio-massa-en-congreso-internacional-en-tigre\/selvaentigre\/#main\" data-orig-file=\"https:\/\/www.hoymercedes.com.ar\/principal\/wp-content\/uploads\/2013\/08\/selvaentigre.jpg\" data-orig-size=\"620,413\" data-comments-opened=\"1\" data-image-meta=\"{&quot;aperture&quot;:&quot;2.8&quot;,&quot;credit&quot;:&quot;&quot;,&quot;camera&quot;:&quot;DMC-FZ60&quot;,&quot;caption&quot;:&quot;&quot;,&quot;created_timestamp&quot;:&quot;1377857680&quot;,&quot;copyright&quot;:&quot;&quot;,&quot;focal_length&quot;:&quot;4.5&quot;,&quot;iso&quot;:&quot;400&quot;,&quot;shutter_speed&quot;:&quot;0.066666666666667&quot;,&quot;title&quot;:&quot;&quot;}\" data-image-title=\"selvaentigre\" data-image-description=\"\" data-image-caption=\"&lt;p&gt;Carlos Selva en Tigre&lt;\/p&gt;\n\" data-large-file=\"https:\/\/www.hoymercedes.com.ar\/principal\/wp-content\/uploads\/2013\/08\/selvaentigre.jpg\" class=\"size-full wp-image-25412\" alt=\"Carlos Selva en Tigre\" src=\"https:\/\/www.hoymercedes.com.ar\/principal\/wp-content\/uploads\/2013\/08\/selvaentigre.jpg\" width=\"620\" height=\"413\" \/><\/a><figcaption id=\"caption-attachment-25412\" class=\"wp-caption-text\">Carlos Selva en Tigre<\/figcaption><\/figure>\n<p><em><strong>El intendente Carlos Selva particip\u00f3, junto a Sergio Massa, de la apertura del Primer Congreso Internacional de Educaci\u00f3n Inclusiva que se desarrolla hasta el domingo en la localidad de Tigre.<\/strong><\/em><\/p>\n<p>El primer mandatario local estuvo en la presentaci\u00f3n oficial de este Congreso, que cuenta con referentes de todo el pa\u00eds y que tiene disertantes de car\u00e1cter internacional. Selva estuvo sentado en la primera fila junto con Mirta Tundis y el intendente de San Miguel Joaqu\u00edn De la Torre, entre otros dirigentes del massismo. Tambi\u00e9n desde Mercedes parti\u00f3 una delegaci\u00f3n integrada por maestras especiales y la directora de Discapacidad Leonor Ocampo.<\/p>\n<p>Sergio Massa encabez\u00f3 la apertura del primer simposio internacional, que se llevar\u00e1 a cabo este viernes, s\u00e1bado y domingo en Pipa Tigre. All\u00ed, disertar\u00e1n especialistas y expertos mundiales sobre la ense\u00f1anza inclusiva para personas con discapacidad. \u201cAsumimos un compromiso con nuestra joven fuerza pol\u00edtica, de pelear y hacer respetar desde el parlamento la convenci\u00f3n de los derechos de la discapacidad en la Constituci\u00f3n Argentina\u201d, destac\u00f3 Massa.<\/p>\n<p>Con ejes tem\u00e1ticos precisos que abordan los derechos, la pol\u00edtica p\u00fablica, los actores y los desaf\u00edos de la implementaci\u00f3n en las aulas, dio comienzo el Primer Congreso Argentino, Regional e Internacional de Educaci\u00f3n Inclusiva. El encuentro tendr\u00e1 lugar este viernes 30, s\u00e1bado 31 y domingo 1 de septiembre en Pipa Tigre; y all\u00ed disertar\u00e1n expertos mundiales, directivos de la Organizaci\u00f3n de Estados Americanos (OEA) y especialistas argentinos.<\/p>\n<p>La apertura del simposio estuvo a cargo del Intendente de Tigre, Sergio Massa, quien expres\u00f3: \u201cEs un orgullo recibir a organizaciones mundiales y funcionarios internacionales en este 1\u00b0 Congreso Internacional, Regional y Argentino de Educaci\u00f3n Inclusiva en Tigre. Hay que romper con la discriminaci\u00f3n. Un 10% de nuestra sociedad tiene alguna discapacida y no puede pasar desapercibida. Hay que generar inclusi\u00f3n desde el inicio del sistema educativo. No hay que buscarles tutores a los alumnos sino que desde sus capacidades puedan desarrollarse como el resto de sus compa\u00f1eros\u201d.<\/p>\n<p>Durante los tres d\u00edas que dura el Congreso, disertar\u00e1n invitados de Argentina entre doctores en psicolog\u00eda y derecho, docentes e intendentes, y adem\u00e1s invitados Internacionales, entre otros: Aleksandra Posarac (Banco Mundial), Jody Carr (Ministro de Educaci\u00f3n de New Brunswick, Canad\u00e1), Gordon Porter (Director de Educaci\u00f3n Inclusiva en Canad\u00e1), Filomena Pereyra (Ministro de Educaci\u00f3n en Portugal), Amanda Watkins (Agencia Europea), Martinha Clarete Dutra Dos Santos (Directora de Pol\u00edticas de Educaci\u00f3n Especial del Departamento de Educaci\u00f3n continua, Alfabetizaci\u00f3n, Diversidad e Inclusi\u00f3n en Brasil), Laura Cubero Orias (Asesora Nacional de Educaci\u00f3n de Costa Rica), Rosa Blanco Guijarro (Licenciada en Filosof\u00eda y Ciencias de la Educaci\u00f3n por la Universidad Complutense de Madrid), Magdalena Orlando (ONU), Ana Evelyn Jacir De Lovo (OEA) y Sergio Meresman (Mag\u00edster en Salud Comunitaria).<\/p>\n","protected":false},"excerpt":{"rendered":"<p>El intendente Carlos Selva particip\u00f3, junto a Sergio Massa, de la apertura del Primer Congreso Internacional de Educaci\u00f3n Inclusiva que &#8230; <a title=\"Selva junto a Sergio Massa en congreso internacional en Tigre\" class=\"read-more\" href=\"https:\/\/www.hoymercedes.com.ar\/principal\/2013\/08\/31\/selva-junto-a-sergio-massa-en-congreso-internacional-en-tigre\/\" aria-label=\"Leer m\u00e1s sobre Selva junto a Sergio Massa en congreso internacional en Tigre\">Leer m\u00e1s<\/a><\/p>\n","protected":false},"author":1,"featured_media":0,"comment_status":"open","ping_status":"open","sticky":false,"template":"","format":"standard","meta":{"_monsterinsights_skip_tracking":false,"_monsterinsights_sitenote_active":false,"_monsterinsights_sitenote_note":"","_monsterinsights_sitenote_category":0,"jetpack_post_was_ever_published":false,"_jetpack_newsletter_access":"","_jetpack_dont_email_post_to_subs":false,"_jetpack_newsletter_tier_id":0,"_jetpack_memberships_contains_paywalled_content":false,"_jetpack_memberships_contains_paid_content":false,"footnotes":"","jetpack_publicize_message":"","jetpack_publicize_feature_enabled":true,"jetpack_social_post_already_shared":true,"jetpack_social_options":{"image_generator_settings":{"template":"highway","default_image_id":0,"font":"","enabled":false},"version":2},"_wpas_customize_per_network":false},"categories":[5],"tags":[3537,3226,18],"class_list":["post-25410","post","type-post","status-publish","format-standard","hentry","category-politica","tag-frente-renovador","tag-massa","tag-selva","generate-columns","tablet-grid-50","mobile-grid-100","grid-parent","grid-50"],"jetpack_publicize_connections":[],"jetpack_featured_media_url":"","wps_subtitle":"","jetpack_sharing_enabled":true,"_links":{"self":[{"href":"https:\/\/www.hoymercedes.com.ar\/principal\/wp-json\/wp\/v2\/posts\/25410","targetHints":{"allow":["GET"]}}],"collection":[{"href":"https:\/\/www.hoymercedes.com.ar\/principal\/wp-json\/wp\/v2\/posts"}],"about":[{"href":"https:\/\/www.hoymercedes.com.ar\/principal\/wp-json\/wp\/v2\/types\/post"}],"author":[{"embeddable":true,"href":"https:\/\/www.hoymercedes.com.ar\/principal\/wp-json\/wp\/v2\/users\/1"}],"replies":[{"embeddable":true,"href":"https:\/\/www.hoymercedes.com.ar\/principal\/wp-json\/wp\/v2\/comments?post=25410"}],"version-history":[{"count":0,"href":"https:\/\/www.hoymercedes.com.ar\/principal\/wp-json\/wp\/v2\/posts\/25410\/revisions"}],"wp:attachment":[{"href":"https:\/\/www.hoymercedes.com.ar\/principal\/wp-json\/wp\/v2\/media?parent=25410"}],"wp:term":[{"taxonomy":"category","embeddable":true,"href":"https:\/\/www.hoymercedes.com.ar\/principal\/wp-json\/wp\/v2\/categories?post=25410"},{"taxonomy":"post_tag","embeddable":true,"href":"https:\/\/www.hoymercedes.com.ar\/principal\/wp-json\/wp\/v2\/tags?post=25410"}],"curies":[{"name":"wp","href":"https:\/\/api.w.org\/{rel}","templated":true}]}}