{"id":25433,"date":"2013-09-01T22:48:19","date_gmt":"2013-09-01T22:48:19","guid":{"rendered":"http:\/\/www.hoymercedes.com.ar\/principal\/?p=25433"},"modified":"2013-09-01T22:48:19","modified_gmt":"2013-09-01T22:48:19","slug":"la-paciencia-tiene-un-limite-dicen-desde-la-union-de-usuarios-viales","status":"publish","type":"post","link":"https:\/\/www.hoymercedes.com.ar\/principal\/2013\/09\/01\/la-paciencia-tiene-un-limite-dicen-desde-la-union-de-usuarios-viales\/","title":{"rendered":"\u00abLa paciencia tiene un l\u00edmite\u00bb dicen desde la Uni\u00f3n de Usuarios Viales"},"content":{"rendered":"<p><em><strong>Tras la \u00faltima reuni\u00f3n llevada a cabo en el \u00e1mbito de la C\u00e1mara Econ\u00f3mica Mercedina la Uni\u00f3n de Usuarios Viales y la Comisi\u00f3n de Vecinos de nuestra ciudad emitieron un documento donde presentan su insatisfacci\u00f3n por la demora en diversas obras en las rutas nacionales y provinciales.<\/strong><\/em><\/p>\n<p>Desde la Uni\u00f3n de Usuario viales sostuvieron un <em><strong>\u00abLa paciencia tiene un l\u00edmite\u00bb<\/strong><\/em>:<\/p>\n<p style=\"padding-left: 30px;\"><em>En la noche del viernes 30 de agosto, convocados por la Comisi\u00f3n de Vecinos de Mercedes y miembros activos de UDUV, uni\u00f3n de usuarios viales, se celebr\u00f3 un encuentro en el que se manifest\u00f3 la preocupaci\u00f3n por la demora del inicio de las obras en el corredor vial de la ruta nacional n\u00ba 5. El encuentro se realiz\u00f3 en la sede de la C\u00e1mara Econ\u00f3mica Mercedina, quien gentilmente cedi\u00f3 sus instalaciones al efecto, y cont\u00f3 con la participaci\u00f3n de representantes de localidades de dicho corredor vial, periodistas, concejales y vecinos locales. En principio se inform\u00f3 lo trabajado hasta el momento en reuniones en Vialidad Nacional y en el OCCOVI, obtenidas gracias a la intervencion de los Diputados De Pedro, Espa\u00f1a, y el Gerente del Regional del Anses, impulsados por los vecinos de la comisi\u00f3n, en la que se detallaron las obras a ejecutar, cuyos plazos de inicio, a la fecha, ya han vencido. Luego de un extenso debate, en el que qued\u00f3 demostrada la preocupaci\u00f3n, y el malestar, ante las promesas incumplidas, sumadas a los reiterados accidentes que se llevan vidas de nuestros vecinos, se decidi\u00f3 solicitar una urgente reuni\u00f3n con las autoridades de Vialidad Nacional en el mes de septiembre, no con el OCCOVI, a trav\u00e9s de nuestros representantes legislativos, para que se defina la situaci\u00f3n y as\u00ed poder informar al respecto. El viernes 13 de septiembre venidero, se acord\u00f3 una nueva reuni\u00f3n para determinar ya, con determinaci\u00f3n, las acciones a implementar en caso de encontrarnos en la misma situaci\u00f3n que la actual, por supuesto, las acciones se est\u00e1n evaluando para que ese dia 13, solo tengamos que poner fecha a lo planificado.<\/em><\/p>\n<p>Comisi\u00f3n de Vecinos de Mercedes UDUV. Union de Usuarios Viales<\/p>\n<p>&nbsp;<\/p>\n","protected":false},"excerpt":{"rendered":"<p>Tras la \u00faltima reuni\u00f3n llevada a cabo en el \u00e1mbito de la C\u00e1mara Econ\u00f3mica Mercedina la Uni\u00f3n de Usuarios Viales &#8230; <a title=\"\u00abLa paciencia tiene un l\u00edmite\u00bb dicen desde la Uni\u00f3n de Usuarios Viales\" class=\"read-more\" href=\"https:\/\/www.hoymercedes.com.ar\/principal\/2013\/09\/01\/la-paciencia-tiene-un-limite-dicen-desde-la-union-de-usuarios-viales\/\" aria-label=\"Leer m\u00e1s sobre \u00abLa paciencia tiene un l\u00edmite\u00bb dicen desde la Uni\u00f3n de Usuarios Viales\">Leer m\u00e1s<\/a><\/p>\n","protected":false},"author":1,"featured_media":0,"comment_status":"open","ping_status":"open","sticky":false,"template":"","format":"standard","meta":{"_monsterinsights_skip_tracking":false,"_monsterinsights_sitenote_active":false,"_monsterinsights_sitenote_note":"","_monsterinsights_sitenote_category":0,"jetpack_post_was_ever_published":false,"_jetpack_newsletter_access":"","_jetpack_dont_email_post_to_subs":false,"_jetpack_newsletter_tier_id":0,"_jetpack_memberships_contains_paywalled_content":false,"_jetpack_memberships_contains_paid_content":false,"footnotes":"","jetpack_publicize_message":"","jetpack_publicize_feature_enabled":true,"jetpack_social_post_already_shared":true,"jetpack_social_options":{"image_generator_settings":{"template":"highway","default_image_id":0,"font":"","enabled":false},"version":2},"_wpas_customize_per_network":false},"categories":[8],"tags":[267,3052,2144,2754],"class_list":["post-25433","post","type-post","status-publish","format-standard","hentry","category-sociedad","tag-camara-economica-mercedina","tag-carlos-mosso","tag-comision-de-vecinos","tag-union-de-usuarios-viales","generate-columns","tablet-grid-50","mobile-grid-100","grid-parent","grid-50"],"jetpack_publicize_connections":[],"jetpack_featured_media_url":"","wps_subtitle":"","jetpack_sharing_enabled":true,"_links":{"self":[{"href":"https:\/\/www.hoymercedes.com.ar\/principal\/wp-json\/wp\/v2\/posts\/25433","targetHints":{"allow":["GET"]}}],"collection":[{"href":"https:\/\/www.hoymercedes.com.ar\/principal\/wp-json\/wp\/v2\/posts"}],"about":[{"href":"https:\/\/www.hoymercedes.com.ar\/principal\/wp-json\/wp\/v2\/types\/post"}],"author":[{"embeddable":true,"href":"https:\/\/www.hoymercedes.com.ar\/principal\/wp-json\/wp\/v2\/users\/1"}],"replies":[{"embeddable":true,"href":"https:\/\/www.hoymercedes.com.ar\/principal\/wp-json\/wp\/v2\/comments?post=25433"}],"version-history":[{"count":0,"href":"https:\/\/www.hoymercedes.com.ar\/principal\/wp-json\/wp\/v2\/posts\/25433\/revisions"}],"wp:attachment":[{"href":"https:\/\/www.hoymercedes.com.ar\/principal\/wp-json\/wp\/v2\/media?parent=25433"}],"wp:term":[{"taxonomy":"category","embeddable":true,"href":"https:\/\/www.hoymercedes.com.ar\/principal\/wp-json\/wp\/v2\/categories?post=25433"},{"taxonomy":"post_tag","embeddable":true,"href":"https:\/\/www.hoymercedes.com.ar\/principal\/wp-json\/wp\/v2\/tags?post=25433"}],"curies":[{"name":"wp","href":"https:\/\/api.w.org\/{rel}","templated":true}]}}