{"id":25440,"date":"2013-09-01T23:51:24","date_gmt":"2013-09-01T23:51:24","guid":{"rendered":"http:\/\/www.hoymercedes.com.ar\/principal\/?p=25440"},"modified":"2013-09-01T23:51:24","modified_gmt":"2013-09-01T23:51:24","slug":"alfredo-ponce-gano-juicio-contra-consejo-escolar-y-consejeros-que-lo-destituyeron","status":"publish","type":"post","link":"https:\/\/www.hoymercedes.com.ar\/principal\/2013\/09\/01\/alfredo-ponce-gano-juicio-contra-consejo-escolar-y-consejeros-que-lo-destituyeron\/","title":{"rendered":"Alfredo Ponce gan\u00f3 juicio contra Consejo Escolar y consejeros que lo destituyeron"},"content":{"rendered":"<figure id=\"attachment_25444\" aria-describedby=\"caption-attachment-25444\" style=\"width: 610px\" class=\"wp-caption aligncenter\"><a href=\"https:\/\/www.hoymercedes.com.ar\/principal\/wp-content\/uploads\/2013\/09\/AlfredoPonce.jpg\"><img loading=\"lazy\" decoding=\"async\" data-attachment-id=\"25444\" data-permalink=\"https:\/\/www.hoymercedes.com.ar\/principal\/2013\/09\/01\/alfredo-ponce-gano-juicio-contra-consejo-escolar-y-consejeros-que-lo-destituyeron\/alfredoponce\/#main\" data-orig-file=\"https:\/\/www.hoymercedes.com.ar\/principal\/wp-content\/uploads\/2013\/09\/AlfredoPonce.jpg\" data-orig-size=\"620,355\" data-comments-opened=\"1\" data-image-meta=\"{&quot;aperture&quot;:&quot;2.8&quot;,&quot;credit&quot;:&quot;&quot;,&quot;camera&quot;:&quot;LG-E451g&quot;,&quot;caption&quot;:&quot;&quot;,&quot;created_timestamp&quot;:&quot;1377895321&quot;,&quot;copyright&quot;:&quot;&quot;,&quot;focal_length&quot;:&quot;3.5&quot;,&quot;iso&quot;:&quot;124&quot;,&quot;shutter_speed&quot;:&quot;0.029992&quot;,&quot;title&quot;:&quot;&quot;}\" data-image-title=\"AlfredoPonce\" data-image-description=\"\" data-image-caption=\"&lt;p&gt;Alfredo Ponce&lt;\/p&gt;\n\" data-large-file=\"https:\/\/www.hoymercedes.com.ar\/principal\/wp-content\/uploads\/2013\/09\/AlfredoPonce.jpg\" class=\"size-full wp-image-25444\" alt=\"Alfredo Ponce\" src=\"https:\/\/www.hoymercedes.com.ar\/principal\/wp-content\/uploads\/2013\/09\/AlfredoPonce.jpg\" width=\"620\" height=\"355\" \/><\/a><figcaption id=\"caption-attachment-25444\" class=\"wp-caption-text\">Alfredo Ponce: Foto TV<\/figcaption><\/figure>\n<p><em><strong>El juicio entre Alfredo Ponce y los Consejeros Escolares que lo destituyeron hace varios a\u00f1os atr\u00e1s tuvo un dictamen final que result\u00f3 favorable a Ponce sosteniendo hubo mal procedimiento y err\u00f3nea destituci\u00f3n. Se vendr\u00edan m\u00e1s acciones legales donde buscar\u00e1 los responsables respondan por el da\u00f1o que sostienen le produjo el asunto. El juicio se lo gan\u00f3 la administraci\u00f3n realizada por\u00a0Filip\u00edn, Ben\u00edtez, Fiori y Colombo.\u00a0<\/strong><\/em><\/p>\n<p>La noticia la dio Ignacio Respuela, abogado de Ponce, acompa\u00f1ado del ex Consejero Escolar, en conferencia de prensa.<\/p>\n<p>Al respecto, Ignacio Respuela afirm\u00f3: <em>\u00abEn 2006 Ponce como Consejero Escolar electo de la ciudad de Mercedes ven\u00eda investigando y preocup\u00e1ndose por lo que pasaba con los comedores escolares. \u00c9l observada que era la cantidad de comida y la calidad insuficiente. Percib\u00eda que hab\u00eda alg\u00fan tipo de negociado entre\u00a0comerciantes\u00a0y\u00a0consejeros\u00a0 Estos movimientos de Alfredo Ponce empezaron a incomodar a algunos\u00a0consejeros\u00a0escolares que no tuvieron mejor idea que sac\u00e1rselo de encima. Le inventaron una causal para echarlo. Concretamente dijeron que Ponce hab\u00eda hecho algunas manifestaciones en contra de algunos consejeros en su domicilio particular en el \u00e1mbito de una cena y que eran indecorosas e indignas y por eso lo echaron y cuatro consejeros escolares: Filip\u00edn, Ben\u00edtez, Fiori y Colombo echaron a una persona electa por el voto popular. Ponce no pudo terminar su mandato porque a los dos a\u00f1os estos cuatro consejeros sin derecho a defensa lo echaron. Ah\u00ed es donde empieza el derrotero que hizo que pasara lo que culmin\u00f3 en estos d\u00edas\u00bb<\/em><\/p>\n<p>La seguidilla de acontecimientos judiciales llev\u00f3 a que Alfredo Ponce no pudiese terminar su mandato, para el cual hab\u00eda sido electo. Respuela afirm\u00f3: <em>\u00abpresentamos un amparo en su momento que los obligaba a restituirlo, pero, ellos apelaron y terminaron resolviendo que previo a restituir a Ponce deb\u00eda hacer el reclamo respectivo \u00a0en la Direcci\u00f3n General de Escuelas que no nos dio ninguna respuesta que nos oblig\u00f3 a hacer una acci\u00f3n legal ante el Juzgado Contencioso Administrativo de Mercedes con el objeto de pedir que reincorporaran a Ponce. Pas\u00f3 el tiempo y el mandato de Ponce termin\u00f3 y el Juez Lacerna, de primera instancia de Mercedes, resolvi\u00f3 que no ten\u00eda sentido \u00a0dictaminar una resoluci\u00f3n a favor o en contra porque el mandato hab\u00eda terminado y la cuesti\u00f3n se\u00a0volv\u00eda\u00a0abstracta porque no se lo podr\u00eda reincorporar. A nosotros nos pareci\u00f3 una barbaridad porque a pesar de terminado el mandato Ponce ten\u00eda derecho a obtener una resoluci\u00f3n porque si era favorable se demostraba que era injusta la cuesti\u00f3n y \u00e9l tiene derecho a reclamar los da\u00f1os y perjuicio a la administraci\u00f3n p\u00fablica y a los consejeros que lo echaron injustamente. Aqu\u00ed llegamos a la resoluci\u00f3n que venimos a hacer p\u00fablica \u00a0y \u00a0que adopto la C\u00e1mara Contencioso Administrativa de San Mart\u00edn que nos dio la raz\u00f3n en todo: dijo que el hecho imputado no existi\u00f3. Es decir, los consejeros escolares no demostraron la existencia de los hechos por lo cual lo echaron. Segundo: a\u00fan habi\u00e9ndose demostrado esos hechos fueron en un \u00e1mbito privado y todo lo que se hace en privado est\u00e1 protegido por la Constituci\u00f3n Nacional y exenta del juzgamiento de magistrados. Pero, fue m\u00e1s all\u00e1 porque dijo: a\u00fan demostrando el hecho el expediente por el cual lo echaron es un mamarracho, nulo de nulidad absoluta porque se hizo sin garantizar la defensa m\u00ednima, en consecuencia es que lo que le hicieron a Ponce los consejeros Filip\u00edn, Colombo, Ben\u00edtez y Fiori era ilegal y lo privaron de terminar un mandato electo. es muy importante porque marca que la justicia llega, tarde, porque pasaron seis a\u00f1os, pero le dieron la raz\u00f3n a Alfredo Ponce\u00bb.<\/em><\/p>\n<p>En la conferencia de prensa Ignacio Respuela estuvo acompa\u00f1ado de Alfredo Ponce que afirm\u00f3 al momento de tomar la palabra que es bueno:<em> \u00abque se demuestre a la sociedad que uno a sido honesto \u00a0y de bien\u00bb<\/em> comentando que con los otros consejeros no ha vuelto a contactarse y manifestando: \u00ab<em>hay dos miembros que me expulsaron a\u00fan en funciones. Otro encargado de la parte de la universidad en la comuna. El otro se retiro. Lo que hicieron ello estuvo mal. Porque pensaron que eran reyes y due\u00f1os de la raz\u00f3n. Para ser pol\u00edtico primero hay que ser persona, honesto, eficiente, capaz.\u00bb<\/em> en relaci\u00f3n al tiempo vivido coment\u00f3: <em>\u00abmi familia me aguant\u00f3, les agradezco, que soportaron todo \u00e9sto. Es la primera destituci\u00f3n en la provincia. Es algo muy triste.\u00bb\u00a0<\/em><\/p>\n<p>Por \u00faltimo Ponce agradeci\u00f3 a Ignacio Respuela por todas las tareas vividas y la tenacidad de seguir hasta \u00faltimo momento las instancias que hoy le dieron la raz\u00f3n desde la justicia.<\/p>\n","protected":false},"excerpt":{"rendered":"<p>El juicio entre Alfredo Ponce y los Consejeros Escolares que lo destituyeron hace varios a\u00f1os atr\u00e1s tuvo un dictamen final &#8230; <a title=\"Alfredo Ponce gan\u00f3 juicio contra Consejo Escolar y consejeros que lo destituyeron\" class=\"read-more\" href=\"https:\/\/www.hoymercedes.com.ar\/principal\/2013\/09\/01\/alfredo-ponce-gano-juicio-contra-consejo-escolar-y-consejeros-que-lo-destituyeron\/\" aria-label=\"Leer m\u00e1s sobre Alfredo Ponce gan\u00f3 juicio contra Consejo Escolar y consejeros que lo destituyeron\">Leer m\u00e1s<\/a><\/p>\n","protected":false},"author":1,"featured_media":0,"comment_status":"open","ping_status":"open","sticky":false,"template":"","format":"standard","meta":{"_monsterinsights_skip_tracking":false,"_monsterinsights_sitenote_active":false,"_monsterinsights_sitenote_note":"","_monsterinsights_sitenote_category":0,"jetpack_post_was_ever_published":false,"_jetpack_newsletter_access":"","_jetpack_dont_email_post_to_subs":false,"_jetpack_newsletter_tier_id":0,"_jetpack_memberships_contains_paywalled_content":false,"_jetpack_memberships_contains_paid_content":false,"footnotes":"","jetpack_publicize_message":"","jetpack_publicize_feature_enabled":true,"jetpack_social_post_already_shared":true,"jetpack_social_options":{"image_generator_settings":{"template":"highway","default_image_id":0,"font":"","enabled":false},"version":2},"_wpas_customize_per_network":false},"categories":[8],"tags":[3841,469,3843,1317,628,3842,3844,3845],"class_list":["post-25440","post","type-post","status-publish","format-standard","hentry","category-sociedad","tag-alfredo-ponce","tag-benitez","tag-colombo","tag-consejo-escolar","tag-consejo-escolar-mercedes","tag-filipin","tag-fiori","tag-ignacio-respuela-abogado","generate-columns","tablet-grid-50","mobile-grid-100","grid-parent","grid-50"],"jetpack_publicize_connections":[],"jetpack_featured_media_url":"","wps_subtitle":"","jetpack_sharing_enabled":true,"_links":{"self":[{"href":"https:\/\/www.hoymercedes.com.ar\/principal\/wp-json\/wp\/v2\/posts\/25440","targetHints":{"allow":["GET"]}}],"collection":[{"href":"https:\/\/www.hoymercedes.com.ar\/principal\/wp-json\/wp\/v2\/posts"}],"about":[{"href":"https:\/\/www.hoymercedes.com.ar\/principal\/wp-json\/wp\/v2\/types\/post"}],"author":[{"embeddable":true,"href":"https:\/\/www.hoymercedes.com.ar\/principal\/wp-json\/wp\/v2\/users\/1"}],"replies":[{"embeddable":true,"href":"https:\/\/www.hoymercedes.com.ar\/principal\/wp-json\/wp\/v2\/comments?post=25440"}],"version-history":[{"count":0,"href":"https:\/\/www.hoymercedes.com.ar\/principal\/wp-json\/wp\/v2\/posts\/25440\/revisions"}],"wp:attachment":[{"href":"https:\/\/www.hoymercedes.com.ar\/principal\/wp-json\/wp\/v2\/media?parent=25440"}],"wp:term":[{"taxonomy":"category","embeddable":true,"href":"https:\/\/www.hoymercedes.com.ar\/principal\/wp-json\/wp\/v2\/categories?post=25440"},{"taxonomy":"post_tag","embeddable":true,"href":"https:\/\/www.hoymercedes.com.ar\/principal\/wp-json\/wp\/v2\/tags?post=25440"}],"curies":[{"name":"wp","href":"https:\/\/api.w.org\/{rel}","templated":true}]}}