{"id":25456,"date":"2013-09-02T13:37:21","date_gmt":"2013-09-02T13:37:21","guid":{"rendered":"http:\/\/www.hoymercedes.com.ar\/principal\/?p=25456"},"modified":"2013-09-02T13:37:21","modified_gmt":"2013-09-02T13:37:21","slug":"carlos-selva-recibio-reconocimiento-de-club-all-boys","status":"publish","type":"post","link":"https:\/\/www.hoymercedes.com.ar\/principal\/2013\/09\/02\/carlos-selva-recibio-reconocimiento-de-club-all-boys\/","title":{"rendered":"Carlos Selva recibi\u00f3 reconocimiento de Club All Boys"},"content":{"rendered":"<figure id=\"attachment_25458\" aria-describedby=\"caption-attachment-25458\" style=\"width: 610px\" class=\"wp-caption aligncenter\"><a href=\"https:\/\/www.hoymercedes.com.ar\/principal\/wp-content\/uploads\/2013\/09\/selva-allboys.jpg\"><img loading=\"lazy\" decoding=\"async\" data-attachment-id=\"25458\" data-permalink=\"https:\/\/www.hoymercedes.com.ar\/principal\/2013\/09\/02\/carlos-selva-recibio-reconocimiento-de-club-all-boys\/selva-allboys\/#main\" data-orig-file=\"https:\/\/www.hoymercedes.com.ar\/principal\/wp-content\/uploads\/2013\/09\/selva-allboys.jpg\" data-orig-size=\"620,370\" data-comments-opened=\"1\" data-image-meta=\"{&quot;aperture&quot;:&quot;3.5&quot;,&quot;credit&quot;:&quot;&quot;,&quot;camera&quot;:&quot;NIKON D3100&quot;,&quot;caption&quot;:&quot;&quot;,&quot;created_timestamp&quot;:&quot;1377661170&quot;,&quot;copyright&quot;:&quot;&quot;,&quot;focal_length&quot;:&quot;18&quot;,&quot;iso&quot;:&quot;640&quot;,&quot;shutter_speed&quot;:&quot;0.016666666666667&quot;,&quot;title&quot;:&quot;&quot;}\" data-image-title=\"selva-allboys\" data-image-description=\"\" data-image-caption=\"&lt;p&gt;Carlos Selva &amp;#8211; Allboys&lt;\/p&gt;\n\" data-large-file=\"https:\/\/www.hoymercedes.com.ar\/principal\/wp-content\/uploads\/2013\/09\/selva-allboys.jpg\" class=\"size-full wp-image-25458\" alt=\"Carlos Selva - Allboys\" src=\"https:\/\/www.hoymercedes.com.ar\/principal\/wp-content\/uploads\/2013\/09\/selva-allboys.jpg\" width=\"620\" height=\"370\" \/><\/a><figcaption id=\"caption-attachment-25458\" class=\"wp-caption-text\">Carlos Selva &#8211; Allboys<\/figcaption><\/figure>\n<p><em><strong>El intendente Carlos Selva recibi\u00f3 un reconocimiento por parte de las autoridades del club All Boys en la previa del partido entre el club de Floresta y Racing por su constante apoyo a la filiar en esta ciudad, sostuvioern. Estuvo acompa\u00f1ado por el principal referente de la filial All Boys Mercedes, Omar \u201cPelusa\u201d Gonz\u00e1lez y por el presidente del club Quilmes Ricardo Bozzini.<\/strong><\/em><\/p>\n<p>En esta oportunidad estuvieron junto al presidente y vicepresidente de la instituci\u00f3n centenaria, Roberto Bugallo y Fernando Catapano respectivamente. Aprovechando el encuentro intercambiaron presentes; el intendente recibi\u00f3 la camiseta oficial del aniversario y el presidente recibi\u00f3 una placa en agradecimiento por la confianza del club en nuestra ciudad. Ricardo Bozzini fue invitado tambi\u00e9n en su rol de presidente del club Quilmes.<\/p>\n<p>Cabe se\u00f1alar que avanza la consolidaci\u00f3n de un campo de deportes del club All Boys en Mercedes, all\u00ed realizar\u00e1n diversas actividades y estar\u00e1 abierto a la comunidad. Hay que recordar la jerarquizaci\u00f3n del Polideportivo a Cielo Abierto del ex Instituto Mart\u00edn Rodr\u00edguez a cargo de la Municipalidad de Mercedes que diariamente nuclea a cientos de j\u00f3venes de los establecimientos educativos.<\/p>\n","protected":false},"excerpt":{"rendered":"<p>El intendente Carlos Selva recibi\u00f3 un reconocimiento por parte de las autoridades del club All Boys en la previa del &#8230; <a title=\"Carlos Selva recibi\u00f3 reconocimiento de Club All Boys\" class=\"read-more\" href=\"https:\/\/www.hoymercedes.com.ar\/principal\/2013\/09\/02\/carlos-selva-recibio-reconocimiento-de-club-all-boys\/\" aria-label=\"Leer m\u00e1s sobre Carlos Selva recibi\u00f3 reconocimiento de Club All Boys\">Leer m\u00e1s<\/a><\/p>\n","protected":false},"author":1,"featured_media":0,"comment_status":"open","ping_status":"open","sticky":false,"template":"","format":"standard","meta":{"_monsterinsights_skip_tracking":false,"_monsterinsights_sitenote_active":false,"_monsterinsights_sitenote_note":"","_monsterinsights_sitenote_category":0,"jetpack_post_was_ever_published":false,"_jetpack_newsletter_access":"","_jetpack_dont_email_post_to_subs":false,"_jetpack_newsletter_tier_id":0,"_jetpack_memberships_contains_paywalled_content":false,"_jetpack_memberships_contains_paid_content":false,"footnotes":"","jetpack_publicize_message":"","jetpack_publicize_feature_enabled":true,"jetpack_social_post_already_shared":true,"jetpack_social_options":{"image_generator_settings":{"template":"highway","default_image_id":0,"font":"","enabled":false},"version":2},"_wpas_customize_per_network":false},"categories":[5],"tags":[2966],"class_list":["post-25456","post","type-post","status-publish","format-standard","hentry","category-politica","tag-all-boys","generate-columns","tablet-grid-50","mobile-grid-100","grid-parent","grid-50"],"jetpack_publicize_connections":[],"jetpack_featured_media_url":"","wps_subtitle":"","jetpack_sharing_enabled":true,"_links":{"self":[{"href":"https:\/\/www.hoymercedes.com.ar\/principal\/wp-json\/wp\/v2\/posts\/25456","targetHints":{"allow":["GET"]}}],"collection":[{"href":"https:\/\/www.hoymercedes.com.ar\/principal\/wp-json\/wp\/v2\/posts"}],"about":[{"href":"https:\/\/www.hoymercedes.com.ar\/principal\/wp-json\/wp\/v2\/types\/post"}],"author":[{"embeddable":true,"href":"https:\/\/www.hoymercedes.com.ar\/principal\/wp-json\/wp\/v2\/users\/1"}],"replies":[{"embeddable":true,"href":"https:\/\/www.hoymercedes.com.ar\/principal\/wp-json\/wp\/v2\/comments?post=25456"}],"version-history":[{"count":0,"href":"https:\/\/www.hoymercedes.com.ar\/principal\/wp-json\/wp\/v2\/posts\/25456\/revisions"}],"wp:attachment":[{"href":"https:\/\/www.hoymercedes.com.ar\/principal\/wp-json\/wp\/v2\/media?parent=25456"}],"wp:term":[{"taxonomy":"category","embeddable":true,"href":"https:\/\/www.hoymercedes.com.ar\/principal\/wp-json\/wp\/v2\/categories?post=25456"},{"taxonomy":"post_tag","embeddable":true,"href":"https:\/\/www.hoymercedes.com.ar\/principal\/wp-json\/wp\/v2\/tags?post=25456"}],"curies":[{"name":"wp","href":"https:\/\/api.w.org\/{rel}","templated":true}]}}