{"id":25510,"date":"2013-09-04T18:21:23","date_gmt":"2013-09-04T18:21:23","guid":{"rendered":"http:\/\/www.hoymercedes.com.ar\/principal\/?p=25510"},"modified":"2013-09-04T18:21:23","modified_gmt":"2013-09-04T18:21:23","slug":"detienen-colombianos-en-ruta-n5-altura-altura-lujan-intentando-fugarse","status":"publish","type":"post","link":"https:\/\/www.hoymercedes.com.ar\/principal\/2013\/09\/04\/detienen-colombianos-en-ruta-n5-altura-altura-lujan-intentando-fugarse\/","title":{"rendered":"Detienen colombianos en Ruta N\u00b05 altura altura Luj\u00e1n intentando fugarse"},"content":{"rendered":"<figure id=\"attachment_25512\" aria-describedby=\"caption-attachment-25512\" style=\"width: 610px\" class=\"wp-caption aligncenter\"><a href=\"https:\/\/www.hoymercedes.com.ar\/principal\/wp-content\/uploads\/2013\/09\/DetencionRuta5.jpg\"><img loading=\"lazy\" decoding=\"async\" data-attachment-id=\"25512\" data-permalink=\"https:\/\/www.hoymercedes.com.ar\/principal\/2013\/09\/04\/detienen-colombianos-en-ruta-n5-altura-altura-lujan-intentando-fugarse\/detencionruta5\/#main\" data-orig-file=\"https:\/\/www.hoymercedes.com.ar\/principal\/wp-content\/uploads\/2013\/09\/DetencionRuta5.jpg\" data-orig-size=\"620,439\" data-comments-opened=\"1\" data-image-meta=\"{&quot;aperture&quot;:&quot;0&quot;,&quot;credit&quot;:&quot;&quot;,&quot;camera&quot;:&quot;BlackBerry 9300&quot;,&quot;caption&quot;:&quot;&quot;,&quot;created_timestamp&quot;:&quot;1378205585&quot;,&quot;copyright&quot;:&quot;&quot;,&quot;focal_length&quot;:&quot;0&quot;,&quot;iso&quot;:&quot;0&quot;,&quot;shutter_speed&quot;:&quot;0&quot;,&quot;title&quot;:&quot;&quot;}\" data-image-title=\"DetencionRuta5\" data-image-description=\"\" data-image-caption=\"&lt;p&gt;Foto: Luj\u00e1nhoy.com.ar&lt;\/p&gt;\n\" data-large-file=\"https:\/\/www.hoymercedes.com.ar\/principal\/wp-content\/uploads\/2013\/09\/DetencionRuta5.jpg\" class=\"size-full wp-image-25512\" alt=\"Foto: Luj\u00e1nhoy.com.ar\" src=\"https:\/\/www.hoymercedes.com.ar\/principal\/wp-content\/uploads\/2013\/09\/DetencionRuta5.jpg\" width=\"620\" height=\"439\" \/><\/a><figcaption id=\"caption-attachment-25512\" class=\"wp-caption-text\">Foto: Luj\u00e1nhoy.com.ar<\/figcaption><\/figure>\n<p><strong><em>La Ruta N\u00b05 hab\u00eda sido la v\u00eda de escape que eligi\u00f3 un grupo de delincuentes que escapaba v\u00eda J\u00e1uregui de la Polic\u00eda de la vecina ciudad de Luj\u00e1n hasta que fueron atrapados tras volcar el veh\u00edculo en que se manejaban.<\/em><\/strong><\/p>\n<p>Los oficiales de la Comisar\u00eda Luj\u00e1n Segunda se encontraban efectuando las recorridas habituales cuando detectan algo que les pareci\u00f3 anormal. Es all\u00ed que empiezan a prestar atenci\u00f3n a dos veh\u00edculos sospechosos. Un Chevrolet Aveo y un Renault Logan. Al acecarse a tratar de identificarlos los sujetos, que eran seis en dos coches, emprenden la fuga que genera la persecuci\u00f3n por parte de los uniformados.<\/p>\n<p>Tomaron direcci\u00f3n Luj\u00e1n hasta que el Chevrolet Aveo perdi\u00f3 el control cuando trat\u00f3 de pasar a alta velocidad un micro en la altura del kil\u00f3metro 71 y volc\u00f3. Los ocupantes salieron ilesos, dos hombres y una mujer, buscando salir corriendo, pero, la polic\u00eda con ayuda de testigos del hecho los detuvieron.<\/p>\n<p>Los delincuentes, de nacionalidad colombiana, hab\u00edan ingresado ayer al pa\u00eds y los coches eran alquilados.<\/p>\n<p>Ellos son: \u00a0Mar\u00eda Del Pilar Osorio Solarte, de 26 a\u00f1os; John Jairo Solarte Garc\u00eda, de 43, y John Freddy Coronado Gonz\u00e1lez, de 30.<\/p>\n<p>Los detenidos quedaron imputados por el delito de \u00abresistencia a la autoridad\u00bb y a disposici\u00f3n de la UFI N\u00b0 11.<\/p>\n<p>Fuente y foto: <a href=\"http:\/\/www.lujanhoy.com.ar\/idnoticia.php?id=3842\" target=\"_blank\" rel=\"noopener\">Luj\u00e1nHoy<\/a><\/p>\n","protected":false},"excerpt":{"rendered":"<p>La Ruta N\u00b05 hab\u00eda sido la v\u00eda de escape que eligi\u00f3 un grupo de delincuentes que escapaba v\u00eda J\u00e1uregui de &#8230; <a title=\"Detienen colombianos en Ruta N\u00b05 altura altura Luj\u00e1n intentando fugarse\" class=\"read-more\" href=\"https:\/\/www.hoymercedes.com.ar\/principal\/2013\/09\/04\/detienen-colombianos-en-ruta-n5-altura-altura-lujan-intentando-fugarse\/\" aria-label=\"Leer m\u00e1s sobre Detienen colombianos en Ruta N\u00b05 altura altura Luj\u00e1n intentando fugarse\">Leer m\u00e1s<\/a><\/p>\n","protected":false},"author":1,"featured_media":0,"comment_status":"open","ping_status":"open","sticky":false,"template":"","format":"standard","meta":{"_monsterinsights_skip_tracking":false,"_monsterinsights_sitenote_active":false,"_monsterinsights_sitenote_note":"","_monsterinsights_sitenote_category":0,"jetpack_post_was_ever_published":false,"_jetpack_newsletter_access":"","_jetpack_dont_email_post_to_subs":false,"_jetpack_newsletter_tier_id":0,"_jetpack_memberships_contains_paywalled_content":false,"_jetpack_memberships_contains_paid_content":false,"footnotes":"","jetpack_publicize_message":"","jetpack_publicize_feature_enabled":true,"jetpack_social_post_already_shared":true,"jetpack_social_options":{"image_generator_settings":{"template":"highway","default_image_id":0,"font":"","enabled":false},"version":2},"_wpas_customize_per_network":false},"categories":[85],"tags":[3853],"class_list":["post-25510","post","type-post","status-publish","format-standard","hentry","category-policial","tag-delincuencia-lujan","generate-columns","tablet-grid-50","mobile-grid-100","grid-parent","grid-50"],"jetpack_publicize_connections":[],"jetpack_featured_media_url":"","wps_subtitle":"","jetpack_sharing_enabled":true,"_links":{"self":[{"href":"https:\/\/www.hoymercedes.com.ar\/principal\/wp-json\/wp\/v2\/posts\/25510","targetHints":{"allow":["GET"]}}],"collection":[{"href":"https:\/\/www.hoymercedes.com.ar\/principal\/wp-json\/wp\/v2\/posts"}],"about":[{"href":"https:\/\/www.hoymercedes.com.ar\/principal\/wp-json\/wp\/v2\/types\/post"}],"author":[{"embeddable":true,"href":"https:\/\/www.hoymercedes.com.ar\/principal\/wp-json\/wp\/v2\/users\/1"}],"replies":[{"embeddable":true,"href":"https:\/\/www.hoymercedes.com.ar\/principal\/wp-json\/wp\/v2\/comments?post=25510"}],"version-history":[{"count":0,"href":"https:\/\/www.hoymercedes.com.ar\/principal\/wp-json\/wp\/v2\/posts\/25510\/revisions"}],"wp:attachment":[{"href":"https:\/\/www.hoymercedes.com.ar\/principal\/wp-json\/wp\/v2\/media?parent=25510"}],"wp:term":[{"taxonomy":"category","embeddable":true,"href":"https:\/\/www.hoymercedes.com.ar\/principal\/wp-json\/wp\/v2\/categories?post=25510"},{"taxonomy":"post_tag","embeddable":true,"href":"https:\/\/www.hoymercedes.com.ar\/principal\/wp-json\/wp\/v2\/tags?post=25510"}],"curies":[{"name":"wp","href":"https:\/\/api.w.org\/{rel}","templated":true}]}}