{"id":25580,"date":"2013-09-07T15:59:36","date_gmt":"2013-09-07T15:59:36","guid":{"rendered":"http:\/\/www.hoymercedes.com.ar\/principal\/?p=25580"},"modified":"2013-09-07T15:59:36","modified_gmt":"2013-09-07T15:59:36","slug":"atencion-fiesta-del-salame-no-se-suspende","status":"publish","type":"post","link":"https:\/\/www.hoymercedes.com.ar\/principal\/2013\/09\/07\/atencion-fiesta-del-salame-no-se-suspende\/","title":{"rendered":"Atenci\u00f3n Fiesta del Salame no se suspende"},"content":{"rendered":"<p><em><strong>Desde la organizaci\u00f3n de la fiesta manifestaron que no se suspende por el mal tiempo. Que poseen gran cantidad de espacio cubierto en las carpas que ser\u00e1 aprovechado lo m\u00e1ximo posible. Hay entrada gratis.<\/strong><\/em><\/p>\n<p>Se hace hoy s\u00e1bado entrada gratis y se desarrollar\u00e1n actividades y espect\u00e1culos en las carpas de grandes dimensiones montadas.<\/p>\n<p>En caso de mejorar durante el d\u00eda se ir\u00e1 usando m\u00e1s el predio en general, pero, no se suspende y se utilizar\u00e1n las carpas.<\/p>\n<p>No de dejes de participar de \u00e9sta hermosa fiesta que inauguramos ayer y contin\u00faa el domingo, con Abel Pintos. Hoy S\u00e1bado Antonio Tarrago Ros, Los Guitarreros, Arbolito, Chichilo Viale, elecci\u00f3n de la reina y mucho m\u00e1s&#8230;<\/p>\n","protected":false},"excerpt":{"rendered":"<p>Desde la organizaci\u00f3n de la fiesta manifestaron que no se suspende por el mal tiempo. Que poseen gran cantidad de &#8230; <a title=\"Atenci\u00f3n Fiesta del Salame no se suspende\" class=\"read-more\" href=\"https:\/\/www.hoymercedes.com.ar\/principal\/2013\/09\/07\/atencion-fiesta-del-salame-no-se-suspende\/\" aria-label=\"Leer m\u00e1s sobre Atenci\u00f3n Fiesta del Salame no se suspende\">Leer m\u00e1s<\/a><\/p>\n","protected":false},"author":1,"featured_media":0,"comment_status":"open","ping_status":"open","sticky":false,"template":"","format":"standard","meta":{"_monsterinsights_skip_tracking":false,"_monsterinsights_sitenote_active":false,"_monsterinsights_sitenote_note":"","_monsterinsights_sitenote_category":0,"jetpack_post_was_ever_published":false,"_jetpack_newsletter_access":"","_jetpack_dont_email_post_to_subs":false,"_jetpack_newsletter_tier_id":0,"_jetpack_memberships_contains_paywalled_content":false,"_jetpack_memberships_contains_paid_content":false,"footnotes":"","jetpack_publicize_message":"","jetpack_publicize_feature_enabled":true,"jetpack_social_post_already_shared":true,"jetpack_social_options":{"image_generator_settings":{"template":"highway","default_image_id":0,"font":"","enabled":false},"version":2},"_wpas_customize_per_network":false},"categories":[30],"tags":[1110],"class_list":["post-25580","post","type-post","status-publish","format-standard","hentry","category-municipio","tag-fiesta-del-salame","generate-columns","tablet-grid-50","mobile-grid-100","grid-parent","grid-50"],"jetpack_publicize_connections":[],"jetpack_featured_media_url":"","wps_subtitle":"","jetpack_sharing_enabled":true,"_links":{"self":[{"href":"https:\/\/www.hoymercedes.com.ar\/principal\/wp-json\/wp\/v2\/posts\/25580","targetHints":{"allow":["GET"]}}],"collection":[{"href":"https:\/\/www.hoymercedes.com.ar\/principal\/wp-json\/wp\/v2\/posts"}],"about":[{"href":"https:\/\/www.hoymercedes.com.ar\/principal\/wp-json\/wp\/v2\/types\/post"}],"author":[{"embeddable":true,"href":"https:\/\/www.hoymercedes.com.ar\/principal\/wp-json\/wp\/v2\/users\/1"}],"replies":[{"embeddable":true,"href":"https:\/\/www.hoymercedes.com.ar\/principal\/wp-json\/wp\/v2\/comments?post=25580"}],"version-history":[{"count":0,"href":"https:\/\/www.hoymercedes.com.ar\/principal\/wp-json\/wp\/v2\/posts\/25580\/revisions"}],"wp:attachment":[{"href":"https:\/\/www.hoymercedes.com.ar\/principal\/wp-json\/wp\/v2\/media?parent=25580"}],"wp:term":[{"taxonomy":"category","embeddable":true,"href":"https:\/\/www.hoymercedes.com.ar\/principal\/wp-json\/wp\/v2\/categories?post=25580"},{"taxonomy":"post_tag","embeddable":true,"href":"https:\/\/www.hoymercedes.com.ar\/principal\/wp-json\/wp\/v2\/tags?post=25580"}],"curies":[{"name":"wp","href":"https:\/\/api.w.org\/{rel}","templated":true}]}}