{"id":25667,"date":"2013-09-11T00:13:52","date_gmt":"2013-09-11T00:13:52","guid":{"rendered":"http:\/\/www.hoymercedes.com.ar\/principal\/?p=25667"},"modified":"2013-09-11T04:01:47","modified_gmt":"2013-09-11T04:01:47","slug":"candidatos-locales-se-reunieron-por-una-primavera-sin-violencia","status":"publish","type":"post","link":"https:\/\/www.hoymercedes.com.ar\/principal\/2013\/09\/11\/candidatos-locales-se-reunieron-por-una-primavera-sin-violencia\/","title":{"rendered":"Candidatos locales se reunieron por una primavera sin violencia"},"content":{"rendered":"<p><a href=\"https:\/\/www.hoymercedes.com.ar\/principal\/wp-content\/uploads\/2013\/09\/encuentrocandidatosxprimavera.jpg\"><img loading=\"lazy\" decoding=\"async\" data-attachment-id=\"25669\" data-permalink=\"https:\/\/www.hoymercedes.com.ar\/principal\/2013\/09\/11\/candidatos-locales-se-reunieron-por-una-primavera-sin-violencia\/encuentrocandidatosxprimavera\/#main\" data-orig-file=\"https:\/\/www.hoymercedes.com.ar\/principal\/wp-content\/uploads\/2013\/09\/encuentrocandidatosxprimavera.jpg\" data-orig-size=\"620,413\" data-comments-opened=\"1\" data-image-meta=\"{&quot;aperture&quot;:&quot;4&quot;,&quot;credit&quot;:&quot;&quot;,&quot;camera&quot;:&quot;NIKON D3100&quot;,&quot;caption&quot;:&quot;&quot;,&quot;created_timestamp&quot;:&quot;1378490775&quot;,&quot;copyright&quot;:&quot;&quot;,&quot;focal_length&quot;:&quot;24&quot;,&quot;iso&quot;:&quot;800&quot;,&quot;shutter_speed&quot;:&quot;0.016666666666667&quot;,&quot;title&quot;:&quot;&quot;}\" data-image-title=\"encuentrocandidatosxprimavera\" data-image-description=\"\" data-image-caption=\"\" data-large-file=\"https:\/\/www.hoymercedes.com.ar\/principal\/wp-content\/uploads\/2013\/09\/encuentrocandidatosxprimavera.jpg\" class=\"aligncenter size-full wp-image-25669\" alt=\"encuentrocandidatosxprimavera\" src=\"https:\/\/www.hoymercedes.com.ar\/principal\/wp-content\/uploads\/2013\/09\/encuentrocandidatosxprimavera.jpg\" width=\"620\" height=\"413\" \/><\/a><\/p>\n<p><em><strong>Diferentes candidatos de las pr\u00f3ximas elecciones generales participaron de un encuentro en el despacho del intendente Selva con miras a la pr\u00f3xima primavera buscando generar ideas que ayuden sea sin problemas.\u00a0<\/strong><\/em><\/p>\n<p>El eje central de la reuni\u00f3n, fue la preocupacio0n y resoluci\u00f3n de la violencia entre los j\u00f3venes, todo ello en vistas del pr\u00f3ximo 21 de septiembre.<\/p>\n<p>Al encuentro asistieron los candidatos Aldo Calzetta, Mat\u00edas Dematei, \u00a0Hugo Bonafina, Oscar Albini, Juan Badano, Pablo Demarco y Ricardo Bozzini.<\/p>\n<p><em>\u201cEsta convocatoria abierta que realizamos tiene como objetivo poner en debate esta tem\u00e1tica que tanto preocupa y, sobre todo, tomar responsabilidades. Necesitamos mayor control de los tempos libres de los j\u00f3venes y que los se\u00f1ores padres ayuden en esta tarea\u201d<\/em>, declar\u00f3 Selva.<\/p>\n<p>Debido a las situaciones de violencia entre colegios, en las madrugadas de los fines de semana y ataques a establecimientos educativos, es que se logr\u00f3 esta primera reuni\u00f3n y el apoyo de todas las fuerzas pol\u00edticas logrando un mensaje com\u00fan: revertir esta grave situaci\u00f3n, no s\u00f3lo desde el estado, sino tambi\u00e9n discutirlo entre todos los actores de la sociedad con el apoyo de todos los sectores pol\u00edticos.<\/p>\n<p><em>\u00abEn estos pr\u00f3ximos d\u00edas, cada candidato suscribir\u00e1 una posici\u00f3n p\u00fablica que ser\u00e1 reproduc\u00eda en los medios gr\u00e1ficos locales, y con la difusi\u00f3n de las radios y los medios televisivos. Con ello, se apuntar\u00e1 a la reflexi\u00f3n y la informaci\u00f3n\u00bb,<\/em> sostuvieron<\/p>\n<div>\n<p><em>\u00abPor otro lado, desde la Municipalidad de Mercedes, se est\u00e1 organizando una nueva reuni\u00f3n donde participar\u00e1n las autoridades educativas, padres e inspectores ya que es necesario tomar medidas correctivas dentro de las instituciones y con el control y l\u00edmite de los padres en cada uno de los hogares, sin perder de vista el acompa\u00f1amiento de los j\u00f3venes y su cuidado.\u00bb<\/em>, remarcaron desde la comuna.<\/p>\n<p><span style=\"color: #888888;\">Fuente: Municipio<\/span><\/p>\n<\/div>\n","protected":false},"excerpt":{"rendered":"<p>Diferentes candidatos de las pr\u00f3ximas elecciones generales participaron de un encuentro en el despacho del intendente Selva con miras a &#8230; <a title=\"Candidatos locales se reunieron por una primavera sin violencia\" class=\"read-more\" href=\"https:\/\/www.hoymercedes.com.ar\/principal\/2013\/09\/11\/candidatos-locales-se-reunieron-por-una-primavera-sin-violencia\/\" aria-label=\"Leer m\u00e1s sobre Candidatos locales se reunieron por una primavera sin violencia\">Leer m\u00e1s<\/a><\/p>\n","protected":false},"author":1,"featured_media":0,"comment_status":"open","ping_status":"open","sticky":false,"template":"","format":"standard","meta":{"_monsterinsights_skip_tracking":false,"_monsterinsights_sitenote_active":false,"_monsterinsights_sitenote_note":"","_monsterinsights_sitenote_category":0,"jetpack_post_was_ever_published":false,"_jetpack_newsletter_access":"","_jetpack_dont_email_post_to_subs":false,"_jetpack_newsletter_tier_id":0,"_jetpack_memberships_contains_paywalled_content":false,"_jetpack_memberships_contains_paid_content":false,"footnotes":"","jetpack_publicize_message":"","jetpack_publicize_feature_enabled":true,"jetpack_social_post_already_shared":true,"jetpack_social_options":{"image_generator_settings":{"template":"highway","default_image_id":0,"font":"","enabled":false},"version":2},"_wpas_customize_per_network":false},"categories":[5],"tags":[3881,3882],"class_list":["post-25667","post","type-post","status-publish","format-standard","hentry","category-politica","tag-primavera-mercedes","tag-violencia-primavera","generate-columns","tablet-grid-50","mobile-grid-100","grid-parent","grid-50"],"jetpack_publicize_connections":[],"jetpack_featured_media_url":"","wps_subtitle":"","jetpack_sharing_enabled":true,"_links":{"self":[{"href":"https:\/\/www.hoymercedes.com.ar\/principal\/wp-json\/wp\/v2\/posts\/25667","targetHints":{"allow":["GET"]}}],"collection":[{"href":"https:\/\/www.hoymercedes.com.ar\/principal\/wp-json\/wp\/v2\/posts"}],"about":[{"href":"https:\/\/www.hoymercedes.com.ar\/principal\/wp-json\/wp\/v2\/types\/post"}],"author":[{"embeddable":true,"href":"https:\/\/www.hoymercedes.com.ar\/principal\/wp-json\/wp\/v2\/users\/1"}],"replies":[{"embeddable":true,"href":"https:\/\/www.hoymercedes.com.ar\/principal\/wp-json\/wp\/v2\/comments?post=25667"}],"version-history":[{"count":0,"href":"https:\/\/www.hoymercedes.com.ar\/principal\/wp-json\/wp\/v2\/posts\/25667\/revisions"}],"wp:attachment":[{"href":"https:\/\/www.hoymercedes.com.ar\/principal\/wp-json\/wp\/v2\/media?parent=25667"}],"wp:term":[{"taxonomy":"category","embeddable":true,"href":"https:\/\/www.hoymercedes.com.ar\/principal\/wp-json\/wp\/v2\/categories?post=25667"},{"taxonomy":"post_tag","embeddable":true,"href":"https:\/\/www.hoymercedes.com.ar\/principal\/wp-json\/wp\/v2\/tags?post=25667"}],"curies":[{"name":"wp","href":"https:\/\/api.w.org\/{rel}","templated":true}]}}