{"id":25704,"date":"2013-09-12T11:43:11","date_gmt":"2013-09-12T11:43:11","guid":{"rendered":"http:\/\/www.hoymercedes.com.ar\/principal\/?p=25704"},"modified":"2013-09-12T11:43:11","modified_gmt":"2013-09-12T11:43:11","slug":"selva-y-gerente-de-eden-en-barrio-marchetti-anunciaron-energia-electrica-al-barrio","status":"publish","type":"post","link":"https:\/\/www.hoymercedes.com.ar\/principal\/2013\/09\/12\/selva-y-gerente-de-eden-en-barrio-marchetti-anunciaron-energia-electrica-al-barrio\/","title":{"rendered":"Selva y Gerente de EDEN en Barrio Marchetti anunciaron energ\u00eda el\u00e9ctrica al barrio"},"content":{"rendered":"<p><em><strong>El intendente Carlos Selva se reuni\u00f3n con Domingo Pisani, gerente de EDEN, y vecinos del barrio Marchetti con el objetivo de avanzar en lo que ser\u00e1n las conexiones domiciliarias a m\u00e1s de medio centenar de familias que habitan la zona.<\/strong><\/em><\/p>\n<p>En el encuentro, que se desarroll\u00f3 en la vivienda de la familia quintana, se trat\u00f3 el tema que desde hace tiempo viene siendo una necesidad de la barriada y nada m\u00e1s y nada menos que contar con conexiones oficiales de energ\u00eda el\u00e9ctrica. Fueron parte del enuentro., adem\u00e1s de Selva y Pisani, \u00a0Carlos Milhomme y Arnaldo M\u00e9ndez, la coordinadora de Desarrollo Social Cristina Arias y los candidatos Agust\u00edn Lasala y Ricardo Bozzini.<\/p>\n<p>El gerente de EDEN, Domingo Pisani, dialog\u00f3 con los vecinos y les provey\u00f3 de precisiones sobre la obra que deber\u00e1 realizarse. Tuvo un momento para dar incluso consejos para lo que ser\u00e1n las pr\u00f3ximas bajadas.<\/p>\n<p>Selva manifest\u00f3:\u00a0\u00a0<em>\u201cLa gente esper\u00f3 el tiempo necesario para que los tr\u00e1mites ante la empresa prosperaran y hoy estamos en una etapa final para llevar adelante este proyecto que es por dem\u00e1s de importante para la gente del Marchetti, ya que ser\u00e1n beneficiadas 63 familias, m\u00e1s all\u00e1 de que gran parte del barrio tambi\u00e9n va a tener tendido de la red el\u00e9ctrica\u201d<\/em><\/p>\n<p>Las conexiones ir\u00e1n desde calle 63 hasta Dorrego y entre 26 y 28.<\/p>\n","protected":false},"excerpt":{"rendered":"<p>El intendente Carlos Selva se reuni\u00f3n con Domingo Pisani, gerente de EDEN, y vecinos del barrio Marchetti con el objetivo &#8230; <a title=\"Selva y Gerente de EDEN en Barrio Marchetti anunciaron energ\u00eda el\u00e9ctrica al barrio\" class=\"read-more\" href=\"https:\/\/www.hoymercedes.com.ar\/principal\/2013\/09\/12\/selva-y-gerente-de-eden-en-barrio-marchetti-anunciaron-energia-electrica-al-barrio\/\" aria-label=\"Leer m\u00e1s sobre Selva y Gerente de EDEN en Barrio Marchetti anunciaron energ\u00eda el\u00e9ctrica al barrio\">Leer m\u00e1s<\/a><\/p>\n","protected":false},"author":1,"featured_media":0,"comment_status":"open","ping_status":"open","sticky":false,"template":"","format":"standard","meta":{"_monsterinsights_skip_tracking":false,"_monsterinsights_sitenote_active":false,"_monsterinsights_sitenote_note":"","_monsterinsights_sitenote_category":0,"jetpack_post_was_ever_published":false,"_jetpack_newsletter_access":"","_jetpack_dont_email_post_to_subs":false,"_jetpack_newsletter_tier_id":0,"_jetpack_memberships_contains_paywalled_content":false,"_jetpack_memberships_contains_paid_content":false,"footnotes":"","jetpack_publicize_message":"","jetpack_publicize_feature_enabled":true,"jetpack_social_post_already_shared":true,"jetpack_social_options":{"image_generator_settings":{"template":"highway","default_image_id":0,"font":"","enabled":false},"version":2},"_wpas_customize_per_network":false},"categories":[5],"tags":[623],"class_list":["post-25704","post","type-post","status-publish","format-standard","hentry","category-politica","tag-barrio-marchetti","generate-columns","tablet-grid-50","mobile-grid-100","grid-parent","grid-50"],"jetpack_publicize_connections":[],"jetpack_featured_media_url":"","wps_subtitle":"","jetpack_sharing_enabled":true,"_links":{"self":[{"href":"https:\/\/www.hoymercedes.com.ar\/principal\/wp-json\/wp\/v2\/posts\/25704","targetHints":{"allow":["GET"]}}],"collection":[{"href":"https:\/\/www.hoymercedes.com.ar\/principal\/wp-json\/wp\/v2\/posts"}],"about":[{"href":"https:\/\/www.hoymercedes.com.ar\/principal\/wp-json\/wp\/v2\/types\/post"}],"author":[{"embeddable":true,"href":"https:\/\/www.hoymercedes.com.ar\/principal\/wp-json\/wp\/v2\/users\/1"}],"replies":[{"embeddable":true,"href":"https:\/\/www.hoymercedes.com.ar\/principal\/wp-json\/wp\/v2\/comments?post=25704"}],"version-history":[{"count":0,"href":"https:\/\/www.hoymercedes.com.ar\/principal\/wp-json\/wp\/v2\/posts\/25704\/revisions"}],"wp:attachment":[{"href":"https:\/\/www.hoymercedes.com.ar\/principal\/wp-json\/wp\/v2\/media?parent=25704"}],"wp:term":[{"taxonomy":"category","embeddable":true,"href":"https:\/\/www.hoymercedes.com.ar\/principal\/wp-json\/wp\/v2\/categories?post=25704"},{"taxonomy":"post_tag","embeddable":true,"href":"https:\/\/www.hoymercedes.com.ar\/principal\/wp-json\/wp\/v2\/tags?post=25704"}],"curies":[{"name":"wp","href":"https:\/\/api.w.org\/{rel}","templated":true}]}}