{"id":25705,"date":"2013-09-12T11:39:20","date_gmt":"2013-09-12T11:39:20","guid":{"rendered":"http:\/\/www.hoymercedes.com.ar\/principal\/?p=25705"},"modified":"2013-09-12T11:39:20","modified_gmt":"2013-09-12T11:39:20","slug":"primavera-comunicado-tras-la-reunion-del-intendente-con-candidatos","status":"publish","type":"post","link":"https:\/\/www.hoymercedes.com.ar\/principal\/2013\/09\/12\/primavera-comunicado-tras-la-reunion-del-intendente-con-candidatos\/","title":{"rendered":"Primavera: Comunicado tras la reuni\u00f3n del intendente con candidatos"},"content":{"rendered":"<p><em><strong>En la Municipalidad de Mercedes, nos reunimos, el Intendente Municipal, Carlos Selva y las siguientes instituciones: Secretar\u00eda de Control Urbano, Juzgado de Faltas, Juzgado de Garant\u00edas del Joven, Fiscal\u00eda de menores y mayores, Centro Preventivo de las Adicciones, Jefe de Polic\u00eda Comunal, Inspectores de Educaci\u00f3n P\u00fablica y Privada, Directivos de los Colegios Misericordia, Camila Rol\u00f3n, San Antonio, San Patricio, Parroquial, Santa Mar\u00eda y la ONG \u201cParticipar para Cambiar\u201d, preocupados por la escalada de violencia generada en estos \u00faltimos d\u00edas por j\u00f3venes de nuestra ciudad.<\/strong><\/em><\/p>\n<p>Como es de p\u00fablico conocimiento, se han producido disturbios en la v\u00eda p\u00fablica, da\u00f1os a edificios de instituciones educativas y lo que es mucho m\u00e1s grave, afectaciones a la integridad f\u00edsica de j\u00f3venes estudiantes.<\/p>\n<p>Todos estos hechos motivaron la intervenci\u00f3n de la Justicia Contravencional y Penal Juvenil. Esto redundar\u00e1 en el caso de las contravenciones en sanciones monetarias sobre los padres y actividades comunitarias para los j\u00f3venes, en las instituciones educativas. En los casos de la Justicia Penal Juvenil, est\u00e1n siendo sometidos a un proceso judicial.<\/p>\n<p>Tomando en cuenta lo sucedido, hemos acordado hacer un fuerte llamado a la sociedad en general y en particular a los comercios, reiterando la prohibici\u00f3n de vender bebidas alcoh\u00f3licas a menores, a los que corresponder\u00e1 aplicar sanciones pecuniarias, como tambi\u00e9n condena p\u00fablica a los responsables.<\/p>\n<p>Por todo lo expresado, nos permitimos hacer un fuerte llamado a los se\u00f1ores padres, en el acompa\u00f1amiento y conocimiento del uso del tiempo libre de vuestros hijos, a fin de no tener que lamentar ninguna situaci\u00f3n que ponga en riesgo la integridad f\u00edsica de los mismos.<\/p>\n<p>Los aqu\u00ed reunidos, concientes de la responsabilidad que nos compete, manifestamos, estar trabajando todos juntos con un mismo objetivo: \u201cLa b\u00fasqueda de valores que construyan una sociedad mejor y menos violenta.\u201d<\/p>\n","protected":false},"excerpt":{"rendered":"<p>En la Municipalidad de Mercedes, nos reunimos, el Intendente Municipal, Carlos Selva y las siguientes instituciones: Secretar\u00eda de Control Urbano, &#8230; <a title=\"Primavera: Comunicado tras la reuni\u00f3n del intendente con candidatos\" class=\"read-more\" href=\"https:\/\/www.hoymercedes.com.ar\/principal\/2013\/09\/12\/primavera-comunicado-tras-la-reunion-del-intendente-con-candidatos\/\" aria-label=\"Leer m\u00e1s sobre Primavera: Comunicado tras la reuni\u00f3n del intendente con candidatos\">Leer m\u00e1s<\/a><\/p>\n","protected":false},"author":1,"featured_media":0,"comment_status":"open","ping_status":"open","sticky":false,"template":"","format":"standard","meta":{"_monsterinsights_skip_tracking":false,"_monsterinsights_sitenote_active":false,"_monsterinsights_sitenote_note":"","_monsterinsights_sitenote_category":0,"jetpack_post_was_ever_published":false,"_jetpack_newsletter_access":"","_jetpack_dont_email_post_to_subs":false,"_jetpack_newsletter_tier_id":0,"_jetpack_memberships_contains_paywalled_content":false,"_jetpack_memberships_contains_paid_content":false,"footnotes":"","jetpack_publicize_message":"","jetpack_publicize_feature_enabled":true,"jetpack_social_post_already_shared":true,"jetpack_social_options":{"image_generator_settings":{"template":"highway","default_image_id":0,"font":"","enabled":false},"version":2},"_wpas_customize_per_network":false},"categories":[5],"tags":[1002],"class_list":["post-25705","post","type-post","status-publish","format-standard","hentry","category-politica","tag-dia-de-la-primavera","generate-columns","tablet-grid-50","mobile-grid-100","grid-parent","grid-50"],"jetpack_publicize_connections":[],"jetpack_featured_media_url":"","wps_subtitle":"","jetpack_sharing_enabled":true,"_links":{"self":[{"href":"https:\/\/www.hoymercedes.com.ar\/principal\/wp-json\/wp\/v2\/posts\/25705","targetHints":{"allow":["GET"]}}],"collection":[{"href":"https:\/\/www.hoymercedes.com.ar\/principal\/wp-json\/wp\/v2\/posts"}],"about":[{"href":"https:\/\/www.hoymercedes.com.ar\/principal\/wp-json\/wp\/v2\/types\/post"}],"author":[{"embeddable":true,"href":"https:\/\/www.hoymercedes.com.ar\/principal\/wp-json\/wp\/v2\/users\/1"}],"replies":[{"embeddable":true,"href":"https:\/\/www.hoymercedes.com.ar\/principal\/wp-json\/wp\/v2\/comments?post=25705"}],"version-history":[{"count":0,"href":"https:\/\/www.hoymercedes.com.ar\/principal\/wp-json\/wp\/v2\/posts\/25705\/revisions"}],"wp:attachment":[{"href":"https:\/\/www.hoymercedes.com.ar\/principal\/wp-json\/wp\/v2\/media?parent=25705"}],"wp:term":[{"taxonomy":"category","embeddable":true,"href":"https:\/\/www.hoymercedes.com.ar\/principal\/wp-json\/wp\/v2\/categories?post=25705"},{"taxonomy":"post_tag","embeddable":true,"href":"https:\/\/www.hoymercedes.com.ar\/principal\/wp-json\/wp\/v2\/tags?post=25705"}],"curies":[{"name":"wp","href":"https:\/\/api.w.org\/{rel}","templated":true}]}}