{"id":25729,"date":"2013-09-13T01:58:42","date_gmt":"2013-09-13T01:58:42","guid":{"rendered":"http:\/\/www.hoymercedes.com.ar\/principal\/?p=25729"},"modified":"2013-09-13T01:58:42","modified_gmt":"2013-09-13T01:58:42","slug":"entregan-subsidio-a-la-biblioteca-sarmiento-desde-senado-de-la-nacion","status":"publish","type":"post","link":"https:\/\/www.hoymercedes.com.ar\/principal\/2013\/09\/13\/entregan-subsidio-a-la-biblioteca-sarmiento-desde-senado-de-la-nacion\/","title":{"rendered":"Entregan subsidio a la biblioteca Sarmiento desde Senado de la Naci\u00f3n"},"content":{"rendered":"<p>La Biblioteca Popular Domingo Faustino Sarmiento, una de las instituciones emblem\u00e1ticas de Mercedes, recibi\u00f3 este jueves un subsidio de 8.000 pesos que el Frente Mercedino para la Victoria, a trav\u00e9s de sus principales referentes, gestion\u00f3 ante el Senado de la Naci\u00f3n.<\/p>\n<p><a href=\"https:\/\/www.hoymercedes.com.ar\/principal\/wp-content\/uploads\/2013\/09\/BibliotecaSarmiento-Subsidio-FrenteMercedino.jpg\"><img loading=\"lazy\" decoding=\"async\" data-attachment-id=\"25731\" data-permalink=\"https:\/\/www.hoymercedes.com.ar\/principal\/2013\/09\/13\/entregan-subsidio-a-la-biblioteca-sarmiento-desde-senado-de-la-nacion\/bibliotecasarmiento-subsidio-frentemercedino\/#main\" data-orig-file=\"https:\/\/www.hoymercedes.com.ar\/principal\/wp-content\/uploads\/2013\/09\/BibliotecaSarmiento-Subsidio-FrenteMercedino.jpg\" data-orig-size=\"620,380\" data-comments-opened=\"1\" data-image-meta=\"{&quot;aperture&quot;:&quot;4&quot;,&quot;credit&quot;:&quot;&quot;,&quot;camera&quot;:&quot;Canon EOS REBEL T3i&quot;,&quot;caption&quot;:&quot;&quot;,&quot;created_timestamp&quot;:&quot;1378991704&quot;,&quot;copyright&quot;:&quot;&quot;,&quot;focal_length&quot;:&quot;25&quot;,&quot;iso&quot;:&quot;400&quot;,&quot;shutter_speed&quot;:&quot;0.016666666666667&quot;,&quot;title&quot;:&quot;&quot;}\" data-image-title=\"BibliotecaSarmiento-Subsidio-FrenteMercedino\" data-image-description=\"\" data-image-caption=\"\" data-large-file=\"https:\/\/www.hoymercedes.com.ar\/principal\/wp-content\/uploads\/2013\/09\/BibliotecaSarmiento-Subsidio-FrenteMercedino.jpg\" class=\"aligncenter size-full wp-image-25731\" alt=\"BibliotecaSarmiento-Subsidio-FrenteMercedino\" src=\"https:\/\/www.hoymercedes.com.ar\/principal\/wp-content\/uploads\/2013\/09\/BibliotecaSarmiento-Subsidio-FrenteMercedino.jpg\" width=\"620\" height=\"380\" \/><\/a><\/p>\n<p><strong><em>La entrega la hizo el \u00a0primer candidato a concejal por el Frente Mercedino, Juan Ignacio Ustarroz, junto con uno de los integrantes de la Comisi\u00f3n de Cultura y Patrimonio Hist\u00f3rico de la agrupaci\u00f3n, Nicol\u00e1s Lennard. En nombre de la Biblioteca Sarmiento lo recibi\u00f3 la titular de su Comisi\u00f3n Directiva, Margot Loiza de M\u00e9ndez.<\/em><\/strong><\/p>\n<p><em><\/em><em>\u201cNosotros somos muy agradecidos con todos los que nos ayudan y sabemos las gestiones que \u2018Juani\u2019 hace permanentemente a favor de nuestra instituci\u00f3n. Todos los aportes son muy bienvenidos porque resultan en verdad necesarios<\/em>\u201d, explic\u00f3 Margot.<\/p>\n<p>El dinero recibido ser\u00e1 utilizado para diversas necesidades que tiene la Biblioteca, y en el encuentro de este jueves con el doctor Ustarroz se habl\u00f3 de la posibilidad de generar distintas acciones solidarias con todos los vecinos de Mercedes para afrontar, como gran prioridad, una de las mayores preocupaciones: las goteras que tiene el edificio.<\/p>\n<p><em>\u201cTenemos la obligaci\u00f3n de conservar el patrimonio de la Biblioteca \u2013cont\u00f3 Ustarroz\u2019-, tanto desde lo que representa su edificio hist\u00f3rico como desde el material con que cuenta. Hay libros que son verdaderas reliquias. Por eso estamos viendo la chance de hacer alguna cena como la organizada para el sector de pediatr\u00eda del Hospital Blas Dubarry o alguna otra acci\u00f3n similar. Los mercedinos han demostrado en repetidas ocasiones su sentido de la solidaridad y mucho m\u00e1s cuando se convoca desde una instituci\u00f3n como la Biblioteca, llevada adelante por gente muy respetada como Margot y quienes la acompa\u00f1an\u201d<\/em>.<\/p>\n<p>Margot Loiza de M\u00e9ndez record\u00f3 tambi\u00e9n: <em>\u201cLo importante es entender que todo lo que llegue no es para m\u00ed, no es para ninguno de los integrantes de la Comisi\u00f3n Directiva. Lo que llega es para la Biblioteca, para los mercedinos. Es para todos\u201d.<\/em> Y adelant\u00f3 que est\u00e1 trabajando para la realizaci\u00f3n de una actividad solidaria prevista para octubre.<\/p>\n<p>La Biblioteca Domingo Faustino Sarmiento, uno de los edificios emblem\u00e1ticos de Mercedes, fue fundada a finales del siglo 19 y es una entidad sin fines de lucro. No hay vecino que no haya pasado por sus salones a buscar un libro, a leer, a estudiar. Por su valor hist\u00f3rico, adem\u00e1s, el FMPV lo tiene incluido en un proyecto de preservaci\u00f3n de Patrimonio Natural y Cultural para el desarrollo local y tur\u00edstico.<\/p>\n<p>Este a\u00f1o, y entre muchas otras cosas, se exhibi\u00f3 una muestra de la Comisi\u00f3n de Patrimonio Hist\u00f3rico (abierta a todos los vecinos y que cuenta con apoyo del Frente), con la que se realizaron trabajos pr\u00e1cticos con distintas escuelas de la ciudad.<\/p>\n<p><em>\u201cLos pueblos no pueden olvidar sus ra\u00edces, su pasado. Instituciones como la Biblioteca Sarmiento nos ayudan a eso, a saber qui\u00e9nes somos, de d\u00f3nde venimos, cu\u00e1l es nuestra identidad. Por eso, como ya lo dijimos, desde nuestro lugar y cada vez que podamos vamos a aportar nuestro granito de arena para ayudar a sostenerla\u201d,<\/em> cerr\u00f3 Ustarroz.<\/p>\n<p><span style=\"color: #888888;\">Fuente: Frente Mercedino<\/span><\/p>\n","protected":false},"excerpt":{"rendered":"<p>La Biblioteca Popular Domingo Faustino Sarmiento, una de las instituciones emblem\u00e1ticas de Mercedes, recibi\u00f3 este jueves un subsidio de 8.000 &#8230; <a title=\"Entregan subsidio a la biblioteca Sarmiento desde Senado de la Naci\u00f3n\" class=\"read-more\" href=\"https:\/\/www.hoymercedes.com.ar\/principal\/2013\/09\/13\/entregan-subsidio-a-la-biblioteca-sarmiento-desde-senado-de-la-nacion\/\" aria-label=\"Leer m\u00e1s sobre Entregan subsidio a la biblioteca Sarmiento desde Senado de la Naci\u00f3n\">Leer m\u00e1s<\/a><\/p>\n","protected":false},"author":1,"featured_media":0,"comment_status":"open","ping_status":"open","sticky":false,"template":"","format":"standard","meta":{"_monsterinsights_skip_tracking":false,"_monsterinsights_sitenote_active":false,"_monsterinsights_sitenote_note":"","_monsterinsights_sitenote_category":0,"jetpack_post_was_ever_published":false,"_jetpack_newsletter_access":"","_jetpack_dont_email_post_to_subs":false,"_jetpack_newsletter_tier_id":0,"_jetpack_memberships_contains_paywalled_content":false,"_jetpack_memberships_contains_paid_content":false,"footnotes":"","jetpack_publicize_message":"","jetpack_publicize_feature_enabled":true,"jetpack_social_post_already_shared":true,"jetpack_social_options":{"image_generator_settings":{"template":"highway","default_image_id":0,"font":"","enabled":false},"version":2},"_wpas_customize_per_network":false},"categories":[5],"tags":[3890],"class_list":["post-25729","post","type-post","status-publish","format-standard","hentry","category-politica","tag-subsidio-biblioteca-sarmiento","generate-columns","tablet-grid-50","mobile-grid-100","grid-parent","grid-50"],"jetpack_publicize_connections":[],"jetpack_featured_media_url":"","wps_subtitle":"","jetpack_sharing_enabled":true,"_links":{"self":[{"href":"https:\/\/www.hoymercedes.com.ar\/principal\/wp-json\/wp\/v2\/posts\/25729","targetHints":{"allow":["GET"]}}],"collection":[{"href":"https:\/\/www.hoymercedes.com.ar\/principal\/wp-json\/wp\/v2\/posts"}],"about":[{"href":"https:\/\/www.hoymercedes.com.ar\/principal\/wp-json\/wp\/v2\/types\/post"}],"author":[{"embeddable":true,"href":"https:\/\/www.hoymercedes.com.ar\/principal\/wp-json\/wp\/v2\/users\/1"}],"replies":[{"embeddable":true,"href":"https:\/\/www.hoymercedes.com.ar\/principal\/wp-json\/wp\/v2\/comments?post=25729"}],"version-history":[{"count":0,"href":"https:\/\/www.hoymercedes.com.ar\/principal\/wp-json\/wp\/v2\/posts\/25729\/revisions"}],"wp:attachment":[{"href":"https:\/\/www.hoymercedes.com.ar\/principal\/wp-json\/wp\/v2\/media?parent=25729"}],"wp:term":[{"taxonomy":"category","embeddable":true,"href":"https:\/\/www.hoymercedes.com.ar\/principal\/wp-json\/wp\/v2\/categories?post=25729"},{"taxonomy":"post_tag","embeddable":true,"href":"https:\/\/www.hoymercedes.com.ar\/principal\/wp-json\/wp\/v2\/tags?post=25729"}],"curies":[{"name":"wp","href":"https:\/\/api.w.org\/{rel}","templated":true}]}}