{"id":25746,"date":"2013-09-13T17:00:26","date_gmt":"2013-09-13T17:00:26","guid":{"rendered":"http:\/\/www.hoymercedes.com.ar\/principal\/?p=25746"},"modified":"2013-09-13T17:00:26","modified_gmt":"2013-09-13T17:00:26","slug":"bozzini-parte-de-mi-trabajo-sera-trasladar-el-clima-de-convivencia-que-vivimos-en-el-club-a-la-sociedad","status":"publish","type":"post","link":"https:\/\/www.hoymercedes.com.ar\/principal\/2013\/09\/13\/bozzini-parte-de-mi-trabajo-sera-trasladar-el-clima-de-convivencia-que-vivimos-en-el-club-a-la-sociedad\/","title":{"rendered":"Bozzini: \u201cParte de mi trabajo ser\u00e1 trasladar el clima de convivencia que vivimos en el club a la sociedad\u201d"},"content":{"rendered":"<p><a href=\"https:\/\/www.hoymercedes.com.ar\/principal\/wp-content\/uploads\/2013\/09\/bozziniselvaymassa.jpg\"><img loading=\"lazy\" decoding=\"async\" data-attachment-id=\"25748\" data-permalink=\"https:\/\/www.hoymercedes.com.ar\/principal\/2013\/09\/13\/bozzini-parte-de-mi-trabajo-sera-trasladar-el-clima-de-convivencia-que-vivimos-en-el-club-a-la-sociedad\/bozziniselvaymassa\/#main\" data-orig-file=\"https:\/\/www.hoymercedes.com.ar\/principal\/wp-content\/uploads\/2013\/09\/bozziniselvaymassa.jpg\" data-orig-size=\"620,317\" data-comments-opened=\"1\" data-image-meta=\"{&quot;aperture&quot;:&quot;5.3&quot;,&quot;credit&quot;:&quot;&quot;,&quot;camera&quot;:&quot;NIKON D3100&quot;,&quot;caption&quot;:&quot;&quot;,&quot;created_timestamp&quot;:&quot;1372649943&quot;,&quot;copyright&quot;:&quot;&quot;,&quot;focal_length&quot;:&quot;42&quot;,&quot;iso&quot;:&quot;3200&quot;,&quot;shutter_speed&quot;:&quot;0.016666666666667&quot;,&quot;title&quot;:&quot;&quot;}\" data-image-title=\"bozziniselvaymassa\" data-image-description=\"\" data-image-caption=\"\" data-large-file=\"https:\/\/www.hoymercedes.com.ar\/principal\/wp-content\/uploads\/2013\/09\/bozziniselvaymassa.jpg\" class=\"aligncenter size-full wp-image-25748\" alt=\"bozziniselvaymassa\" src=\"https:\/\/www.hoymercedes.com.ar\/principal\/wp-content\/uploads\/2013\/09\/bozziniselvaymassa.jpg\" width=\"620\" height=\"317\" \/><\/a><\/p>\n<p><em><strong>El candidato a concejal Ricardo Bozzini, referente del Club Quilmes, expres\u00f3 su opini\u00f3n y visi\u00f3n de la primavera, el gran momento que miles de\u00a0estudiantes\u00a0viven cada a\u00f1o.<\/strong><\/em><\/p>\n<p>La previa del D\u00eda de la Primavera generar tensiones y posibilidades de conflicto en Mercedes. Es una situaci\u00f3n particular la que se vive en la ciudad en la v\u00edspera de esta celebraci\u00f3n estudiantil y todos los sectores sociales y pol\u00edticos intentan hacer un aporte para optimizar las celebraciones. <em>\u201cTodos tenemos que realizar nuestro aporte y hacernos cargo de lo que sucede en esta festividad. La cuesti\u00f3n no pasa por responsabilizar al Estado, ya que la responsabilidad es de mucha gente tambi\u00e9n y apuntando por ese sendero es donde vamos a crecer como sociedad\u201d<\/em>, sostuvo el candidato a concejal por el Frente Renovador Ricardo Bozzini.<\/p>\n<p>Bozzini pone como ejemplo de lo que pasa en la sociedad y qu\u00e9 cosas se pueden modificar, lo que vive diariamente en su querido club Quilmes, del cual es presidente.<em> \u201cAc\u00e1 tenemos chicos de todas las escuelas y clases sociales conviviendo pac\u00edficamente y practicando deportes sanamente. Ac\u00e1 no existe esa divisoria de aguas que se plantea entre colegios. Creo que parte de mi trabajo a futuro es trasladar esto que vivimos en el club para la sociedad en general y tratar de cambiar esta violencia que se viene construyendo desde hace a\u00f1os\u201d<\/em>, afirm\u00f3 Ricardo Bozzini.<\/p>\n<p>Bozzini adem\u00e1s de ser dirigente del Quilmes es padre de un joven que vive el 21 de septiembre como tantos otros en la ciudad los adolescentes y esa es una preocupaci\u00f3n tambi\u00e9n. <em>\u201cUno se preocupa tambi\u00e9n como padre ante estas cosas. Pero lo fundamental es tener en claro los valores forjados en el seno familiar que son con los que va a hacer frente a la vida un hijo. Es fundamental lo que vive el joven su familia para luego desarrollarse en la sociedad\u201d<\/em>, dijo el candidato del Frente Renovador que tiene a Sergio Massa como candidato a diputado nacional.<\/p>\n<p><span style=\"color: #888888;\">Fuente: Frente Renovador<\/span><\/p>\n","protected":false},"excerpt":{"rendered":"<p>El candidato a concejal Ricardo Bozzini, referente del Club Quilmes, expres\u00f3 su opini\u00f3n y visi\u00f3n de la primavera, el gran &#8230; <a title=\"Bozzini: \u201cParte de mi trabajo ser\u00e1 trasladar el clima de convivencia que vivimos en el club a la sociedad\u201d\" class=\"read-more\" href=\"https:\/\/www.hoymercedes.com.ar\/principal\/2013\/09\/13\/bozzini-parte-de-mi-trabajo-sera-trasladar-el-clima-de-convivencia-que-vivimos-en-el-club-a-la-sociedad\/\" aria-label=\"Leer m\u00e1s sobre Bozzini: \u201cParte de mi trabajo ser\u00e1 trasladar el clima de convivencia que vivimos en el club a la sociedad\u201d\">Leer m\u00e1s<\/a><\/p>\n","protected":false},"author":1,"featured_media":0,"comment_status":"open","ping_status":"open","sticky":false,"template":"","format":"standard","meta":{"_monsterinsights_skip_tracking":false,"_monsterinsights_sitenote_active":false,"_monsterinsights_sitenote_note":"","_monsterinsights_sitenote_category":0,"jetpack_post_was_ever_published":false,"_jetpack_newsletter_access":"","_jetpack_dont_email_post_to_subs":false,"_jetpack_newsletter_tier_id":0,"_jetpack_memberships_contains_paywalled_content":false,"_jetpack_memberships_contains_paid_content":false,"footnotes":"","jetpack_publicize_message":"","jetpack_publicize_feature_enabled":true,"jetpack_social_post_already_shared":true,"jetpack_social_options":{"image_generator_settings":{"template":"highway","default_image_id":0,"font":"","enabled":false},"version":2},"_wpas_customize_per_network":false},"categories":[5],"tags":[3648],"class_list":["post-25746","post","type-post","status-publish","format-standard","hentry","category-politica","tag-ricardo-bozzini","generate-columns","tablet-grid-50","mobile-grid-100","grid-parent","grid-50"],"jetpack_publicize_connections":[],"jetpack_featured_media_url":"","wps_subtitle":"","jetpack_sharing_enabled":true,"_links":{"self":[{"href":"https:\/\/www.hoymercedes.com.ar\/principal\/wp-json\/wp\/v2\/posts\/25746","targetHints":{"allow":["GET"]}}],"collection":[{"href":"https:\/\/www.hoymercedes.com.ar\/principal\/wp-json\/wp\/v2\/posts"}],"about":[{"href":"https:\/\/www.hoymercedes.com.ar\/principal\/wp-json\/wp\/v2\/types\/post"}],"author":[{"embeddable":true,"href":"https:\/\/www.hoymercedes.com.ar\/principal\/wp-json\/wp\/v2\/users\/1"}],"replies":[{"embeddable":true,"href":"https:\/\/www.hoymercedes.com.ar\/principal\/wp-json\/wp\/v2\/comments?post=25746"}],"version-history":[{"count":0,"href":"https:\/\/www.hoymercedes.com.ar\/principal\/wp-json\/wp\/v2\/posts\/25746\/revisions"}],"wp:attachment":[{"href":"https:\/\/www.hoymercedes.com.ar\/principal\/wp-json\/wp\/v2\/media?parent=25746"}],"wp:term":[{"taxonomy":"category","embeddable":true,"href":"https:\/\/www.hoymercedes.com.ar\/principal\/wp-json\/wp\/v2\/categories?post=25746"},{"taxonomy":"post_tag","embeddable":true,"href":"https:\/\/www.hoymercedes.com.ar\/principal\/wp-json\/wp\/v2\/tags?post=25746"}],"curies":[{"name":"wp","href":"https:\/\/api.w.org\/{rel}","templated":true}]}}