{"id":25769,"date":"2013-09-14T15:58:40","date_gmt":"2013-09-14T15:58:40","guid":{"rendered":"http:\/\/www.hoymercedes.com.ar\/principal\/?p=25769"},"modified":"2013-09-14T15:58:40","modified_gmt":"2013-09-14T15:58:40","slug":"frente-mercedino-presento-proyecto-para-becas-universitarias","status":"publish","type":"post","link":"https:\/\/www.hoymercedes.com.ar\/principal\/2013\/09\/14\/frente-mercedino-presento-proyecto-para-becas-universitarias\/","title":{"rendered":"Frente Mercedino present\u00f3 proyecto para becas universitarias"},"content":{"rendered":"<p><a href=\"https:\/\/www.hoymercedes.com.ar\/principal\/wp-content\/uploads\/2013\/09\/FrenteMercedino-Becas.jpg\"><img loading=\"lazy\" decoding=\"async\" data-attachment-id=\"25767\" data-permalink=\"https:\/\/www.hoymercedes.com.ar\/principal\/frentemercedino-becas\/\" data-orig-file=\"https:\/\/www.hoymercedes.com.ar\/principal\/wp-content\/uploads\/2013\/09\/FrenteMercedino-Becas.jpg\" data-orig-size=\"620,252\" data-comments-opened=\"1\" data-image-meta=\"{&quot;aperture&quot;:&quot;5&quot;,&quot;credit&quot;:&quot;&quot;,&quot;camera&quot;:&quot;Canon EOS REBEL T3i&quot;,&quot;caption&quot;:&quot;&quot;,&quot;created_timestamp&quot;:&quot;1379071523&quot;,&quot;copyright&quot;:&quot;&quot;,&quot;focal_length&quot;:&quot;42&quot;,&quot;iso&quot;:&quot;400&quot;,&quot;shutter_speed&quot;:&quot;0.016666666666667&quot;,&quot;title&quot;:&quot;&quot;}\" data-image-title=\"FrenteMercedino-Becas\" data-image-description=\"\" data-image-caption=\"\" data-large-file=\"https:\/\/www.hoymercedes.com.ar\/principal\/wp-content\/uploads\/2013\/09\/FrenteMercedino-Becas.jpg\" class=\"aligncenter size-full wp-image-25767\" alt=\"FrenteMercedino-Becas\" src=\"https:\/\/www.hoymercedes.com.ar\/principal\/wp-content\/uploads\/2013\/09\/FrenteMercedino-Becas.jpg\" width=\"620\" height=\"252\" \/><\/a><\/p>\n<p><em><strong>El Frente Mercedino para la Victoria present\u00f3 un plan de becas que \u00abincluye la cobertura completa de los traslados y un incentivo econ\u00f3mico para los mejores promedios\u00bb siendo ejes del proyecto de Becas para Estudiantes Universitarios que present\u00f3 Ustarroz junto a Prenitune, L\u00f3pez y Cirillo.<\/strong><\/em><\/p>\n<p>La propuesta del Frente Mercedino, prevista para 2014, incluye financiar el Programa de Becas Municipales, creado por ordenanza en 2005 pero nunca aplicado o puesto en marcha, a trav\u00e9s de un porcentaje del Fondo Educativo que la ciudad recibe cada mes.<\/p>\n<p><em>\u201cCelebramos la existencia del Ciclo B\u00e1sico Com\u00fan de la Universidad de Buenos Aires en Mercedes, pero advertimos la necesidad de apoyar a los estudiantes que deben trasladarse a otras ciudades para seguir la carrera o la especialidad que eligen. A ellos apunta este proyecto que presentamos hoy\u201d<\/em>, explic\u00f3 Juan Ustarroz en una conferencia de prensa desarrollada este viernes en el sal\u00f3n del Honorable Concejo Deliberante.<\/p>\n<p>Junto con Ustarroz estuvieron los concejales de su bloque Juan Pablo L\u00f3pez Baggio y Roberto Cirillo y la segunda candidata de la lista del FMPV, Patricia Prenitune.<\/p>\n<p><em>\u00a0\u201cEl proyecto pasa por dos ejes centrales \u2013agreg\u00f3 Ustarroz-: solventar la totalidad de los gastos de traslado a los estudiantes que deben viajar a otra ciudad para seguir su especialidad, porque muchos de ellos no pueden establecerse en las ciudades en las que estudian, y un incentivo econ\u00f3mico para los promedios m\u00e1s altos. La idea es premiar el sacrificio, el esfuerzo y el talento de cada uno de los estudiantes mercedinos\u201d.<\/em><\/p>\n<p>El principal referente del Frente Mercedino record\u00f3 tambi\u00e9n:<em> \u201cPara nosotros la educaci\u00f3n es la base fundamental para la construcci\u00f3n de una sociedad m\u00e1s justa, que les d\u00e9 a todos igualdad de oportunidades, y a veces vemos la decepci\u00f3n de los chicos que no pueden seguir una carrera porque no tienen la posibilidad econ\u00f3mica de sostenerse. No podemos permitir que eso suceda. Y el dinero girado desde Naci\u00f3n para el Fondo Educativo, que es muy importante, nos parece el camino adecuado para desarrollar esta propuesta\u201d.<\/em><\/p>\n<p>El texto del proyecto recuerda que Mercedes ya recibi\u00f3\u00a0en concepto de giros por el Fondo Educativo un total de $ 3.827.404; y propone, de cara al ejercicio 2014, destinar el 30% del total que la ciudad vaya recibiendo para el Fondo Municipal de Becas.<\/p>\n<p><em>\u201cEntendemos que el dinero recibido este a\u00f1o ya debe estar asignado \u2013<\/em>cont\u00f3 a su turno L\u00f3pez Baggio<em>-, y no queremos entorpecer esos proyectos. Nuestra intenci\u00f3n no es ponerle palos en la rueda al intendente sino todo lo contrario. Por eso proponemos llevar a cabo esta idea a partir del a\u00f1o que viene, lo que nos da la posibilidad de planificarlo\u201d.<\/em><\/p>\n<p><em>\u201cNuestro proyecto contempla la designaci\u00f3n al Fondo de Becas de un 30% del Fondo Educativo, pero claro que el porcentaje es materia opinable \u2013<\/em>agreg\u00f3<em>-. Seguramente ser\u00e1 un tema a tratar en sesi\u00f3n con todos los integrantes del Concejo Deliberante\u201d.<\/em><\/p>\n<p>De acuerdo a las normas, los recursos percibidos por cada municipio por el Fondo Educativo deber\u00e1n destinarse exclusivamente a finalidades de \u201ceducaci\u00f3n, ciencia y tecnolog\u00eda, con el objetivo de garantizar igualdad de oportunidades de aprendizaje, apoyo de pol\u00edticas de mejora en la calidad de la ense\u00f1anza y fortalecer la investigaci\u00f3n cient\u00edfica y tecnol\u00f3gica, reafirmando el rol estrat\u00e9gico de la educaci\u00f3n\u201d.<\/p>\n<p><img loading=\"lazy\" decoding=\"async\" data-attachment-id=\"25768\" data-permalink=\"https:\/\/www.hoymercedes.com.ar\/principal\/frentemercedino-becas-ii\/\" data-orig-file=\"https:\/\/www.hoymercedes.com.ar\/principal\/wp-content\/uploads\/2013\/09\/FrenteMercedino-Becas-II.jpg\" data-orig-size=\"620,249\" data-comments-opened=\"1\" data-image-meta=\"{&quot;aperture&quot;:&quot;4&quot;,&quot;credit&quot;:&quot;&quot;,&quot;camera&quot;:&quot;Canon EOS REBEL T3i&quot;,&quot;caption&quot;:&quot;&quot;,&quot;created_timestamp&quot;:&quot;1379071696&quot;,&quot;copyright&quot;:&quot;&quot;,&quot;focal_length&quot;:&quot;27&quot;,&quot;iso&quot;:&quot;400&quot;,&quot;shutter_speed&quot;:&quot;0.066666666666667&quot;,&quot;title&quot;:&quot;&quot;}\" data-image-title=\"FrenteMercedino-Becas-II\" data-image-description=\"\" data-image-caption=\"\" data-large-file=\"https:\/\/www.hoymercedes.com.ar\/principal\/wp-content\/uploads\/2013\/09\/FrenteMercedino-Becas-II.jpg\" class=\"aligncenter size-full wp-image-25768\" alt=\"FrenteMercedino-Becas-II\" src=\"https:\/\/www.hoymercedes.com.ar\/principal\/wp-content\/uploads\/2013\/09\/FrenteMercedino-Becas-II.jpg\" width=\"620\" height=\"249\" srcset=\"https:\/\/www.hoymercedes.com.ar\/principal\/wp-content\/uploads\/2013\/09\/FrenteMercedino-Becas-II.jpg 620w, https:\/\/www.hoymercedes.com.ar\/principal\/wp-content\/uploads\/2013\/09\/FrenteMercedino-Becas-II-300x120.jpg 300w\" sizes=\"auto, (max-width: 620px) 100vw, 620px\" \/><\/p>\n<p>Si el primer paso se concreta (el de destinar en 2014 parte del Fondo Educativo para el Fondo Municipal de Becas), el Frente Mercedino articular\u00e1 con los diferentes actores del \u00e1rea para relevar la cantidad de estudiantes universitarios mercedinos que se trasladan peri\u00f3dicamente a otras localidades para seguir las carreras que eligieron y, finalmente, propondr\u00e1 la conformaci\u00f3n de una autoridad de aplicaci\u00f3n para el programa.<\/p>\n<p><em>\u201cCreemos que es una propuesta que contar\u00e1 con el apoyo de todos los concejales.\u00a0 Seguramente hay algunos aspectos que son mejorables y esperamos las opiniones de todos, queremos incorporar sus ideas, trabajar todos juntos. Pero en l\u00edneas generales interpretamos que la educaci\u00f3n de nuestros chicos y j\u00f3venes es una preocupaci\u00f3n del conjunto de la sociedad y por eso consideramos que este proyecto tendr\u00e1 consenso y lo podremos llevar adelante\u201d<\/em>, concluy\u00f3 \u2018Juani\u2019 Ustarroz.<\/p>\n<p><span style=\"color: #888888;\">Fuente: Frente Mercedino<\/span><\/p>\n","protected":false},"excerpt":{"rendered":"<p>El Frente Mercedino para la Victoria present\u00f3 un plan de becas que \u00abincluye la cobertura completa de los traslados y &#8230; <a title=\"Frente Mercedino present\u00f3 proyecto para becas universitarias\" class=\"read-more\" href=\"https:\/\/www.hoymercedes.com.ar\/principal\/2013\/09\/14\/frente-mercedino-presento-proyecto-para-becas-universitarias\/\" aria-label=\"Leer m\u00e1s sobre Frente Mercedino present\u00f3 proyecto para becas universitarias\">Leer m\u00e1s<\/a><\/p>\n","protected":false},"author":1,"featured_media":0,"comment_status":"open","ping_status":"open","sticky":false,"template":"","format":"standard","meta":{"_monsterinsights_skip_tracking":false,"_monsterinsights_sitenote_active":false,"_monsterinsights_sitenote_note":"","_monsterinsights_sitenote_category":0,"jetpack_post_was_ever_published":false,"_jetpack_newsletter_access":"","_jetpack_dont_email_post_to_subs":false,"_jetpack_newsletter_tier_id":0,"_jetpack_memberships_contains_paywalled_content":false,"_jetpack_memberships_contains_paid_content":false,"footnotes":"","jetpack_publicize_message":"","jetpack_publicize_feature_enabled":true,"jetpack_social_post_already_shared":true,"jetpack_social_options":{"image_generator_settings":{"template":"highway","default_image_id":0,"font":"","enabled":false},"version":2},"_wpas_customize_per_network":false},"categories":[5],"tags":[3894,1007],"class_list":["post-25769","post","type-post","status-publish","format-standard","hentry","category-politica","tag-becas","tag-frente-mercedino","generate-columns","tablet-grid-50","mobile-grid-100","grid-parent","grid-50"],"jetpack_publicize_connections":[],"jetpack_featured_media_url":"","wps_subtitle":"","jetpack_sharing_enabled":true,"_links":{"self":[{"href":"https:\/\/www.hoymercedes.com.ar\/principal\/wp-json\/wp\/v2\/posts\/25769","targetHints":{"allow":["GET"]}}],"collection":[{"href":"https:\/\/www.hoymercedes.com.ar\/principal\/wp-json\/wp\/v2\/posts"}],"about":[{"href":"https:\/\/www.hoymercedes.com.ar\/principal\/wp-json\/wp\/v2\/types\/post"}],"author":[{"embeddable":true,"href":"https:\/\/www.hoymercedes.com.ar\/principal\/wp-json\/wp\/v2\/users\/1"}],"replies":[{"embeddable":true,"href":"https:\/\/www.hoymercedes.com.ar\/principal\/wp-json\/wp\/v2\/comments?post=25769"}],"version-history":[{"count":0,"href":"https:\/\/www.hoymercedes.com.ar\/principal\/wp-json\/wp\/v2\/posts\/25769\/revisions"}],"wp:attachment":[{"href":"https:\/\/www.hoymercedes.com.ar\/principal\/wp-json\/wp\/v2\/media?parent=25769"}],"wp:term":[{"taxonomy":"category","embeddable":true,"href":"https:\/\/www.hoymercedes.com.ar\/principal\/wp-json\/wp\/v2\/categories?post=25769"},{"taxonomy":"post_tag","embeddable":true,"href":"https:\/\/www.hoymercedes.com.ar\/principal\/wp-json\/wp\/v2\/tags?post=25769"}],"curies":[{"name":"wp","href":"https:\/\/api.w.org\/{rel}","templated":true}]}}