{"id":2577,"date":"2011-03-04T03:26:48","date_gmt":"2011-03-04T03:26:48","guid":{"rendered":"http:\/\/www.hoymercedes.com.ar\/principal\/?p=2577"},"modified":"2011-03-04T03:26:48","modified_gmt":"2011-03-04T03:26:48","slug":"comunicado-de-la-comision-ejecutiva-de-la-conferencia-episcopal-con-motivo-de-la-celebracion-del-ano-de-la-vida","status":"publish","type":"post","link":"https:\/\/www.hoymercedes.com.ar\/principal\/2011\/03\/04\/comunicado-de-la-comision-ejecutiva-de-la-conferencia-episcopal-con-motivo-de-la-celebracion-del-ano-de-la-vida\/","title":{"rendered":"Comunicado de la Comisi\u00f3n Ejecutiva de la Conferencia Episcopal con motivo de la celebraci\u00f3n del \u00abA\u00f1o de la Vida\u00bb"},"content":{"rendered":"<p>Desde hace algunos a\u00f1os, ha quedado establecido en el calendario de nuestro pa\u00eds, el 25 de marzo, como el d\u00eda del ni\u00f1o por-nacer. Pero desde hace muchos siglos, los cristianos celebramos en esa fecha, la fiesta de\u00a0la Anunciaci\u00f3n, recordando el momento en el que el \u00e1ngel le pregunta a Mar\u00eda si acepta ser\u00a0la Madre\u00a0del Se\u00f1or (Lc 1,26-38). Con el \u201cs\u00ed\u201d de Mar\u00eda comienza la existencia hist\u00f3rica de Jesucristo, quien empieza as\u00ed a vivir en el vientre de esta joven mujer de Nazareth.<\/p>\n<p>Desde entonces podemos decir que Dios ha tomado partido por el hombre, por su vida, asumiendo \u00e9l mismo todas las vicisitudes de la existencia humana. Dios ama la vida de tal modo, que se hizo uno de los nuestros, creciendo en el vientre de una mujer, naciendo de ella, viviendo y muriendo como todos nosotros.<\/p>\n<p>Desde su nacimiento\u00a0la Iglesia\u00a0de Cristo entiende su misi\u00f3n en el mundo como una celebraci\u00f3n, un anuncio y un servicio a\u00a0la Vida. A\u00a0lo largo de sus dos mil a\u00f1os de existencia promovi\u00f3 una `cultura de la vida\u00b4.\u00a0 Lo hizo a trav\u00e9s de\u00a0 las obras de ayuda a los m\u00e1s necesitados, la educaci\u00f3n de ni\u00f1os y j\u00f3venes, el acompa\u00f1amiento a los novios y a los matrimonios, la atenci\u00f3n brindada a los ancianos, el inter\u00e9s por cuidar a los enfermos y de asistir a quienes est\u00e1n muriendo y muchas otras iniciativas orientadas a cuidar y promover la vida.<\/p>\n<p>En continuidad con las ense\u00f1anzas de Jes\u00fas, sostenemos el valor de toda vida humana, pero nos sentimos especialmente llamados a cuidar y promover la vida fr\u00e1gil, expuesta o en riesgo. Por eso nos preocupa especialmente una de las etapas de mayor fragilidad, la del comienzo de la vida, frente a una mentalidad que disminuye la gravedad moral y jur\u00eddica del aborto. La celebraci\u00f3n del d\u00eda del ni\u00f1o por nacer debe invitarnos a la reflexi\u00f3n y al compromiso. A la reflexi\u00f3n sobre el valor de la vida y a un compromiso concreto con esta primera etapa vital tan importante. Cuidar a los ni\u00f1os y ni\u00f1as por nacer implica en primer lugar cuidar a sus madres, promoviendo embarazos saludables, velando por la alimentaci\u00f3n y la atenci\u00f3n sanitaria tanto de la madre como de su hijo o hija.<\/p>\n<p>Finalmente y siempre tenemos la tarea de hacer de este mundo un lugar pac\u00edfico y justo, en el que todos los ni\u00f1os puedan disfrutar de una vida plena. Lo dice claramente el Santo Padre Benedicto XVI: \u201cLamentablemente, incluso despu\u00e9s del nacimiento, la vida de los ni\u00f1os sigue estando expuesta al abandono, al hambre, a la miseria, a la enfermedad, a los abusos, a la violencia, a la explotaci\u00f3n. Las m\u00faltiples violaciones de sus derechos, que se cometen en el mundo, hieren dolorosamente la conciencia de todo hombre de buena voluntad. Frente al triste panorama de las injusticias cometidas contra la vida del hombre, antes y despu\u00e9s del nacimiento, hago m\u00edo el apremiante llamamiento del Papa Juan Pablo II a la responsabilidad de todos y de cada uno: \u00ab\u00a1Respeta, defiende, ama y sirve a la vida, a toda vida humana! S\u00f3lo siguiendo este camino encontrar\u00e1s justicia, desarrollo, libertad verdadera, paz y felicidad\u00bb (Evangelium vitae, 5).\u201d<\/p>\n<p>En el marco del A\u00f1o por la vida, celebremos este a\u00f1o el 25 de marzo pidiendo al Esp\u00edritu Santo, Dador de Vida, la fuerza necesaria para transformar la realidad y que cada ni\u00f1o y ni\u00f1a, encuentren al nacer, cuna, alimento y sobre todo unos brazos sanos y amorosos de padres y madres que los gu\u00eden y acompa\u00f1en en su crecimiento. Mar\u00eda, madre de Jes\u00fas y madre de todos nos acompa\u00f1e en el camino.\u00a0\u00a0Que as\u00ed sea.<\/p>\n<p>Comisi\u00f3n Ejecutiva de\u00a0la Conferencia\u00a0Episcopal\u00a0Argentina<br \/>\n25 de febrero de 2011<\/p>\n","protected":false},"excerpt":{"rendered":"<p>Desde hace algunos a\u00f1os, ha quedado establecido en el calendario de nuestro pa\u00eds, el 25 de marzo, como el d\u00eda &#8230; <a title=\"Comunicado de la Comisi\u00f3n Ejecutiva de la Conferencia Episcopal con motivo de la celebraci\u00f3n del \u00abA\u00f1o de la Vida\u00bb\" class=\"read-more\" href=\"https:\/\/www.hoymercedes.com.ar\/principal\/2011\/03\/04\/comunicado-de-la-comision-ejecutiva-de-la-conferencia-episcopal-con-motivo-de-la-celebracion-del-ano-de-la-vida\/\" aria-label=\"Leer m\u00e1s sobre Comunicado de la Comisi\u00f3n Ejecutiva de la Conferencia Episcopal con motivo de la celebraci\u00f3n del \u00abA\u00f1o de la Vida\u00bb\">Leer m\u00e1s<\/a><\/p>\n","protected":false},"author":1,"featured_media":0,"comment_status":"open","ping_status":"open","sticky":false,"template":"","format":"standard","meta":{"_monsterinsights_skip_tracking":false,"_monsterinsights_sitenote_active":false,"_monsterinsights_sitenote_note":"","_monsterinsights_sitenote_category":0,"jetpack_post_was_ever_published":false,"_jetpack_newsletter_access":"","_jetpack_dont_email_post_to_subs":false,"_jetpack_newsletter_tier_id":0,"_jetpack_memberships_contains_paywalled_content":false,"_jetpack_memberships_contains_paid_content":false,"footnotes":"","jetpack_publicize_message":"","jetpack_publicize_feature_enabled":true,"jetpack_social_post_already_shared":false,"jetpack_social_options":{"image_generator_settings":{"template":"highway","default_image_id":0,"font":"","enabled":false},"version":2},"_wpas_customize_per_network":false},"categories":[8],"tags":[290],"class_list":["post-2577","post","type-post","status-publish","format-standard","hentry","category-sociedad","tag-radrizzani","generate-columns","tablet-grid-50","mobile-grid-100","grid-parent","grid-50"],"jetpack_publicize_connections":[],"jetpack_featured_media_url":"","wps_subtitle":"","jetpack_sharing_enabled":true,"_links":{"self":[{"href":"https:\/\/www.hoymercedes.com.ar\/principal\/wp-json\/wp\/v2\/posts\/2577","targetHints":{"allow":["GET"]}}],"collection":[{"href":"https:\/\/www.hoymercedes.com.ar\/principal\/wp-json\/wp\/v2\/posts"}],"about":[{"href":"https:\/\/www.hoymercedes.com.ar\/principal\/wp-json\/wp\/v2\/types\/post"}],"author":[{"embeddable":true,"href":"https:\/\/www.hoymercedes.com.ar\/principal\/wp-json\/wp\/v2\/users\/1"}],"replies":[{"embeddable":true,"href":"https:\/\/www.hoymercedes.com.ar\/principal\/wp-json\/wp\/v2\/comments?post=2577"}],"version-history":[{"count":0,"href":"https:\/\/www.hoymercedes.com.ar\/principal\/wp-json\/wp\/v2\/posts\/2577\/revisions"}],"wp:attachment":[{"href":"https:\/\/www.hoymercedes.com.ar\/principal\/wp-json\/wp\/v2\/media?parent=2577"}],"wp:term":[{"taxonomy":"category","embeddable":true,"href":"https:\/\/www.hoymercedes.com.ar\/principal\/wp-json\/wp\/v2\/categories?post=2577"},{"taxonomy":"post_tag","embeddable":true,"href":"https:\/\/www.hoymercedes.com.ar\/principal\/wp-json\/wp\/v2\/tags?post=2577"}],"curies":[{"name":"wp","href":"https:\/\/api.w.org\/{rel}","templated":true}]}}