{"id":25814,"date":"2013-09-17T00:00:27","date_gmt":"2013-09-17T00:00:27","guid":{"rendered":"http:\/\/www.hoymercedes.com.ar\/principal\/?p=25814"},"modified":"2013-09-20T20:48:11","modified_gmt":"2013-09-20T20:48:11","slug":"pablo-perazzo-flamante-gerente-general-de-fagaba","status":"publish","type":"post","link":"https:\/\/www.hoymercedes.com.ar\/principal\/2013\/09\/17\/pablo-perazzo-flamante-gerente-general-de-fagaba\/","title":{"rendered":"Pablo Perazzo flamante Gerente General de FOGABA"},"content":{"rendered":"<figure id=\"attachment_25816\" aria-describedby=\"caption-attachment-25816\" style=\"width: 610px\" class=\"wp-caption aligncenter\"><a href=\"https:\/\/www.hoymercedes.com.ar\/principal\/wp-content\/uploads\/2013\/09\/fagaba.jpg\"><img loading=\"lazy\" decoding=\"async\" data-attachment-id=\"25816\" data-permalink=\"https:\/\/www.hoymercedes.com.ar\/principal\/2013\/09\/17\/pablo-perazzo-flamante-gerente-general-de-fagaba\/fagaba\/#main\" data-orig-file=\"https:\/\/www.hoymercedes.com.ar\/principal\/wp-content\/uploads\/2013\/09\/fagaba.jpg\" data-orig-size=\"620,73\" data-comments-opened=\"1\" data-image-meta=\"{&quot;aperture&quot;:&quot;0&quot;,&quot;credit&quot;:&quot;&quot;,&quot;camera&quot;:&quot;&quot;,&quot;caption&quot;:&quot;&quot;,&quot;created_timestamp&quot;:&quot;0&quot;,&quot;copyright&quot;:&quot;&quot;,&quot;focal_length&quot;:&quot;0&quot;,&quot;iso&quot;:&quot;0&quot;,&quot;shutter_speed&quot;:&quot;0&quot;,&quot;title&quot;:&quot;&quot;}\" data-image-title=\"fagaba\" data-image-description=\"\" data-image-caption=\"&lt;p&gt;fogaba&lt;\/p&gt;\n\" data-large-file=\"https:\/\/www.hoymercedes.com.ar\/principal\/wp-content\/uploads\/2013\/09\/fagaba.jpg\" class=\"size-full wp-image-25816\" alt=\"fogaba \" src=\"https:\/\/www.hoymercedes.com.ar\/principal\/wp-content\/uploads\/2013\/09\/fagaba.jpg\" width=\"620\" height=\"73\" \/><\/a><figcaption id=\"caption-attachment-25816\" class=\"wp-caption-text\">fogaba<\/figcaption><\/figure>\n<p><em><strong>El integrante de \u00abLeales a Per\u00f3n\u00bb y miembro del Frente Mercedino ser\u00e1 el nuevo Gerente General del Fondo de Garant\u00edas Buenos Aires. Perazzo estuvo en el PAMI y recientemente en el Ministerio de Justicia de la Naci\u00f3n. Ahora se mover\u00e1 a la gesti\u00f3n provincial.<\/strong><\/em><\/p>\n<p>El FOGABA es un fondo de garant\u00edas. En el mismo sitio sostienen, para explicar de qu\u00e9 se trata, que: <em>\u00abEl Fondo de Garant\u00edas Buenos Aires es la primera instituci\u00f3n de garant\u00edas de la Argentina. Se trata de una Sociedad An\u00f3nima con Participaci\u00f3n Estatal Mayoritaria (SAPEM) que se encuentra bajo la \u00f3rbita del Ministerio de Producci\u00f3n, Ciencia y Tecnolog\u00eda de la Provincia de Buenos Aires. El objetivo principal de FOGABA es facilitar el acceso al financiamiento a las PYMES de la Provincia, a trav\u00e9s del otorgamiento de garant\u00edas.\u00bb<\/em><\/p>\n<p>Dicho espacio de gesti\u00f3n, con perfil t\u00e9cnico y pol\u00edtico, que depende de la Provincia de Buenos Aires, tiene como m\u00e1ximo responsable a Osvaldo Hugo Rial y en el item \u00abGerente General\u00bb ya aparece el contador mercedino Pablo Daniel Perazzo, tal como se lo puede observar en el sitio institucional:\u00a0<a href=\"http:\/\/www.fogaba.com.ar\/?page_id=5\" target=\"_blank\" rel=\"noopener\">www.fogaba.com.ar\/?page_id=5<\/a><\/p>\n<p><a href=\"https:\/\/www.hoymercedes.com.ar\/principal\/wp-content\/uploads\/2013\/09\/perazzofogaba.jpg\"><img loading=\"lazy\" decoding=\"async\" data-attachment-id=\"25817\" data-permalink=\"https:\/\/www.hoymercedes.com.ar\/principal\/2013\/09\/17\/pablo-perazzo-flamante-gerente-general-de-fagaba\/perazzofogaba\/#main\" data-orig-file=\"https:\/\/www.hoymercedes.com.ar\/principal\/wp-content\/uploads\/2013\/09\/perazzofogaba.jpg\" data-orig-size=\"620,191\" data-comments-opened=\"1\" data-image-meta=\"{&quot;aperture&quot;:&quot;0&quot;,&quot;credit&quot;:&quot;&quot;,&quot;camera&quot;:&quot;&quot;,&quot;caption&quot;:&quot;&quot;,&quot;created_timestamp&quot;:&quot;0&quot;,&quot;copyright&quot;:&quot;&quot;,&quot;focal_length&quot;:&quot;0&quot;,&quot;iso&quot;:&quot;0&quot;,&quot;shutter_speed&quot;:&quot;0&quot;,&quot;title&quot;:&quot;&quot;}\" data-image-title=\"perazzofogaba\" data-image-description=\"\" data-image-caption=\"\" data-large-file=\"https:\/\/www.hoymercedes.com.ar\/principal\/wp-content\/uploads\/2013\/09\/perazzofogaba.jpg\" class=\"aligncenter size-full wp-image-25817\" alt=\"perazzofogaba\" src=\"https:\/\/www.hoymercedes.com.ar\/principal\/wp-content\/uploads\/2013\/09\/perazzofogaba.jpg\" width=\"620\" height=\"191\" srcset=\"https:\/\/www.hoymercedes.com.ar\/principal\/wp-content\/uploads\/2013\/09\/perazzofogaba.jpg 620w, https:\/\/www.hoymercedes.com.ar\/principal\/wp-content\/uploads\/2013\/09\/perazzofogaba-300x92.jpg 300w\" sizes=\"auto, (max-width: 620px) 100vw, 620px\" \/><\/a><\/p>\n","protected":false},"excerpt":{"rendered":"<p>El integrante de \u00abLeales a Per\u00f3n\u00bb y miembro del Frente Mercedino ser\u00e1 el nuevo Gerente General del Fondo de Garant\u00edas &#8230; <a title=\"Pablo Perazzo flamante Gerente General de FOGABA\" class=\"read-more\" href=\"https:\/\/www.hoymercedes.com.ar\/principal\/2013\/09\/17\/pablo-perazzo-flamante-gerente-general-de-fagaba\/\" aria-label=\"Leer m\u00e1s sobre Pablo Perazzo flamante Gerente General de FOGABA\">Leer m\u00e1s<\/a><\/p>\n","protected":false},"author":1,"featured_media":0,"comment_status":"open","ping_status":"open","sticky":false,"template":"","format":"standard","meta":{"_monsterinsights_skip_tracking":false,"_monsterinsights_sitenote_active":false,"_monsterinsights_sitenote_note":"","_monsterinsights_sitenote_category":0,"jetpack_post_was_ever_published":false,"_jetpack_newsletter_access":"","_jetpack_dont_email_post_to_subs":false,"_jetpack_newsletter_tier_id":0,"_jetpack_memberships_contains_paywalled_content":false,"_jetpack_memberships_contains_paid_content":false,"footnotes":"","jetpack_publicize_message":"","jetpack_publicize_feature_enabled":true,"jetpack_social_post_already_shared":true,"jetpack_social_options":{"image_generator_settings":{"template":"highway","default_image_id":0,"font":"","enabled":false},"version":2},"_wpas_customize_per_network":false},"categories":[5],"tags":[3901,1877],"class_list":["post-25814","post","type-post","status-publish","format-standard","hentry","category-politica","tag-fogaba","tag-perazzo","generate-columns","tablet-grid-50","mobile-grid-100","grid-parent","grid-50"],"jetpack_publicize_connections":[],"jetpack_featured_media_url":"","wps_subtitle":"","jetpack_sharing_enabled":true,"_links":{"self":[{"href":"https:\/\/www.hoymercedes.com.ar\/principal\/wp-json\/wp\/v2\/posts\/25814","targetHints":{"allow":["GET"]}}],"collection":[{"href":"https:\/\/www.hoymercedes.com.ar\/principal\/wp-json\/wp\/v2\/posts"}],"about":[{"href":"https:\/\/www.hoymercedes.com.ar\/principal\/wp-json\/wp\/v2\/types\/post"}],"author":[{"embeddable":true,"href":"https:\/\/www.hoymercedes.com.ar\/principal\/wp-json\/wp\/v2\/users\/1"}],"replies":[{"embeddable":true,"href":"https:\/\/www.hoymercedes.com.ar\/principal\/wp-json\/wp\/v2\/comments?post=25814"}],"version-history":[{"count":0,"href":"https:\/\/www.hoymercedes.com.ar\/principal\/wp-json\/wp\/v2\/posts\/25814\/revisions"}],"wp:attachment":[{"href":"https:\/\/www.hoymercedes.com.ar\/principal\/wp-json\/wp\/v2\/media?parent=25814"}],"wp:term":[{"taxonomy":"category","embeddable":true,"href":"https:\/\/www.hoymercedes.com.ar\/principal\/wp-json\/wp\/v2\/categories?post=25814"},{"taxonomy":"post_tag","embeddable":true,"href":"https:\/\/www.hoymercedes.com.ar\/principal\/wp-json\/wp\/v2\/tags?post=25814"}],"curies":[{"name":"wp","href":"https:\/\/api.w.org\/{rel}","templated":true}]}}