{"id":25857,"date":"2013-09-19T04:46:20","date_gmt":"2013-09-19T04:46:20","guid":{"rendered":"http:\/\/www.hoymercedes.com.ar\/principal\/?p=25857"},"modified":"2013-09-19T04:46:20","modified_gmt":"2013-09-19T04:46:20","slug":"nueva-ambulancia-para-el-hospital-dubarry-otorgada-por-nacion","status":"publish","type":"post","link":"https:\/\/www.hoymercedes.com.ar\/principal\/2013\/09\/19\/nueva-ambulancia-para-el-hospital-dubarry-otorgada-por-nacion\/","title":{"rendered":"Nueva ambulancia para el Hospital Dubarry otorgada por Naci\u00f3n"},"content":{"rendered":"<p><img loading=\"lazy\" decoding=\"async\" data-attachment-id=\"25861\" data-permalink=\"https:\/\/www.hoymercedes.com.ar\/principal\/2013\/09\/19\/nueva-ambulancia-para-el-hospital-dubarry-otorgada-por-nacion\/ambulancia2013-iii\/#main\" data-orig-file=\"https:\/\/www.hoymercedes.com.ar\/principal\/wp-content\/uploads\/2013\/09\/Ambulancia2013-III.jpg\" data-orig-size=\"620,362\" data-comments-opened=\"1\" data-image-meta=\"{&quot;aperture&quot;:&quot;8&quot;,&quot;credit&quot;:&quot;&quot;,&quot;camera&quot;:&quot;Canon EOS REBEL T3i&quot;,&quot;caption&quot;:&quot;&quot;,&quot;created_timestamp&quot;:&quot;1379504127&quot;,&quot;copyright&quot;:&quot;&quot;,&quot;focal_length&quot;:&quot;18&quot;,&quot;iso&quot;:&quot;100&quot;,&quot;shutter_speed&quot;:&quot;0.005&quot;,&quot;title&quot;:&quot;&quot;}\" data-image-title=\"Ambulancia2013-III\" data-image-description=\"\" data-image-caption=\"\" data-large-file=\"https:\/\/www.hoymercedes.com.ar\/principal\/wp-content\/uploads\/2013\/09\/Ambulancia2013-III.jpg\" class=\"aligncenter size-full wp-image-25861\" alt=\"Ambulancia2013-III\" src=\"https:\/\/www.hoymercedes.com.ar\/principal\/wp-content\/uploads\/2013\/09\/Ambulancia2013-III.jpg\" width=\"620\" height=\"362\" \/><\/p>\n<p><em><strong>El Hospital Blas L. Dubarry sum\u00f3 un nuevo instrumento para el cuidado de los mercedinos. En este caso una flamante ambulancia recibida por el director del nosocomio, Rodolfo Pr\u00edncipi, otorgada por el Ministerio de Salud de la Naci\u00f3n. Estuvieron en el acto Juan Ustarroz, Eduardo \u00abWado De Pedro\u00bb y Alberto Espa\u00f1a.<\/strong><\/em><\/p>\n<p><em><strong><\/strong>\u201cEs un d\u00eda de mucha felicidad\u201d<\/em> afirm\u00f3 Juan Ustarroz que estuvo acompa\u00f1ado en el acto por el diputado nacional Eduardo \u2018Wado\u2019 de Pedro, el legislador provincial Alberto \u2018Cucho\u2019 Espa\u00f1a y los principales responsables del hospital: Rodolfo \u00abFito\u00bb Pr\u00edncipi (director) e Higinio Garc\u00eda Aloisio (director asociado), siendo \u00e9stos quienes hicieron el traspaso formal de la flamante unidad.<\/p>\n<p><img loading=\"lazy\" decoding=\"async\" data-attachment-id=\"25859\" data-permalink=\"https:\/\/www.hoymercedes.com.ar\/principal\/2013\/09\/19\/nueva-ambulancia-para-el-hospital-dubarry-otorgada-por-nacion\/ambulancia2013-i\/#main\" data-orig-file=\"https:\/\/www.hoymercedes.com.ar\/principal\/wp-content\/uploads\/2013\/09\/Ambulancia2013-I.jpg\" data-orig-size=\"620,390\" data-comments-opened=\"1\" data-image-meta=\"{&quot;aperture&quot;:&quot;9&quot;,&quot;credit&quot;:&quot;&quot;,&quot;camera&quot;:&quot;Canon EOS REBEL T3i&quot;,&quot;caption&quot;:&quot;&quot;,&quot;created_timestamp&quot;:&quot;1379504609&quot;,&quot;copyright&quot;:&quot;&quot;,&quot;focal_length&quot;:&quot;21&quot;,&quot;iso&quot;:&quot;100&quot;,&quot;shutter_speed&quot;:&quot;0.005&quot;,&quot;title&quot;:&quot;&quot;}\" data-image-title=\"Ambulancia2013-I\" data-image-description=\"\" data-image-caption=\"\" data-large-file=\"https:\/\/www.hoymercedes.com.ar\/principal\/wp-content\/uploads\/2013\/09\/Ambulancia2013-I.jpg\" class=\"aligncenter size-full wp-image-25859\" alt=\"Ambulancia2013-I\" src=\"https:\/\/www.hoymercedes.com.ar\/principal\/wp-content\/uploads\/2013\/09\/Ambulancia2013-I.jpg\" width=\"620\" height=\"390\" srcset=\"https:\/\/www.hoymercedes.com.ar\/principal\/wp-content\/uploads\/2013\/09\/Ambulancia2013-I.jpg 620w, https:\/\/www.hoymercedes.com.ar\/principal\/wp-content\/uploads\/2013\/09\/Ambulancia2013-I-300x188.jpg 300w\" sizes=\"auto, (max-width: 620px) 100vw, 620px\" \/><\/p>\n<p>La ambulancia de alta complejidad, similar a la que el Frente Mercedino entreg\u00f3 hace dos a\u00f1os, tiene un valor estimado de $ 700.000 entre m\u00f3vil y equipamiento.<\/p>\n<p><em>\u201cNosotros venimos trabajando cotidianamente a favor del hospital y de la salud que requiere Mercedes. Siempre pensando en la calidad de vida de los vecinos, sin importar las diferencias pol\u00edticas que podamos tener, buscando aportar en vez de pararnos en la vereda de enfrente para criticar. Sabemos que nunca es suficiente, que en un \u00e1rea tan sensible como la salud siempre hacen falta cosas, pero el aporte de una ambulancia nos da much\u00edsima felicidad y tambi\u00e9n much\u00edsimo orgullo\u201d<\/em>, asegur\u00f3 \u2018Juani\u2019 Ustarroz.<\/p>\n<p><img loading=\"lazy\" decoding=\"async\" data-attachment-id=\"25860\" data-permalink=\"https:\/\/www.hoymercedes.com.ar\/principal\/2013\/09\/19\/nueva-ambulancia-para-el-hospital-dubarry-otorgada-por-nacion\/ambulancia2013-ii\/#main\" data-orig-file=\"https:\/\/www.hoymercedes.com.ar\/principal\/wp-content\/uploads\/2013\/09\/Ambulancia2013-II.jpg\" data-orig-size=\"620,413\" data-comments-opened=\"1\" data-image-meta=\"{&quot;aperture&quot;:&quot;9&quot;,&quot;credit&quot;:&quot;&quot;,&quot;camera&quot;:&quot;Canon EOS REBEL T3i&quot;,&quot;caption&quot;:&quot;&quot;,&quot;created_timestamp&quot;:&quot;1379504799&quot;,&quot;copyright&quot;:&quot;&quot;,&quot;focal_length&quot;:&quot;18&quot;,&quot;iso&quot;:&quot;100&quot;,&quot;shutter_speed&quot;:&quot;0.005&quot;,&quot;title&quot;:&quot;&quot;}\" data-image-title=\"Ambulancia2013-II\" data-image-description=\"\" data-image-caption=\"\" data-large-file=\"https:\/\/www.hoymercedes.com.ar\/principal\/wp-content\/uploads\/2013\/09\/Ambulancia2013-II.jpg\" class=\"aligncenter size-full wp-image-25860\" alt=\"Ambulancia2013-II\" src=\"https:\/\/www.hoymercedes.com.ar\/principal\/wp-content\/uploads\/2013\/09\/Ambulancia2013-II.jpg\" width=\"620\" height=\"413\" srcset=\"https:\/\/www.hoymercedes.com.ar\/principal\/wp-content\/uploads\/2013\/09\/Ambulancia2013-II.jpg 620w, https:\/\/www.hoymercedes.com.ar\/principal\/wp-content\/uploads\/2013\/09\/Ambulancia2013-II-300x199.jpg 300w\" sizes=\"auto, (max-width: 620px) 100vw, 620px\" \/><\/p>\n<p>Las gestiones ante el Ministerio que conduce Juan Luis Manzur fueron efectuadas por el Diputado Nacional Eduardo \u00abWado\u2019 De Pedro, Espa\u00f1a y el propio Ustarroz. quienes mencionaron:<em> \u201cFormamos un equipo que est\u00e1 permanentemente atento a las necesidades de nuestra ciudad. El hospital Blas Dubarry presentaba una serie de urgencias que nosotros, en la medida de nuestras posibilidades, fuimos tratando de resolver, de cubrir\u201d.<\/em><\/p>\n<p><em>\u201cEl trabajo de nuestros diputados da frutos evidentes. En todos los sentidos y tambi\u00e9n en el hospital: llegaron recursos econ\u00f3micos, nuevos insumos y aparatolog\u00eda, las dos ambulancias, salieron cargos para cubrir con profesionales\u2026 Y hay tambi\u00e9n un esfuerzo digno de elogio tanto de la conducci\u00f3n del hospital como de la gente de la cooperadora. Nos pone orgullosos que nos hayan abierto las puertas para trabajar todos juntos, unidos, mirando al futuro y sin quedarnos estancados en diferencias que no conducen a nada. Ya lo dijimos y lo repetimos: siempre vamos a apoyar lo que se hace bien y vamos a tratar de corregir lo que creemos se hace mal, o donde advertimos alguna deficiencia\u201d<\/em>, agreg\u00f3 Ustarroz<\/p>\n<p>Por su parte, \u2018Fito\u2019 Pr\u00edncipi volvi\u00f3 a agradecer el apoyo de Ustarroz, De Pedro y Espa\u00f1a: <em>\u201cNo quiero ser egoc\u00e9ntrico, pero cada d\u00eda me felicito por haberle abierto la puerta del hospital a la gente del Frente Mercedino. Es un placer trabajar con ellos, porque ponen el bien com\u00fan por delante de cualquier inquietud individual, y esa es la \u00fanica forma de hacer pol\u00edtica. Entendi\u00e9ndola con vocaci\u00f3n de servicio, m\u00e1s all\u00e1 de divergencias\u201d.<\/em><\/p>\n<p><em>\u201cYa todos saben el costo que tuve que pagar por aceptar este aporte, pero no me importa. Porque lo que llega al hospital no es m\u00edo, ni de \u2018Wado\u2019, ni del diputado Espa\u00f1a, ni de \u2018Juani\u2019, ni del intendente. Es de todos los mercedinos, as\u00ed de sencillo\u201d<\/em>, consider\u00f3.<\/p>\n<p>Durante la jornada, adem\u00e1s, se hizo una recorrida por el sector de pediatr\u00eda y maternidad, que se est\u00e1\u00a0poniendo a nuevo a trav\u00e9s de distintas gestiones del Frente Mercedino para la Victoria y con el dinero recaudado en las cenas solidarias.<\/p>\n<p><em>\u201cPediatr\u00eda y maternidad estar\u00e1n a la altura de las necesidades de la ciudad. Para este objetivo fue fundamental la presencia de \u2018Juani\u2019, de los diputados, de toda su gente, porque cada uno trabaja desde el lugar que tiene para articular y conseguir lo que se necesita. Llegaron aparatos, subsidios y cargos para cubrir el \u00e1rea con profesionales de primer nivel\u201d, explic\u00f3, a su turno<\/em>, el doctor Higinio Garc\u00eda Aloisio.<\/p>\n<p>Finalizando el acto, el presidente de la cooperadora del hospital, Rosendo Rubiero, reiter\u00f3 su \u201cinfinito agradecimiento\u201d hacia el Frente Mercedino para la Victoria. <em>\u201cComo dijimos en ocasi\u00f3n de las cenas, hay cosas que est\u00e1n fuera de nuestro alcance, de la estructura que tenemos, y no ser\u00edan posibles si no fuera por ellos. Esta ambulancia, sin ir m\u00e1s lejos. Tanto yo como mis compa\u00f1eros de la cooperadora no tenemos otra palabra que \u2018gracias\u2019\u201d.<\/em><\/p>\n","protected":false},"excerpt":{"rendered":"<p>El Hospital Blas L. Dubarry sum\u00f3 un nuevo instrumento para el cuidado de los mercedinos. En este caso una flamante &#8230; <a title=\"Nueva ambulancia para el Hospital Dubarry otorgada por Naci\u00f3n\" class=\"read-more\" href=\"https:\/\/www.hoymercedes.com.ar\/principal\/2013\/09\/19\/nueva-ambulancia-para-el-hospital-dubarry-otorgada-por-nacion\/\" aria-label=\"Leer m\u00e1s sobre Nueva ambulancia para el Hospital Dubarry otorgada por Naci\u00f3n\">Leer m\u00e1s<\/a><\/p>\n","protected":false},"author":1,"featured_media":0,"comment_status":"open","ping_status":"open","sticky":false,"template":"","format":"standard","meta":{"_monsterinsights_skip_tracking":false,"_monsterinsights_sitenote_active":false,"_monsterinsights_sitenote_note":"","_monsterinsights_sitenote_category":0,"jetpack_post_was_ever_published":false,"_jetpack_newsletter_access":"","_jetpack_dont_email_post_to_subs":false,"_jetpack_newsletter_tier_id":0,"_jetpack_memberships_contains_paywalled_content":false,"_jetpack_memberships_contains_paid_content":false,"footnotes":"","jetpack_publicize_message":"","jetpack_publicize_feature_enabled":true,"jetpack_social_post_already_shared":true,"jetpack_social_options":{"image_generator_settings":{"template":"highway","default_image_id":0,"font":"","enabled":false},"version":2},"_wpas_customize_per_network":false},"categories":[5],"tags":[3420,532,3807,585,281],"class_list":["post-25857","post","type-post","status-publish","format-standard","hentry","category-politica","tag-alberto-cucho-espana","tag-fito-principi","tag-juan-ustarro","tag-juan-ustarroz","tag-wado-de-pedro","generate-columns","tablet-grid-50","mobile-grid-100","grid-parent","grid-50"],"jetpack_publicize_connections":[],"jetpack_featured_media_url":"","wps_subtitle":"","jetpack_sharing_enabled":true,"_links":{"self":[{"href":"https:\/\/www.hoymercedes.com.ar\/principal\/wp-json\/wp\/v2\/posts\/25857","targetHints":{"allow":["GET"]}}],"collection":[{"href":"https:\/\/www.hoymercedes.com.ar\/principal\/wp-json\/wp\/v2\/posts"}],"about":[{"href":"https:\/\/www.hoymercedes.com.ar\/principal\/wp-json\/wp\/v2\/types\/post"}],"author":[{"embeddable":true,"href":"https:\/\/www.hoymercedes.com.ar\/principal\/wp-json\/wp\/v2\/users\/1"}],"replies":[{"embeddable":true,"href":"https:\/\/www.hoymercedes.com.ar\/principal\/wp-json\/wp\/v2\/comments?post=25857"}],"version-history":[{"count":0,"href":"https:\/\/www.hoymercedes.com.ar\/principal\/wp-json\/wp\/v2\/posts\/25857\/revisions"}],"wp:attachment":[{"href":"https:\/\/www.hoymercedes.com.ar\/principal\/wp-json\/wp\/v2\/media?parent=25857"}],"wp:term":[{"taxonomy":"category","embeddable":true,"href":"https:\/\/www.hoymercedes.com.ar\/principal\/wp-json\/wp\/v2\/categories?post=25857"},{"taxonomy":"post_tag","embeddable":true,"href":"https:\/\/www.hoymercedes.com.ar\/principal\/wp-json\/wp\/v2\/tags?post=25857"}],"curies":[{"name":"wp","href":"https:\/\/api.w.org\/{rel}","templated":true}]}}