{"id":25863,"date":"2013-09-19T12:47:48","date_gmt":"2013-09-19T12:47:48","guid":{"rendered":"http:\/\/www.hoymercedes.com.ar\/principal\/?p=25863"},"modified":"2013-09-19T12:47:48","modified_gmt":"2013-09-19T12:47:48","slug":"detienen-jovenes-mientras-atentaban-contra-escuelas","status":"publish","type":"post","link":"https:\/\/www.hoymercedes.com.ar\/principal\/2013\/09\/19\/detienen-jovenes-mientras-atentaban-contra-escuelas\/","title":{"rendered":"Detienen j\u00f3venes mientras atentaban contra escuelas"},"content":{"rendered":"<p><em><strong>Durante la madrugada de \u00e9ste jueves se vivieron acciones extra\u00f1as a partir de la detecci\u00f3n del intento de incendiar la puerta del colegio San Antonio. Los mismos fueron perseguidos y atrapados. Se sospecha ser\u00edan quienes en el pasado han participado de actos similares<\/strong><\/em>.<\/p>\n<p>Seg\u00fan se mencionaba, extra oficialmente, se movilizaron en dos veh\u00edculos. Uno era un Renault 18 Break mientras que el oteo un VW Gol rojo.<\/p>\n<p>Los j\u00f3venes tras agredir el Colegio San Antonio partieron a la Escuela Normal buscando realizar un accionar vandalico similar, pero, para esa altura las fuerzas de seguridad ya hab\u00edan emprendido un operativo que permiti\u00f3 detener a un involucrado a la altura del registro civil mientras buscaba escapar. Al resto los interceptaron en 17 y 26 quedando detenidos. Son siete.<\/p>\n<p>La justicia intervendr\u00e1 de ahora en adelante.<\/p>\n","protected":false},"excerpt":{"rendered":"<p>Durante la madrugada de \u00e9ste jueves se vivieron acciones extra\u00f1as a partir de la detecci\u00f3n del intento de incendiar la &#8230; <a title=\"Detienen j\u00f3venes mientras atentaban contra escuelas\" class=\"read-more\" href=\"https:\/\/www.hoymercedes.com.ar\/principal\/2013\/09\/19\/detienen-jovenes-mientras-atentaban-contra-escuelas\/\" aria-label=\"Leer m\u00e1s sobre Detienen j\u00f3venes mientras atentaban contra escuelas\">Leer m\u00e1s<\/a><\/p>\n","protected":false},"author":1,"featured_media":0,"comment_status":"open","ping_status":"open","sticky":false,"template":"","format":"standard","meta":{"_monsterinsights_skip_tracking":false,"_monsterinsights_sitenote_active":false,"_monsterinsights_sitenote_note":"","_monsterinsights_sitenote_category":0,"jetpack_post_was_ever_published":false,"_jetpack_newsletter_access":"","_jetpack_dont_email_post_to_subs":false,"_jetpack_newsletter_tier_id":0,"_jetpack_memberships_contains_paywalled_content":false,"_jetpack_memberships_contains_paid_content":false,"footnotes":"","jetpack_publicize_message":"","jetpack_publicize_feature_enabled":true,"jetpack_social_post_already_shared":true,"jetpack_social_options":{"image_generator_settings":{"template":"highway","default_image_id":0,"font":"","enabled":false},"version":2},"_wpas_customize_per_network":false},"categories":[85],"tags":[3907,3906],"class_list":["post-25863","post","type-post","status-publish","format-standard","hentry","category-policial","tag-colegio-san-antonio","tag-vandalismo-colegios-mercedes","generate-columns","tablet-grid-50","mobile-grid-100","grid-parent","grid-50"],"jetpack_publicize_connections":[],"jetpack_featured_media_url":"","wps_subtitle":"","jetpack_sharing_enabled":true,"_links":{"self":[{"href":"https:\/\/www.hoymercedes.com.ar\/principal\/wp-json\/wp\/v2\/posts\/25863","targetHints":{"allow":["GET"]}}],"collection":[{"href":"https:\/\/www.hoymercedes.com.ar\/principal\/wp-json\/wp\/v2\/posts"}],"about":[{"href":"https:\/\/www.hoymercedes.com.ar\/principal\/wp-json\/wp\/v2\/types\/post"}],"author":[{"embeddable":true,"href":"https:\/\/www.hoymercedes.com.ar\/principal\/wp-json\/wp\/v2\/users\/1"}],"replies":[{"embeddable":true,"href":"https:\/\/www.hoymercedes.com.ar\/principal\/wp-json\/wp\/v2\/comments?post=25863"}],"version-history":[{"count":0,"href":"https:\/\/www.hoymercedes.com.ar\/principal\/wp-json\/wp\/v2\/posts\/25863\/revisions"}],"wp:attachment":[{"href":"https:\/\/www.hoymercedes.com.ar\/principal\/wp-json\/wp\/v2\/media?parent=25863"}],"wp:term":[{"taxonomy":"category","embeddable":true,"href":"https:\/\/www.hoymercedes.com.ar\/principal\/wp-json\/wp\/v2\/categories?post=25863"},{"taxonomy":"post_tag","embeddable":true,"href":"https:\/\/www.hoymercedes.com.ar\/principal\/wp-json\/wp\/v2\/tags?post=25863"}],"curies":[{"name":"wp","href":"https:\/\/api.w.org\/{rel}","templated":true}]}}