{"id":25869,"date":"2013-09-19T18:44:58","date_gmt":"2013-09-19T18:44:58","guid":{"rendered":"http:\/\/www.hoymercedes.com.ar\/principal\/?p=25869"},"modified":"2013-09-19T18:46:36","modified_gmt":"2013-09-19T18:46:36","slug":"sin-detenidos-por-las-ataques-a-colegios-mercedinos","status":"publish","type":"post","link":"https:\/\/www.hoymercedes.com.ar\/principal\/2013\/09\/19\/sin-detenidos-por-las-ataques-a-colegios-mercedinos\/","title":{"rendered":"Sin detenidos por los ataques a colegios mercedinos"},"content":{"rendered":"<p><em><strong>Tras los acontecimientos vand\u00e1licos vividos en las fachadas de los colegios mercedinos en la madrugada del jueves donde diversas versiones circularon por la ma\u00f1ana se conocen m\u00e1s certezas donde efectivamente hubo demoras, pero, no se lograron comprobar participaciones efectivas.<\/strong><\/em><\/p>\n<p>La Polic\u00eda Comunal logr\u00f3 detener a una serie de j\u00f3venes durante la madrugada por los ataques al Colegio San Antonio y la Escuela Normal, similares a los que en el pasado vivieron por ejemplo San Patricio.<\/p>\n<p>Las detenciones se realizaron tras sospechas de que algunos j\u00f3venes pod\u00edan estar implicados, se detuvieron veh\u00edculos y un joven que gener\u00f3 sospechas a la altura del registro civil, sin embargo, no se logr\u00f3 comprobar nada quedando primero demorados hasta dilucidar el asunto y luego puestos en libertad.<\/p>\n<p>Pasado el mediod\u00eda del jueves la preocupaci\u00f3n exist\u00eda, pero, no hab\u00eda detenidos y todo el accionar de la fuerza de seguridad qued\u00f3 enmarcado en tareas investigativas.<\/p>\n","protected":false},"excerpt":{"rendered":"<p>Tras los acontecimientos vand\u00e1licos vividos en las fachadas de los colegios mercedinos en la madrugada del jueves donde diversas versiones &#8230; <a title=\"Sin detenidos por los ataques a colegios mercedinos\" class=\"read-more\" href=\"https:\/\/www.hoymercedes.com.ar\/principal\/2013\/09\/19\/sin-detenidos-por-las-ataques-a-colegios-mercedinos\/\" aria-label=\"Leer m\u00e1s sobre Sin detenidos por los ataques a colegios mercedinos\">Leer m\u00e1s<\/a><\/p>\n","protected":false},"author":1,"featured_media":0,"comment_status":"open","ping_status":"open","sticky":false,"template":"","format":"standard","meta":{"_monsterinsights_skip_tracking":false,"_monsterinsights_sitenote_active":false,"_monsterinsights_sitenote_note":"","_monsterinsights_sitenote_category":0,"jetpack_post_was_ever_published":false,"_jetpack_newsletter_access":"","_jetpack_dont_email_post_to_subs":false,"_jetpack_newsletter_tier_id":0,"_jetpack_memberships_contains_paywalled_content":false,"_jetpack_memberships_contains_paid_content":false,"footnotes":"","jetpack_publicize_message":"","jetpack_publicize_feature_enabled":true,"jetpack_social_post_already_shared":true,"jetpack_social_options":{"image_generator_settings":{"template":"highway","default_image_id":0,"font":"","enabled":false},"version":2},"_wpas_customize_per_network":false},"categories":[85],"tags":[3907],"class_list":["post-25869","post","type-post","status-publish","format-standard","hentry","category-policial","tag-colegio-san-antonio","generate-columns","tablet-grid-50","mobile-grid-100","grid-parent","grid-50"],"jetpack_publicize_connections":[],"jetpack_featured_media_url":"","wps_subtitle":"","jetpack_sharing_enabled":true,"_links":{"self":[{"href":"https:\/\/www.hoymercedes.com.ar\/principal\/wp-json\/wp\/v2\/posts\/25869","targetHints":{"allow":["GET"]}}],"collection":[{"href":"https:\/\/www.hoymercedes.com.ar\/principal\/wp-json\/wp\/v2\/posts"}],"about":[{"href":"https:\/\/www.hoymercedes.com.ar\/principal\/wp-json\/wp\/v2\/types\/post"}],"author":[{"embeddable":true,"href":"https:\/\/www.hoymercedes.com.ar\/principal\/wp-json\/wp\/v2\/users\/1"}],"replies":[{"embeddable":true,"href":"https:\/\/www.hoymercedes.com.ar\/principal\/wp-json\/wp\/v2\/comments?post=25869"}],"version-history":[{"count":0,"href":"https:\/\/www.hoymercedes.com.ar\/principal\/wp-json\/wp\/v2\/posts\/25869\/revisions"}],"wp:attachment":[{"href":"https:\/\/www.hoymercedes.com.ar\/principal\/wp-json\/wp\/v2\/media?parent=25869"}],"wp:term":[{"taxonomy":"category","embeddable":true,"href":"https:\/\/www.hoymercedes.com.ar\/principal\/wp-json\/wp\/v2\/categories?post=25869"},{"taxonomy":"post_tag","embeddable":true,"href":"https:\/\/www.hoymercedes.com.ar\/principal\/wp-json\/wp\/v2\/tags?post=25869"}],"curies":[{"name":"wp","href":"https:\/\/api.w.org\/{rel}","templated":true}]}}