{"id":2590,"date":"2011-03-04T15:22:58","date_gmt":"2011-03-04T15:22:58","guid":{"rendered":"http:\/\/www.hoymercedes.com.ar\/principal\/?p=2590"},"modified":"2011-03-04T15:22:58","modified_gmt":"2011-03-04T15:22:58","slug":"mujer-bonita-es-la-que-lucha","status":"publish","type":"post","link":"https:\/\/www.hoymercedes.com.ar\/principal\/2011\/03\/04\/mujer-bonita-es-la-que-lucha\/","title":{"rendered":"Mujer bonita es la que lucha"},"content":{"rendered":"<figure id=\"attachment_1893\" aria-describedby=\"caption-attachment-1893\" style=\"width: 160px\" class=\"wp-caption alignleft\"><a href=\"https:\/\/www.hoymercedes.com.ar\/principal\/wp-content\/uploads\/2011\/01\/logoproyectosur.gif\"><img loading=\"lazy\" decoding=\"async\" data-attachment-id=\"1893\" data-permalink=\"https:\/\/www.hoymercedes.com.ar\/principal\/2011\/01\/30\/proyecto-sur-mercedes-dice-no-a-la-baja-de-la-imputabilidad-a-menores\/logoproyectosur\/#main\" data-orig-file=\"https:\/\/www.hoymercedes.com.ar\/principal\/wp-content\/uploads\/2011\/01\/logoproyectosur.gif\" data-orig-size=\"283,283\" data-comments-opened=\"1\" data-image-meta=\"{&quot;aperture&quot;:&quot;0&quot;,&quot;credit&quot;:&quot;&quot;,&quot;camera&quot;:&quot;&quot;,&quot;caption&quot;:&quot;&quot;,&quot;created_timestamp&quot;:&quot;0&quot;,&quot;copyright&quot;:&quot;&quot;,&quot;focal_length&quot;:&quot;0&quot;,&quot;iso&quot;:&quot;0&quot;,&quot;shutter_speed&quot;:&quot;0&quot;,&quot;title&quot;:&quot;&quot;}\" data-image-title=\"logoproyectosur\" data-image-description=\"&lt;p&gt;Proyecto Sur&lt;\/p&gt;\n\" data-image-caption=\"&lt;p&gt;Proyecto Sur&lt;\/p&gt;\n\" data-large-file=\"https:\/\/www.hoymercedes.com.ar\/principal\/wp-content\/uploads\/2011\/01\/logoproyectosur.gif\" class=\"size-full wp-image-1893\" title=\"logoproyectosur\" src=\"https:\/\/www.hoymercedes.com.ar\/principal\/wp-content\/uploads\/2011\/01\/logoproyectosur.gif\" alt=\"\" width=\"170\" height=\"170\" \/><\/a><figcaption id=\"caption-attachment-1893\" class=\"wp-caption-text\">Proyecto Sur Mercedes<\/figcaption><\/figure>\n<p>Desde el Movimiento Proyecto Sur Mercedes (P.P.Sur-PS-PSA) queremos invitar a todos los vecinos de nuestra ciudad a participar de las actividades organizadas en el marco del d\u00eda internacional de la Mujer a las jornadas de debate que hemos denominado \u201cMUJER BONITA ES LA QUE LUCHA\u201d a desarrollarse el d\u00eda martes 8 de marzo a partir de las 18 hs en la plaza San Mart\u00edn (en caso de lluvia y\/o corso se realizar\u00e1 en la Casa del Pueblo, 35 e\/ 22 y 24), donde realizaremos entre otras cosas una Radio Abierta donde debatiremos sobre:<\/p>\n<p>*las distintas formas de violencia contra la mujer.-<\/p>\n<p>*Femisiodios<\/p>\n<p>*Redes de trata<\/p>\n<p>*Educaci\u00f3n sexual, para decidir, anticonceptivos para no abortar y aborto legal para no morir.<\/p>\n<p>Tambi\u00e9n habr\u00e1  exposiciones art\u00edsticas, trabajos informativos y de concientizaci\u00f3n.<\/p>\n<p>Para nosotros el 8 de marzo no es un d\u00eda para festejar. Ni flores, ni bombones. Es un d\u00eda para que nuestras luchas por la igualdad y la emancipaci\u00f3n se a\u00fanen y sean escuchadas.<\/p>\n<p>Fueron las mujeres trabajadoras las que se rebelaron e iniciaron \u00e9ste camino de emancipaci\u00f3n y descolonizaci\u00f3n de las conciencias. Las mujeres obreras textiles de Nueva York, fueron las protagonistas contra las jornadas laborales de 12 horas, la insalubridad, los bajos salarios y el reclamo por el derecho al descanso dominical. Estas mujeres, que el 8 de marzo de 1857 reclamaron mejores condiciones laborales a un sistema injusto y opresor, fueron reprimidas brutalmente. Sin embargo, la lucha contin\u00faa.<\/p>\n<p>Es un d\u00eda para afianzar nuestros lazos y recordar nuestros reclamos, por la liberaci\u00f3n de los modelos impuestos por la cultura capitalista, patriarcal y clerical, que pretende instalarnos c\u00f3mo debe ser nuestra vida, nuestra sexualidad, nuestra maternidad, nuestra familia.<\/p>\n<p>Este 8 de marzo, haremos o\u00edr nuestras voces. Las voces y deseos de luchadoras, so\u00f1adoras, trabajadoras, artistas, estudiantes, docentes, amigas, compa\u00f1eras y compa\u00f1eros, que nos encontraremos en una jornada de lucha por nuestros derechos y contra la violencia que sufrimos cotidianamente.<\/p>\n<p>Ser\u00e1 una jornada en la que expresaremos nuestros deseos y pensamientos. Debatiremos sobre la violencia de g\u00e9nero, femicidio, trata de personas, violencia laboral, imposici\u00f3n de modelos de belleza, impedimento para decidir sobre nuestro propio cuerpo.<\/p>\n<p>Este 8 de marzo recordaremos que:<\/p>\n<p>*m\u00e1s de 4.500.000 mujeres son v\u00edctimas de alg\u00fan tipo de violencia,<\/p>\n<p>260 mujeres fueron asesinadas en el 2010,<\/p>\n<p>* mujeres y ni\u00f1as est\u00e1n desaparecidas por las redes de trata con fines de prostituci\u00f3n,<\/p>\n<p>*muere una mujer por d\u00eda por abortos clandestinos,<\/p>\n<p>*todav\u00eda hoy se habla de \u201ccr\u00edmenes pasionales\u201d cuando es asesinada una mujer, cuando en\u00a0realidad se trata de \u201cfemicidio\u201d,<\/p>\n<p>*a\u00fan no hemos conseguido que se cumpla en la pr\u00e1ctica un derecho b\u00e1sico como el de igual\u00a0remuneraci\u00f3n por igual trabajo,<\/p>\n<p>*miles de mujeres no tienen acceso a la informaci\u00f3n y a la atenci\u00f3n para prevenir enfermedades\u00a0como c\u00e1ncer de mamas, \u00fatero y de transmisi\u00f3n sexual.<\/p>\n<p>Por eso, decimos:<\/p>\n<p>BASTA DE VIOLENCIA CONTRA LAS MUJERES<\/p>\n<p>Aplicaci\u00f3n urgente de la Ley 26.485 de \u201cProtecci\u00f3n Integral para Prevenir, Sancionar y Erradicar la Violencia contra las Mujeres en los \u00e1mbitos en que desarrollen sus relaciones interpersonales\u201d, con las correspondientes partidas en los presupuestos nacionales, provinciales y municipales para su efectiva implementaci\u00f3n.<\/p>\n<p>BASTA DE FEMICIDIOS<\/p>\n<p>Las cosas por su nombre: \u00abel asesinato cometido por un hombre hacia una mujer a quien considera de su propiedad\u00bb NO es un crimen pasional, es un FEMICIDIO.<\/p>\n<p>TERMINEMOS CON LAS REDES DE TRATA. EDUCACI\u00d3N SEXUAL PARA DECIDIR, ANTICONCEPTIVOS PARA NO ABORTAR Y ABORTO LEGAL PARA NO MORIR. \u00a1ESTE CUERPO ES M\u00cdO, YO DECIDO!<\/p>\n<p>&nbsp;<\/p>\n","protected":false},"excerpt":{"rendered":"<p>Desde el Movimiento Proyecto Sur Mercedes (P.P.Sur-PS-PSA) queremos invitar a todos los vecinos de nuestra ciudad a participar de las &#8230; <a title=\"Mujer bonita es la que lucha\" class=\"read-more\" href=\"https:\/\/www.hoymercedes.com.ar\/principal\/2011\/03\/04\/mujer-bonita-es-la-que-lucha\/\" aria-label=\"Leer m\u00e1s sobre Mujer bonita es la que lucha\">Leer m\u00e1s<\/a><\/p>\n","protected":false},"author":1,"featured_media":0,"comment_status":"open","ping_status":"open","sticky":false,"template":"","format":"standard","meta":{"_monsterinsights_skip_tracking":false,"_monsterinsights_sitenote_active":false,"_monsterinsights_sitenote_note":"","_monsterinsights_sitenote_category":0,"jetpack_post_was_ever_published":false,"_jetpack_newsletter_access":"","_jetpack_dont_email_post_to_subs":false,"_jetpack_newsletter_tier_id":0,"_jetpack_memberships_contains_paywalled_content":false,"_jetpack_memberships_contains_paid_content":false,"footnotes":"","jetpack_publicize_message":"","jetpack_publicize_feature_enabled":true,"jetpack_social_post_already_shared":false,"jetpack_social_options":{"image_generator_settings":{"template":"highway","default_image_id":0,"font":"","enabled":false},"version":2},"_wpas_customize_per_network":false},"categories":[1],"tags":[],"class_list":["post-2590","post","type-post","status-publish","format-standard","hentry","category-opinion","generate-columns","tablet-grid-50","mobile-grid-100","grid-parent","grid-50"],"jetpack_publicize_connections":[],"jetpack_featured_media_url":"","wps_subtitle":"","jetpack_sharing_enabled":true,"_links":{"self":[{"href":"https:\/\/www.hoymercedes.com.ar\/principal\/wp-json\/wp\/v2\/posts\/2590","targetHints":{"allow":["GET"]}}],"collection":[{"href":"https:\/\/www.hoymercedes.com.ar\/principal\/wp-json\/wp\/v2\/posts"}],"about":[{"href":"https:\/\/www.hoymercedes.com.ar\/principal\/wp-json\/wp\/v2\/types\/post"}],"author":[{"embeddable":true,"href":"https:\/\/www.hoymercedes.com.ar\/principal\/wp-json\/wp\/v2\/users\/1"}],"replies":[{"embeddable":true,"href":"https:\/\/www.hoymercedes.com.ar\/principal\/wp-json\/wp\/v2\/comments?post=2590"}],"version-history":[{"count":0,"href":"https:\/\/www.hoymercedes.com.ar\/principal\/wp-json\/wp\/v2\/posts\/2590\/revisions"}],"wp:attachment":[{"href":"https:\/\/www.hoymercedes.com.ar\/principal\/wp-json\/wp\/v2\/media?parent=2590"}],"wp:term":[{"taxonomy":"category","embeddable":true,"href":"https:\/\/www.hoymercedes.com.ar\/principal\/wp-json\/wp\/v2\/categories?post=2590"},{"taxonomy":"post_tag","embeddable":true,"href":"https:\/\/www.hoymercedes.com.ar\/principal\/wp-json\/wp\/v2\/tags?post=2590"}],"curies":[{"name":"wp","href":"https:\/\/api.w.org\/{rel}","templated":true}]}}