{"id":25925,"date":"2013-09-22T21:35:04","date_gmt":"2013-09-22T21:35:04","guid":{"rendered":"http:\/\/www.hoymercedes.com.ar\/principal\/?p=25925"},"modified":"2013-09-22T21:46:57","modified_gmt":"2013-09-22T21:46:57","slug":"david-amaya-en-dos-anos-no-hizo-nada-por-mercedes","status":"publish","type":"post","link":"https:\/\/www.hoymercedes.com.ar\/principal\/2013\/09\/22\/david-amaya-en-dos-anos-no-hizo-nada-por-mercedes\/","title":{"rendered":"David Amaya: \u201cEspa\u00f1a en dos a\u00f1os no hizo nada por Mercedes\u201d"},"content":{"rendered":"<p><strong><em>El concejal del Frente Renovador David Amaya efectu\u00f3 fuertes declaraciones en las que tiene como principal objetivo debatir con el Diputado Provincial \u00a0Alberto Espa\u00f1a sosteniendo que: \u201cEn dos a\u00f1os no hizo nada por Mercedes\u201d.<\/em><\/strong><\/p>\n<p>El edil del oficialismo David Amaya tom\u00f3 la palabra en las \u00faltimas horas para contestarle al diputado provincial Alberto Espa\u00f1a, quien hab\u00eda asegurado en un medio local que <em>\u201cel intendente no quiere que trabajemos por Mercedes\u201d<\/em>. El concejal \u00a0al hacer referencia al diputado afirm\u00f3:<em> \u201cSi preguntan a la gente de la ciudad qui\u00e9n es Cucho Espa\u00f1a nadie sabe. No lo conocen porque ni siquiera est\u00e1 en la ciudad y s\u00f3lo viene para sacarse fotos\u201d.<\/em><\/p>\n<p>Sobre el accionar de Espa\u00f1a en la legislatura bonaerense, Amaya fue por dem\u00e1s de claro al decir que<em> \u201cen dos a\u00f1os que lleva como diputado representando a Mercedes no hizo nada por la ciudad\u201d. \u201cEs m\u00e1s, todo lo que ha hecho fue generar, junto a Ustarroz, golpes institucionales contra el gobierno municipal, pasando por encima de la leg\u00edtima representaci\u00f3n que nos dieron las urnas en 2011\u201d.<\/em><\/p>\n<p>El edil que representa al oficialismo adem\u00e1s record\u00f3 la funci\u00f3n de Espa\u00f1a como referente molinero<em>. \u201cLa gran gesti\u00f3n de Espa\u00f1a, que puede recordar la clase trabajadora por un largo tiempo es la de haber llevado con su gesti\u00f3n ante los molineros el pan a 20 pesos. Ese es el gran aporte que hizo este diputado en Mercedes<\/em>\u201d, sostuvo Amaya.<\/p>\n<p>El concejal del oficialismo tambi\u00e9n agreg\u00f3 que lo que se vive en Mercedes con la relaci\u00f3n existente entre un diputado y el gobierno local no es un \u00fanico caso. \u201c<em>En Giles tienen una senadora que hace lo mismo que Espa\u00f1a: no se habla con el intendente. As\u00ed es como trabajan desde La C\u00e1mpora, pero la gente le va a decir basta a este atropello\u201d<\/em>, sostuvo sobre el final el concejal del Frente Renovador David Amaya.<\/p>\n","protected":false},"excerpt":{"rendered":"<p>El concejal del Frente Renovador David Amaya efectu\u00f3 fuertes declaraciones en las que tiene como principal objetivo debatir con el &#8230; <a title=\"David Amaya: \u201cEspa\u00f1a en dos a\u00f1os no hizo nada por Mercedes\u201d\" class=\"read-more\" href=\"https:\/\/www.hoymercedes.com.ar\/principal\/2013\/09\/22\/david-amaya-en-dos-anos-no-hizo-nada-por-mercedes\/\" aria-label=\"Leer m\u00e1s sobre David Amaya: \u201cEspa\u00f1a en dos a\u00f1os no hizo nada por Mercedes\u201d\">Leer m\u00e1s<\/a><\/p>\n","protected":false},"author":1,"featured_media":0,"comment_status":"open","ping_status":"open","sticky":false,"template":"","format":"standard","meta":{"_monsterinsights_skip_tracking":false,"_monsterinsights_sitenote_active":false,"_monsterinsights_sitenote_note":"","_monsterinsights_sitenote_category":0,"jetpack_post_was_ever_published":false,"_jetpack_newsletter_access":"","_jetpack_dont_email_post_to_subs":false,"_jetpack_newsletter_tier_id":0,"_jetpack_memberships_contains_paywalled_content":false,"_jetpack_memberships_contains_paid_content":false,"footnotes":"","jetpack_publicize_message":"","jetpack_publicize_feature_enabled":true,"jetpack_social_post_already_shared":true,"jetpack_social_options":{"image_generator_settings":{"template":"highway","default_image_id":0,"font":"","enabled":false},"version":2},"_wpas_customize_per_network":false},"categories":[5],"tags":[3917],"class_list":["post-25925","post","type-post","status-publish","format-standard","hentry","category-politica","tag-amaya-concejal","generate-columns","tablet-grid-50","mobile-grid-100","grid-parent","grid-50"],"jetpack_publicize_connections":[],"jetpack_featured_media_url":"","wps_subtitle":"","jetpack_sharing_enabled":true,"_links":{"self":[{"href":"https:\/\/www.hoymercedes.com.ar\/principal\/wp-json\/wp\/v2\/posts\/25925","targetHints":{"allow":["GET"]}}],"collection":[{"href":"https:\/\/www.hoymercedes.com.ar\/principal\/wp-json\/wp\/v2\/posts"}],"about":[{"href":"https:\/\/www.hoymercedes.com.ar\/principal\/wp-json\/wp\/v2\/types\/post"}],"author":[{"embeddable":true,"href":"https:\/\/www.hoymercedes.com.ar\/principal\/wp-json\/wp\/v2\/users\/1"}],"replies":[{"embeddable":true,"href":"https:\/\/www.hoymercedes.com.ar\/principal\/wp-json\/wp\/v2\/comments?post=25925"}],"version-history":[{"count":0,"href":"https:\/\/www.hoymercedes.com.ar\/principal\/wp-json\/wp\/v2\/posts\/25925\/revisions"}],"wp:attachment":[{"href":"https:\/\/www.hoymercedes.com.ar\/principal\/wp-json\/wp\/v2\/media?parent=25925"}],"wp:term":[{"taxonomy":"category","embeddable":true,"href":"https:\/\/www.hoymercedes.com.ar\/principal\/wp-json\/wp\/v2\/categories?post=25925"},{"taxonomy":"post_tag","embeddable":true,"href":"https:\/\/www.hoymercedes.com.ar\/principal\/wp-json\/wp\/v2\/tags?post=25925"}],"curies":[{"name":"wp","href":"https:\/\/api.w.org\/{rel}","templated":true}]}}