{"id":25933,"date":"2013-09-22T21:43:41","date_gmt":"2013-09-22T21:43:41","guid":{"rendered":"http:\/\/www.hoymercedes.com.ar\/principal\/?p=25933"},"modified":"2013-09-22T21:43:41","modified_gmt":"2013-09-22T21:43:41","slug":"selva-en-encuentro-de-lole-reuteman-y-sergio-massa","status":"publish","type":"post","link":"https:\/\/www.hoymercedes.com.ar\/principal\/2013\/09\/22\/selva-en-encuentro-de-lole-reuteman-y-sergio-massa\/","title":{"rendered":"Selva en encuentro de Lole Reuteman y Sergio Massa"},"content":{"rendered":"<figure id=\"attachment_25935\" aria-describedby=\"caption-attachment-25935\" style=\"width: 610px\" class=\"wp-caption aligncenter\"><a href=\"https:\/\/www.hoymercedes.com.ar\/principal\/wp-content\/uploads\/2013\/09\/Selva-Reuteman-Massa-Sola.jpg\"><img loading=\"lazy\" decoding=\"async\" data-attachment-id=\"25935\" data-permalink=\"https:\/\/www.hoymercedes.com.ar\/principal\/2013\/09\/22\/selva-en-encuentro-de-lole-reuteman-y-sergio-massa\/selva-reuteman-massa-sola\/#main\" data-orig-file=\"https:\/\/www.hoymercedes.com.ar\/principal\/wp-content\/uploads\/2013\/09\/Selva-Reuteman-Massa-Sola.jpg\" data-orig-size=\"620,423\" data-comments-opened=\"1\" data-image-meta=\"{&quot;aperture&quot;:&quot;3.5&quot;,&quot;credit&quot;:&quot;&quot;,&quot;camera&quot;:&quot;NIKON D3100&quot;,&quot;caption&quot;:&quot;&quot;,&quot;created_timestamp&quot;:&quot;1379453442&quot;,&quot;copyright&quot;:&quot;&quot;,&quot;focal_length&quot;:&quot;18&quot;,&quot;iso&quot;:&quot;3200&quot;,&quot;shutter_speed&quot;:&quot;0.016666666666667&quot;,&quot;title&quot;:&quot;&quot;}\" data-image-title=\"Selva-Reuteman-Massa-Sola\" data-image-description=\"\" data-image-caption=\"&lt;p&gt;Massa &amp;#8211; Selva &amp;#8211; Reuteman &amp;#8211; Sol\u00e1&lt;\/p&gt;\n\" data-large-file=\"https:\/\/www.hoymercedes.com.ar\/principal\/wp-content\/uploads\/2013\/09\/Selva-Reuteman-Massa-Sola.jpg\" class=\"size-full wp-image-25935\" alt=\"Massa - Selva - Reuteman - Sol\u00e1\" src=\"https:\/\/www.hoymercedes.com.ar\/principal\/wp-content\/uploads\/2013\/09\/Selva-Reuteman-Massa-Sola.jpg\" width=\"620\" height=\"423\" \/><\/a><figcaption id=\"caption-attachment-25935\" class=\"wp-caption-text\">Massa &#8211; Selva &#8211; Reuteman &#8211; Sol\u00e1<\/figcaption><\/figure>\n<p><em><strong>El intendente Carlos Selva estuvo presente en la cumbre entre el candidato a diputado nacional Sergio Massa y el ex gobernador de Santa Fe Carlos Reuteman.\u00a0<\/strong><\/em><\/p>\n<p>El primer mandatario local fue convocado por Sergio Massa para participar de un almuerzo pol\u00edtico en la localidad de San Nicol\u00e1s, donde el intendente de Tigre se reuni\u00f3 con \u201cLole\u201d Reuteman y tambi\u00e9n con referentes de la Mesa de Enlace. Selva fue uno de los pocos invitados a esta reuni\u00f3n.<\/p>\n<p>El encuentro fue alrededor de las 13 y se sumaron los jefes de las patronales ruralistas, con quienes Massa convers\u00f3 sus proyectos destinados al agro, los cuales present\u00f3 la semana pasada en un acto en la ciudad de C\u00f3rdoba.<\/p>\n<p>La reuni\u00f3n tuvo lugar en el campo de un amigo del candidato a diputado provincial Lisandro Bonelli, cercano a la autopista Buenos Aires-Rosario, y el almuerzo que prosigui\u00f3 fue en el quincho del mismo campo.<em> \u00abDialogaron de las necesidades del sector agropecuario, Massa los escuch\u00f3 y les coment\u00f3 sus propuestas, y hubo un clima distendido<\/em>\u00ab, relat\u00f3 uno de los participantes del encuentro.<\/p>\n<p>Estuvieron presentes adem\u00e1s los candidatos a diputados nacionales del massismo Felipe Sol\u00e1, Adri\u00e1n P\u00e9rez e Ignacio de Mendiguren, los asesores econ\u00f3micos Mart\u00edn Redrado, Ricardo Delgado y Miguel Peirano y los intendentes Jos\u00e9 Eseverri (Olavarr\u00eda) y Luis Acu\u00f1a (Hurlingham).<\/p>\n<p>De esta manera, el intendente de Tigre y candidato a diputado nacional sali\u00f3 a despegarse de algunas versiones que lo mencionaban como apoyando a otros candidatos justicialistas santafesinos para las pr\u00f3ximas elecciones de octubre.<\/p>\n","protected":false},"excerpt":{"rendered":"<p>El intendente Carlos Selva estuvo presente en la cumbre entre el candidato a diputado nacional Sergio Massa y el ex &#8230; <a title=\"Selva en encuentro de Lole Reuteman y Sergio Massa\" class=\"read-more\" href=\"https:\/\/www.hoymercedes.com.ar\/principal\/2013\/09\/22\/selva-en-encuentro-de-lole-reuteman-y-sergio-massa\/\" aria-label=\"Leer m\u00e1s sobre Selva en encuentro de Lole Reuteman y Sergio Massa\">Leer m\u00e1s<\/a><\/p>\n","protected":false},"author":1,"featured_media":0,"comment_status":"open","ping_status":"open","sticky":false,"template":"","format":"standard","meta":{"_monsterinsights_skip_tracking":false,"_monsterinsights_sitenote_active":false,"_monsterinsights_sitenote_note":"","_monsterinsights_sitenote_category":0,"jetpack_post_was_ever_published":false,"_jetpack_newsletter_access":"","_jetpack_dont_email_post_to_subs":false,"_jetpack_newsletter_tier_id":0,"_jetpack_memberships_contains_paywalled_content":false,"_jetpack_memberships_contains_paid_content":false,"footnotes":"","jetpack_publicize_message":"","jetpack_publicize_feature_enabled":true,"jetpack_social_post_already_shared":true,"jetpack_social_options":{"image_generator_settings":{"template":"highway","default_image_id":0,"font":"","enabled":false},"version":2},"_wpas_customize_per_network":false},"categories":[5],"tags":[],"class_list":["post-25933","post","type-post","status-publish","format-standard","hentry","category-politica","generate-columns","tablet-grid-50","mobile-grid-100","grid-parent","grid-50"],"jetpack_publicize_connections":[],"jetpack_featured_media_url":"","wps_subtitle":"","jetpack_sharing_enabled":true,"_links":{"self":[{"href":"https:\/\/www.hoymercedes.com.ar\/principal\/wp-json\/wp\/v2\/posts\/25933","targetHints":{"allow":["GET"]}}],"collection":[{"href":"https:\/\/www.hoymercedes.com.ar\/principal\/wp-json\/wp\/v2\/posts"}],"about":[{"href":"https:\/\/www.hoymercedes.com.ar\/principal\/wp-json\/wp\/v2\/types\/post"}],"author":[{"embeddable":true,"href":"https:\/\/www.hoymercedes.com.ar\/principal\/wp-json\/wp\/v2\/users\/1"}],"replies":[{"embeddable":true,"href":"https:\/\/www.hoymercedes.com.ar\/principal\/wp-json\/wp\/v2\/comments?post=25933"}],"version-history":[{"count":0,"href":"https:\/\/www.hoymercedes.com.ar\/principal\/wp-json\/wp\/v2\/posts\/25933\/revisions"}],"wp:attachment":[{"href":"https:\/\/www.hoymercedes.com.ar\/principal\/wp-json\/wp\/v2\/media?parent=25933"}],"wp:term":[{"taxonomy":"category","embeddable":true,"href":"https:\/\/www.hoymercedes.com.ar\/principal\/wp-json\/wp\/v2\/categories?post=25933"},{"taxonomy":"post_tag","embeddable":true,"href":"https:\/\/www.hoymercedes.com.ar\/principal\/wp-json\/wp\/v2\/tags?post=25933"}],"curies":[{"name":"wp","href":"https:\/\/api.w.org\/{rel}","templated":true}]}}