{"id":25946,"date":"2013-09-23T14:26:33","date_gmt":"2013-09-23T14:26:33","guid":{"rendered":"http:\/\/www.hoymercedes.com.ar\/principal\/?p=25946"},"modified":"2013-09-23T14:26:33","modified_gmt":"2013-09-23T14:26:33","slug":"celebracion-del-dia-de-la-primavera-y-del-estudiante-en-la-unidad-5","status":"publish","type":"post","link":"https:\/\/www.hoymercedes.com.ar\/principal\/2013\/09\/23\/celebracion-del-dia-de-la-primavera-y-del-estudiante-en-la-unidad-5\/","title":{"rendered":"Celebraci\u00f3n del d\u00eda de la primavera y del estudiante en la Unidad 5"},"content":{"rendered":"<p><a href=\"https:\/\/www.hoymercedes.com.ar\/principal\/wp-content\/uploads\/2013\/09\/teatrounidad5.jpg\"><img loading=\"lazy\" decoding=\"async\" data-attachment-id=\"25948\" data-permalink=\"https:\/\/www.hoymercedes.com.ar\/principal\/2013\/09\/23\/celebracion-del-dia-de-la-primavera-y-del-estudiante-en-la-unidad-5\/teatrounidad5\/#main\" data-orig-file=\"https:\/\/www.hoymercedes.com.ar\/principal\/wp-content\/uploads\/2013\/09\/teatrounidad5.jpg\" data-orig-size=\"620,413\" data-comments-opened=\"1\" data-image-meta=\"{&quot;aperture&quot;:&quot;2.8&quot;,&quot;credit&quot;:&quot;&quot;,&quot;camera&quot;:&quot;KODAK EASYSHARE V1003 ZOOM DIGITAL CAMERA&quot;,&quot;caption&quot;:&quot;&quot;,&quot;created_timestamp&quot;:&quot;1332838044&quot;,&quot;copyright&quot;:&quot;&quot;,&quot;focal_length&quot;:&quot;7.5&quot;,&quot;iso&quot;:&quot;80&quot;,&quot;shutter_speed&quot;:&quot;0.016666666666667&quot;,&quot;title&quot;:&quot;&quot;}\" data-image-title=\"teatrounidad5\" data-image-description=\"\" data-image-caption=\"\" data-large-file=\"https:\/\/www.hoymercedes.com.ar\/principal\/wp-content\/uploads\/2013\/09\/teatrounidad5.jpg\" class=\"aligncenter size-full wp-image-25948\" alt=\"teatrounidad5\" src=\"https:\/\/www.hoymercedes.com.ar\/principal\/wp-content\/uploads\/2013\/09\/teatrounidad5.jpg\" width=\"620\" height=\"413\" \/><\/a><\/p>\n<p><em><strong>En el marco del convenio firmado por el Ministro de Justicia de la provincia de Buenos Aires, Ricardo Casal y el Consejo Provincial de Teatro Independiente, representado por su director ejecutivo, Lito Cruz, para llevar dentro del Proyecto Cultural y Educativo, el teatro Independiente dentro de las c\u00e1rceles Bonaerenses, y con motivo de celebrar el d\u00eda de la primavera y del estudiante, y a pedido de la Unidad, el pasado viernes, a las 15 horas, en el Sal\u00f3n de Usos M\u00faltiples se presento el unipersonal \u201cSOLO\u201d, para 150 internos.<\/strong><\/em><\/p>\n<p>En esta oportunidad, el actor Leandro Pelassini, represento una fant\u00e1stica obra del autor Esteban Mellino, que transcurri\u00f3 alrededor de siete personajes, los cuales fueron recreados todos arriba del escenario, cambi\u00e1ndose de vestuario y pasando de una mujer a un viejo en solo momentos y resultando sumamente cre\u00edble cada uno de ellos.<\/p>\n<p>El tema es el de un payaso acusado de romper 490 espejos, y cada testigo cuenta su versi\u00f3n de la vida de este hombre desde la ni\u00f1ez, haciendo pasar al p\u00fablico de momentos de risa a una angustia o tristeza absoluta, cambiando el \u00e1nimo de los presentes y logrando la atenci\u00f3n y el silencio total de los internos.<\/p>\n<p>Los aplausos fueron de pie, y el grupo de teatro local \u201cRenacer\u201d, se qued\u00f3 para conversar con este actor que dejo a todos con la oportunidad de ver un espect\u00e1culo de excelencia.<\/p>\n<p>En esta misma oportunidad se inauguro el escenario construido en los talleres de la Unidad 5, para ser usado cada vez que las actividades culturales lo requieran. El Subdirector de Asistencia y Tratamiento Javier D\u00edaz, cont\u00f3 que este proyecto de realizar un escenario, es para dar un paso m\u00e1s de apoyo las expresiones culturales que existen dentro de la Unidad, con los grupos teatrales, de Coro, etc. y para todos los invitados o personas que se acercan a mostrar sus espect\u00e1culos para los internos y as\u00ed generar un aportarte m\u00e1s en el tratamiento de las personas privadas de la libertad a trav\u00e9s del arte, la m\u00fasica, el teatro, etc.<\/p>\n<p>Vino desde La Plata, la Jefa del Departamento de Cultura dependiente de la Direcci\u00f3n General de Asistencia y Tratamiento del Servicio Penitenciario Bonaerense, Gabriela R\u00edos, con personal de su oficina, colaborando en todo lo inherente a este espect\u00e1culo, y a las actividades culturales de la Unidad.<\/p>\n<p><span style=\"color: #888888;\">Fuente: Prensa Unidad N\u00b05<\/span><\/p>\n","protected":false},"excerpt":{"rendered":"<p>En el marco del convenio firmado por el Ministro de Justicia de la provincia de Buenos Aires, Ricardo Casal y &#8230; <a title=\"Celebraci\u00f3n del d\u00eda de la primavera y del estudiante en la Unidad 5\" class=\"read-more\" href=\"https:\/\/www.hoymercedes.com.ar\/principal\/2013\/09\/23\/celebracion-del-dia-de-la-primavera-y-del-estudiante-en-la-unidad-5\/\" aria-label=\"Leer m\u00e1s sobre Celebraci\u00f3n del d\u00eda de la primavera y del estudiante en la Unidad 5\">Leer m\u00e1s<\/a><\/p>\n","protected":false},"author":1,"featured_media":0,"comment_status":"open","ping_status":"open","sticky":false,"template":"","format":"standard","meta":{"_monsterinsights_skip_tracking":false,"_monsterinsights_sitenote_active":false,"_monsterinsights_sitenote_note":"","_monsterinsights_sitenote_category":0,"jetpack_post_was_ever_published":false,"_jetpack_newsletter_access":"","_jetpack_dont_email_post_to_subs":false,"_jetpack_newsletter_tier_id":0,"_jetpack_memberships_contains_paywalled_content":false,"_jetpack_memberships_contains_paid_content":false,"footnotes":"","jetpack_publicize_message":"","jetpack_publicize_feature_enabled":true,"jetpack_social_post_already_shared":true,"jetpack_social_options":{"image_generator_settings":{"template":"highway","default_image_id":0,"font":"","enabled":false},"version":2},"_wpas_customize_per_network":false},"categories":[8],"tags":[3918,113],"class_list":["post-25946","post","type-post","status-publish","format-standard","hentry","category-sociedad","tag-dia-estudiante-unidad-5","tag-unidad-5","generate-columns","tablet-grid-50","mobile-grid-100","grid-parent","grid-50"],"jetpack_publicize_connections":[],"jetpack_featured_media_url":"","wps_subtitle":"","jetpack_sharing_enabled":true,"_links":{"self":[{"href":"https:\/\/www.hoymercedes.com.ar\/principal\/wp-json\/wp\/v2\/posts\/25946","targetHints":{"allow":["GET"]}}],"collection":[{"href":"https:\/\/www.hoymercedes.com.ar\/principal\/wp-json\/wp\/v2\/posts"}],"about":[{"href":"https:\/\/www.hoymercedes.com.ar\/principal\/wp-json\/wp\/v2\/types\/post"}],"author":[{"embeddable":true,"href":"https:\/\/www.hoymercedes.com.ar\/principal\/wp-json\/wp\/v2\/users\/1"}],"replies":[{"embeddable":true,"href":"https:\/\/www.hoymercedes.com.ar\/principal\/wp-json\/wp\/v2\/comments?post=25946"}],"version-history":[{"count":0,"href":"https:\/\/www.hoymercedes.com.ar\/principal\/wp-json\/wp\/v2\/posts\/25946\/revisions"}],"wp:attachment":[{"href":"https:\/\/www.hoymercedes.com.ar\/principal\/wp-json\/wp\/v2\/media?parent=25946"}],"wp:term":[{"taxonomy":"category","embeddable":true,"href":"https:\/\/www.hoymercedes.com.ar\/principal\/wp-json\/wp\/v2\/categories?post=25946"},{"taxonomy":"post_tag","embeddable":true,"href":"https:\/\/www.hoymercedes.com.ar\/principal\/wp-json\/wp\/v2\/tags?post=25946"}],"curies":[{"name":"wp","href":"https:\/\/api.w.org\/{rel}","templated":true}]}}