{"id":25950,"date":"2013-09-23T14:31:19","date_gmt":"2013-09-23T14:31:19","guid":{"rendered":"http:\/\/www.hoymercedes.com.ar\/principal\/?p=25950"},"modified":"2013-09-23T14:31:19","modified_gmt":"2013-09-23T14:31:19","slug":"concejo-deliberante-variado-temario-para-este-lunes","status":"publish","type":"post","link":"https:\/\/www.hoymercedes.com.ar\/principal\/2013\/09\/23\/concejo-deliberante-variado-temario-para-este-lunes\/","title":{"rendered":"Concejo Deliberante: variado temario para este lunes"},"content":{"rendered":"<p><em><strong>Este lunes viviremos la segunda sesi\u00f3n del mes de septiembre de Concejo Deliberante, que se autodenomina honorable, y que desde las 19.00hs en el recinto del primer piso del palacio municipal desarrollar\u00e1 un nuevo encuentro de gesti\u00f3n legislativa.<\/strong><\/em><\/p>\n<p>Variedad de temas, de mayor o menor importancia que resultan de sumo inter\u00e9s a todos los mercedinos dado que los ediles, de \u00e9sta manera, empiezan a marcar el camino de aspectos importantes para la comunidad.<\/p>\n<p>Recordemos que la asistencia es l\u00edbre, p\u00fablica y gratuita y nadie puede disponer a priori lo contrario ante lo cual todo vecino que desee participar y ver legislar a nuestros concejales puede hacerlo.<\/p>\n<h2>\u00a0El orden del d\u00eda ser\u00e1 el siguiente:<\/h2>\n<p><strong>Peticiones Particulares giradas a Comisi\u00f3n<\/strong><\/p>\n<p>1. Exp. N\u00b0290\/13-HCD, Sr. Ver\u00f3n, reiterando solicitud de Exp. N\u00b0444\/08-HCD \u2013 l\u00ednea media tensi\u00f3n de 19 y 120, con despacho de la comisi\u00f3n de O. P\u00fablicas; 2. Exp. N\u00b0291\/13-HCD, OTR, entronizaci\u00f3n de busto del ex presidente Arturo Illia (Planeamiento, Legislaci\u00f3n y Hacienda); 3. Exp. N\u00b0294\/13-HCD, Sr. Bonafina, estacionamiento de motos en calle 35 y 15 gimnasio BAP (transito); 4. Exp. N\u00b0295\/13-HCD, Lic. Ocampo y Sra. Fiori, inter\u00e9s municipal el simposio Comunicaci\u00f3n Aumentativa y Alternativa para la Socializaci\u00f3n (Legislaci\u00f3n);5. Exp. N\u00b0297\/13-HCD, Sr. Gamareli y otros, luminarias en 7 e\/128 y 130; 7 esquina 130 (O. P\u00fablicas y Hacienda);3) Comunicaciones del Departamento Ejecutivo 1. Exp. N\u00b03463\/13-DE; sobre situaci\u00f3n dietaria de concejal.- fs.1; 4) Contestaciones del Departamento Ejecutivo 1. Exp. N\u00b0229\/13-HCD, ref. a Resoluci\u00f3n N\u00b0129\/13, informe sobre lugar destinado a dep\u00f3sito de pilas &#8211; fs.3<\/p>\n<p><strong>\u00a0Despachos por Unanimidad<\/strong><\/p>\n<p>1. Exp. N\u00b03\/13-HCD, Proy. Resoluci\u00f3n (UPRO), n\u00f3mina de empleados con 5 a\u00f1os de contratados al 2013, se aconseja aprobaci\u00f3n de Resoluci\u00f3n- fs.63; 2. Exp. N\u00b0176\/13-HCD, Sr. Ramognini (PP), sobre controles de decibeles en zona de quintas, se aconseja aprobaci\u00f3n de Resoluci\u00f3n s\/despacho; 3. Exp. N\u00b0210\/13-HCD, Sr. Pisano (PP), situaci\u00f3n vivida por el Presidente de Bolivia, se aconseja aprobaci\u00f3n de Resoluci\u00f3ns\/despacho; 4. Exp. N\u00b0236\/13-HCD, Sr. H\u00e9ctor Arzani (PP), solicitando el nombre de Emiliano Mart\u00ednez a calle 110 e\/ 19 y Acc. Manuel Sanmart\u00edn, se aconseja sanci\u00f3n de Ordenanza s\/despacho; 5. Exp. N\u00b0260\/13-HCD, Proy. Ordenanza (UPRO), adhi\u00e9rase a la Ley N\u00b012908\/40 sobre periodistas, se aconseja sanci\u00f3n de Ordenanza; 6. Exp. N\u00b0282\/13-HCD, Proy. Resoluci\u00f3n (MIC), repintado de sendas peatonales en Av. 2 y Av. 17, Av. 17 y Av. 16 y otras, se aconseja aprobaci\u00f3n de Resoluci\u00f3n s\/despacho; 7. Exp. N\u00b0290\/13-HCD, Sr. Ver\u00f3n (PP), reiterando solicitud de Exp. N\u00b0444\/08 \u2013 l\u00ednea media tensi\u00f3n de 19 y 120, se aconseja aprobaci\u00f3n de Resoluci\u00f3n s\/despacho ;8. Exp. N\u00b0295\/13-HCD, Sras. Ocampo y Fiori (PP), inter\u00e9s municipal el simposio \u201cComunicaci\u00f3n aumentativa y alternativa para la socializaci\u00f3n\u201d, se aconseja aprobaci\u00f3n de Decreto s\/despacho.<\/p>\n<p><strong>Archivo por Unanimidad<\/strong><\/p>\n<p>1. Exp. N\u00b041\/13-HCD, Proy. Ordenanza (MIC), estacionamiento para motos en 19 de Av. 2 a 114.- Seguridad y Legislaci\u00f3n aconsejan el archivo.;2. Exp. N\u00b0102\/13-HCD, Sr. Molle (PP), predio ubicado en ambas v\u00edas del ferrocarril de 35 a 31 para uso ampliaci\u00f3n Htal. Dubarry, Legislaci\u00f3n aconseja el archivo.; 3. Exp. N\u00b0106\/13-HCD, Ctro Ingenieros Mercedes (PP), ofreciendo colaboraci\u00f3n t\u00e9cnica construcci\u00f3n habitacional en terrenos del ferrocarril, Planeamiento aconseja el archivo.; 4. Exp. N\u00b0152\/13-HCD, Proy. Resoluci\u00f3n (UPRO), entrega de agroqu\u00edmicos a propietarios de fracciones o chacras, Legislaci\u00f3n aconseja el archivo.;5. Exp. N\u00b0253\/13-HCD, Sr. Marcelo Far\u00edas (PP), libre estacionamiento para periodistas, Legislaci\u00f3n aconseja el archivo.<\/p>\n<p><strong>Despachos Divididos<\/strong><\/p>\n<p>1. Exp. N\u00b0230\/13-DE, Proy. Resoluci\u00f3n (UCR), solicitando al Departamento Ejecutivo se constituya como querellante en causa de anomal\u00edas en el padr\u00f3n.<\/p>\n<p><strong>\u00a0Proyectos Presentados<\/strong><\/p>\n<p>1. Exp. N\u00b0285\/13-HCD, Proy. Ordenanza (FPCyS), permisos de circulaci\u00f3n rodados el\u00e9ctricos.- (Tr\u00e1nsito y Legislaci\u00f3n); 2. Exp. N\u00b0286\/13-HCD, Proy. Ordenanza (FPCyS), contrato de instituci\u00f3n para diagn\u00f3stico del tr\u00e1nsito \u2013 (Legislaci\u00f3n); 3. Exp. N\u00b0287\/13-HCD, Proy. Ordenanza (FPCyS), creaci\u00f3n Centro de Actividades de Transferencia y Log\u00edstica \u2013 (Planeamiento y Legislaci\u00f3n); 4. Exp. N\u00b0288\/13-HCD, Proy. Ordenanza (FPCyS), agentes de tr\u00e1nsito en 12 y 17, 12 y 29, 12 y 35, 14 y 29 en distintas fajas horarias \u2013 (Tr\u00e1nsito); 5. Exp. N\u00b0289\/13-HCD, Proy. Ordenanza (FMPV), afectar en un 30% el fondo de financiamiento educativo para integrar el fondo municipal de becas \u2013 (Legislaci\u00f3n); 6. Exp. N\u00b0292\/13-HCD, Proy. Resoluci\u00f3n (FMPV), solicitando reglamentaci\u00f3n y aplicaci\u00f3n de ordenanza 6984\/11 y 7189\/12 \u2013 Patrimonio Natural y Cultural \u2013 (Legislaci\u00f3n);7. Exp. N\u00b0293\/13-HCD, Proy. Resoluci\u00f3n (PJFR), arreglo de veredas de calle 22 y 29 sobre el Banco Franc\u00e9s \u2013 (O. P\u00fablicas); 8. Exp. N\u00b0296\/13-HCD, Proy. Resoluci\u00f3n (PJFR), dirigida al interventor de vialidad para evaluar construcci\u00f3n de rotonda o cruce en Ruta 41 altura Av. 40 \u2013 (O. P\u00fablicas);9. Exp. N\u00b0298\/13-HCD, Proy. Ordenanza (MIC), construcci\u00f3n y pintado de sendas peatonales en 114 y 15 \u2013 (O. P\u00fablicas);10. Exp. N\u00b0299\/13-HCD, Proy. Resoluci\u00f3n (MIC), informe sobre red de agua corriente en Tom\u00e1s Jofr\u00e9 (Salud); 11. Exp. N\u00b0300\/13-HCD, Proy. Resoluci\u00f3n (MIC), solicita c\u00e1maras de seguridad en Soc. de Fomento y CAPS barrio San Antonio (O. P\u00fablicas); 12. Exp. N\u00b0301\/13-HCD, Proy. Resoluci\u00f3n (MIC), se\u00f1alizaci\u00f3n de reductores de velocidad de calle 32 e\/ Av. 47 y entrada al Barrio Marchetti \u2013 (O. P\u00fablicas); 13. Exp. N\u00b0302\/13-HCD, Proy. Resoluci\u00f3n (MIC), mejoramiento del Acceso Manuel Sanmart\u00edn entre 114 y 144 \u2013 (O. P\u00fablicas); 14. Exp. N\u00b0303\/13-HCD, Proy. Resoluci\u00f3n (MIC), construcci\u00f3n de pasos a nivel de losa en cruces del F.C. Sarmiento \u2013 (O. P\u00fablicas); 15. Exp. N\u00b0304\/13-HCD, Proy. Decreto (PJFR), Inter\u00e9s Legislativo XIV Encuentro Iberoamericano de Ciudades Digitales (Legislaci\u00f3n); 16. Exp. N\u00b0305\/13-HCD, Proy. Resoluci\u00f3n (PJFR), foco en 156 entre 21 y 23 mitad de cuadra (O. P\u00fablicas y Hacienda); 17. Exp. N\u00b0306\/13-HCD, Proy. Ordenanza (UPRO), foco en 103 entre 56 y 56 bis (O. P\u00fablicas y Hacienda):18. Exp. N\u00b0307\/13-HCD, Proy. Resoluci\u00f3n (PJFR), dirigida a los prestadores del servicio telef\u00f3nico, identificaci\u00f3n de llamadas entrantes en establecimientos educativos (Legislaci\u00f3n);19. Exp. N\u00b01165\/13-DE, Proy. Ordenanza (DE), 2 focos en calle 7 e\/54 y 56 \u2013 con factibilidad \u2013 (O. P\u00fablicas y Hacienda); 20. Exp. N\u00b01451\/13-DE, Proy. Ordenanza (DE), foco en 26 prolongaci\u00f3n \u2013 con factibilidad \u2013 (O. P\u00fablicas y Hacienda);21. Exp. N\u00b02818\/13-DE, Proy. Ordenanza (DE), foco en 502 y 525 \u2013 con factibilidad (O. P\u00fablicas y Hacienda) ;22. Exp. N\u00b02959\/13-DE, Proy. Ordenanza (DE), 5 focos de alumbrado en 105 e\/116 y 120 \u2013 con factibilidad (O. P\u00fablicas y Hacienda);23. Exp. N\u00b03002\/13-DE, Proy. Ordenanza (DE), 2 focos en calle 19 y 154; 19 y 156 \u2013 con factibilidad (O. P\u00fablicas y Hacienda);24. Exp. N\u00b03059\/13-DE, Proy. Ordenanza (DE), foco en calle 68 e\/29 y 29 bis \u2013 con factibilidad (O. P\u00fablicas y Hacienda);25. Exp. N\u00b03247\/13-DE, Proy. Ordenanza (DE), 3 focos en 119 y 32 bis, 123 y 32 bis, 32 bis e\/119 y 123 \u2013 con factibilidad (O. P\u00fablicas y Hacienda);26. Exp. N\u00b03257\/13-DE, Proy. Ordenanza (DE), foco en Cuartel XVIII \u2013 con factibilidad (O. P\u00fablicas y Hacienda); 27. Exp. N\u00b03677\/13-DE, Proy. Ordenanza (DE), ampliaci\u00f3n del C\u00e1lculo de Recursos (Hacienda);28. Exp. N\u00b04007\/11-DE, Proy. Ordenanza (DE), foco en calle 615 a 50 metros de 626 \u2013 con factibilidad (O. P\u00fablicas)<\/p>\n","protected":false},"excerpt":{"rendered":"<p>Este lunes viviremos la segunda sesi\u00f3n del mes de septiembre de Concejo Deliberante, que se autodenomina honorable, y que desde &#8230; <a title=\"Concejo Deliberante: variado temario para este lunes\" class=\"read-more\" href=\"https:\/\/www.hoymercedes.com.ar\/principal\/2013\/09\/23\/concejo-deliberante-variado-temario-para-este-lunes\/\" aria-label=\"Leer m\u00e1s sobre Concejo Deliberante: variado temario para este lunes\">Leer m\u00e1s<\/a><\/p>\n","protected":false},"author":1,"featured_media":0,"comment_status":"open","ping_status":"open","sticky":false,"template":"","format":"standard","meta":{"_monsterinsights_skip_tracking":false,"_monsterinsights_sitenote_active":false,"_monsterinsights_sitenote_note":"","_monsterinsights_sitenote_category":0,"jetpack_post_was_ever_published":false,"_jetpack_newsletter_access":"","_jetpack_dont_email_post_to_subs":false,"_jetpack_newsletter_tier_id":0,"_jetpack_memberships_contains_paywalled_content":false,"_jetpack_memberships_contains_paid_content":false,"footnotes":"","jetpack_publicize_message":"","jetpack_publicize_feature_enabled":true,"jetpack_social_post_already_shared":true,"jetpack_social_options":{"image_generator_settings":{"template":"highway","default_image_id":0,"font":"","enabled":false},"version":2},"_wpas_customize_per_network":false},"categories":[5],"tags":[3919],"class_list":["post-25950","post","type-post","status-publish","format-standard","hentry","category-politica","tag-concejo-deliberante-mercede","generate-columns","tablet-grid-50","mobile-grid-100","grid-parent","grid-50"],"jetpack_publicize_connections":[],"jetpack_featured_media_url":"","wps_subtitle":"","jetpack_sharing_enabled":true,"_links":{"self":[{"href":"https:\/\/www.hoymercedes.com.ar\/principal\/wp-json\/wp\/v2\/posts\/25950","targetHints":{"allow":["GET"]}}],"collection":[{"href":"https:\/\/www.hoymercedes.com.ar\/principal\/wp-json\/wp\/v2\/posts"}],"about":[{"href":"https:\/\/www.hoymercedes.com.ar\/principal\/wp-json\/wp\/v2\/types\/post"}],"author":[{"embeddable":true,"href":"https:\/\/www.hoymercedes.com.ar\/principal\/wp-json\/wp\/v2\/users\/1"}],"replies":[{"embeddable":true,"href":"https:\/\/www.hoymercedes.com.ar\/principal\/wp-json\/wp\/v2\/comments?post=25950"}],"version-history":[{"count":0,"href":"https:\/\/www.hoymercedes.com.ar\/principal\/wp-json\/wp\/v2\/posts\/25950\/revisions"}],"wp:attachment":[{"href":"https:\/\/www.hoymercedes.com.ar\/principal\/wp-json\/wp\/v2\/media?parent=25950"}],"wp:term":[{"taxonomy":"category","embeddable":true,"href":"https:\/\/www.hoymercedes.com.ar\/principal\/wp-json\/wp\/v2\/categories?post=25950"},{"taxonomy":"post_tag","embeddable":true,"href":"https:\/\/www.hoymercedes.com.ar\/principal\/wp-json\/wp\/v2\/tags?post=25950"}],"curies":[{"name":"wp","href":"https:\/\/api.w.org\/{rel}","templated":true}]}}