{"id":25979,"date":"2013-09-24T01:42:20","date_gmt":"2013-09-24T01:42:20","guid":{"rendered":"http:\/\/www.hoymercedes.com.ar\/principal\/?p=25979"},"modified":"2013-09-24T01:42:20","modified_gmt":"2013-09-24T01:42:20","slug":"scioli-en-nuestra-ciudad-mercedes-tiene-un-potencial-extraordinario","status":"publish","type":"post","link":"https:\/\/www.hoymercedes.com.ar\/principal\/2013\/09\/24\/scioli-en-nuestra-ciudad-mercedes-tiene-un-potencial-extraordinario\/","title":{"rendered":"Scioli en nuestra ciudad: \u00abMercedes tiene un potencial extraordinario\u00bb"},"content":{"rendered":"<p><a href=\"https:\/\/www.hoymercedes.com.ar\/principal\/wp-content\/uploads\/2013\/09\/ScioliMercedes-I.jpg\"><img loading=\"lazy\" decoding=\"async\" data-attachment-id=\"25981\" data-permalink=\"https:\/\/www.hoymercedes.com.ar\/principal\/2013\/09\/24\/scioli-en-nuestra-ciudad-mercedes-tiene-un-potencial-extraordinario\/sciolimercedes-i\/#main\" data-orig-file=\"https:\/\/www.hoymercedes.com.ar\/principal\/wp-content\/uploads\/2013\/09\/ScioliMercedes-I.jpg\" data-orig-size=\"620,413\" data-comments-opened=\"1\" data-image-meta=\"{&quot;aperture&quot;:&quot;4&quot;,&quot;credit&quot;:&quot;&quot;,&quot;camera&quot;:&quot;Canon EOS REBEL T3i&quot;,&quot;caption&quot;:&quot;&quot;,&quot;created_timestamp&quot;:&quot;1379936435&quot;,&quot;copyright&quot;:&quot;&quot;,&quot;focal_length&quot;:&quot;18&quot;,&quot;iso&quot;:&quot;400&quot;,&quot;shutter_speed&quot;:&quot;0.016666666666667&quot;,&quot;title&quot;:&quot;&quot;}\" data-image-title=\"ScioliMercedes-I\" data-image-description=\"\" data-image-caption=\"\" data-large-file=\"https:\/\/www.hoymercedes.com.ar\/principal\/wp-content\/uploads\/2013\/09\/ScioliMercedes-I.jpg\" class=\"aligncenter size-full wp-image-25981\" alt=\"ScioliMercedes-I\" src=\"https:\/\/www.hoymercedes.com.ar\/principal\/wp-content\/uploads\/2013\/09\/ScioliMercedes-I.jpg\" width=\"620\" height=\"413\" \/><\/a><\/p>\n<p><em><strong>Daniel Scioli en la visita que efectu\u00f3 en nuestra ciudad sostuvo que \u201cMercedes tiene un potencial extraordinario\u201d en una jornada en la cual recorri\u00f3 el Hospital Blas. L. Dubarry donde otorg\u00f3 un subsidio de $150.000. Tuvo su momento para remarcar la figura de Juan Ustarroz, primer candidato al Frente Mercedino , \u201cporque aqu\u00ed expresa la defensa genuina\u201d de los logros alcanzados y \u201cla voluntad\u201d \u00a0para aprovechar las oportunidades.<\/strong><\/em><\/p>\n<p>Scioli, que en el mediod\u00eda de este lunes recorri\u00f3 las obras en el sector de pediatr\u00eda del hospital y visit\u00f3 m\u00e1s tarde el Sector Industrial Planificado (SIP), estuvo acompa\u00f1ado por Juan Ustarroz; los diputados Eduardo \u00abWado\u00bb De Pedro y Alberto Espa\u00f1a; el Ministro de Salud bonaerense, Alejandro Collia; el intendente de Suipacha, Juan Antonio Delfino; y el director del Blas L. Dubarry y tambi\u00e9n concejal, Rodolfo \u00abFito\u00bb Pr\u00edncipi.<\/p>\n<p><img loading=\"lazy\" decoding=\"async\" data-attachment-id=\"25982\" data-permalink=\"https:\/\/www.hoymercedes.com.ar\/principal\/2013\/09\/24\/scioli-en-nuestra-ciudad-mercedes-tiene-un-potencial-extraordinario\/sciolimercedes-ii\/#main\" data-orig-file=\"https:\/\/www.hoymercedes.com.ar\/principal\/wp-content\/uploads\/2013\/09\/ScioliMercedes-II.jpg\" data-orig-size=\"620,413\" data-comments-opened=\"1\" data-image-meta=\"{&quot;aperture&quot;:&quot;3.5&quot;,&quot;credit&quot;:&quot;&quot;,&quot;camera&quot;:&quot;Canon EOS REBEL T3i&quot;,&quot;caption&quot;:&quot;&quot;,&quot;created_timestamp&quot;:&quot;1379936381&quot;,&quot;copyright&quot;:&quot;&quot;,&quot;focal_length&quot;:&quot;23&quot;,&quot;iso&quot;:&quot;320&quot;,&quot;shutter_speed&quot;:&quot;0.033333333333333&quot;,&quot;title&quot;:&quot;&quot;}\" data-image-title=\"ScioliMercedes-II\" data-image-description=\"\" data-image-caption=\"\" data-large-file=\"https:\/\/www.hoymercedes.com.ar\/principal\/wp-content\/uploads\/2013\/09\/ScioliMercedes-II.jpg\" class=\"aligncenter size-full wp-image-25982\" alt=\"ScioliMercedes-II\" src=\"https:\/\/www.hoymercedes.com.ar\/principal\/wp-content\/uploads\/2013\/09\/ScioliMercedes-II.jpg\" width=\"620\" height=\"413\" \/><\/p>\n<p>El gobernador entreg\u00f3 al hospital un subsidio de $ 150.000 (que ser\u00e1 destinado a la compra de equipamiento) y 20 nuevos nombramientos a partir del 1 de enero de 2014.<\/p>\n<p>En tanto, y respecto de la ausencia en el acto del intendente Carlos Selva (lo recibi\u00f3 a su llegada a Gendarmer\u00eda y all\u00ed mismo parti\u00f3 hacia Gowland), Scioli indic\u00f3: \u201c<em>Yo tengo que seguir adelante m\u00e1s all\u00e1 de la posici\u00f3n que pueda tomar un intendente. En este caso mi tarea es defender al pueblo de Mercedes y considero que esta es la manera, trabajando todos juntos, acompa\u00f1ando las obras, siempre con responsabilidad institucional\u201d<\/em>.<\/p>\n<p><img loading=\"lazy\" decoding=\"async\" data-attachment-id=\"25984\" data-permalink=\"https:\/\/www.hoymercedes.com.ar\/principal\/2013\/09\/24\/scioli-en-nuestra-ciudad-mercedes-tiene-un-potencial-extraordinario\/sciolimercedes-iv\/#main\" data-orig-file=\"https:\/\/www.hoymercedes.com.ar\/principal\/wp-content\/uploads\/2013\/09\/ScioliMercedes-IV.jpg\" data-orig-size=\"620,413\" data-comments-opened=\"1\" data-image-meta=\"{&quot;aperture&quot;:&quot;5&quot;,&quot;credit&quot;:&quot;&quot;,&quot;camera&quot;:&quot;Canon EOS REBEL T3i&quot;,&quot;caption&quot;:&quot;&quot;,&quot;created_timestamp&quot;:&quot;1379935518&quot;,&quot;copyright&quot;:&quot;&quot;,&quot;focal_length&quot;:&quot;18&quot;,&quot;iso&quot;:&quot;400&quot;,&quot;shutter_speed&quot;:&quot;0.016666666666667&quot;,&quot;title&quot;:&quot;&quot;}\" data-image-title=\"ScioliMercedes-IV\" data-image-description=\"\" data-image-caption=\"\" data-large-file=\"https:\/\/www.hoymercedes.com.ar\/principal\/wp-content\/uploads\/2013\/09\/ScioliMercedes-IV.jpg\" class=\"aligncenter size-full wp-image-25984\" alt=\"ScioliMercedes-IV\" src=\"https:\/\/www.hoymercedes.com.ar\/principal\/wp-content\/uploads\/2013\/09\/ScioliMercedes-IV.jpg\" width=\"620\" height=\"413\" \/><\/p>\n<p>Su primera actividad consisti\u00f3 en la visita al hospital Blas Dubarry, donde fue recibido por militantes y trabajadores y luego recorri\u00f3 las obras en el sector de Pediatr\u00eda junto con Ustarroz, De Pedro, Espa\u00f1a, Collia, Pr\u00edncipi y los concejales del FMpV (Juan Pablo Lopez Baggio, Celeste Burone, Roberto Cirillo y Juan Mart\u00edn Andr\u00e9s).<\/p>\n<p>Tras la recorrida Scioli brind\u00f3 una conferencia de prensa ante medios locales y nacionales que hasta transmitieron en vivo. All\u00ed, Scioli agradeci\u00f3 el \u201cc\u00e1lido recibimiento\u201d de los mercedinos y ofreci\u00f3 sus disculpas <em>\u201cpor las incomodidades producidas hoy a quienes se atienden en el hospital, pero creemos que vale la pena este acompa\u00f1amiento y poder mostrar las obras que se vienen realizando con much\u00edsimo orgullo\u201d.<\/em><\/p>\n<p><img loading=\"lazy\" decoding=\"async\" data-attachment-id=\"25983\" data-permalink=\"https:\/\/www.hoymercedes.com.ar\/principal\/2013\/09\/24\/scioli-en-nuestra-ciudad-mercedes-tiene-un-potencial-extraordinario\/sciolimercedes-iii\/#main\" data-orig-file=\"https:\/\/www.hoymercedes.com.ar\/principal\/wp-content\/uploads\/2013\/09\/ScioliMercedes-III.jpg\" data-orig-size=\"620,413\" data-comments-opened=\"1\" data-image-meta=\"{&quot;aperture&quot;:&quot;16&quot;,&quot;credit&quot;:&quot;&quot;,&quot;camera&quot;:&quot;Canon EOS REBEL T3i&quot;,&quot;caption&quot;:&quot;&quot;,&quot;created_timestamp&quot;:&quot;1379939600&quot;,&quot;copyright&quot;:&quot;&quot;,&quot;focal_length&quot;:&quot;20&quot;,&quot;iso&quot;:&quot;400&quot;,&quot;shutter_speed&quot;:&quot;0.005&quot;,&quot;title&quot;:&quot;&quot;}\" data-image-title=\"ScioliMercedes-III\" data-image-description=\"\" data-image-caption=\"\" data-large-file=\"https:\/\/www.hoymercedes.com.ar\/principal\/wp-content\/uploads\/2013\/09\/ScioliMercedes-III.jpg\" class=\"aligncenter size-full wp-image-25983\" alt=\"ScioliMercedes-III\" src=\"https:\/\/www.hoymercedes.com.ar\/principal\/wp-content\/uploads\/2013\/09\/ScioliMercedes-III.jpg\" width=\"620\" height=\"413\" \/><\/p>\n<p>&nbsp;<\/p>\n<p><em>\u201cMercedes tiene un potencial extraordinario \u2013expres\u00f3-. El desaf\u00edo a futuro es seguir creciendo, articulando la educaci\u00f3n, el trabajo, la infraestructura, la obra energ\u00e9tica. Con asignaturas pendientes, claro, pero encarando con m\u00e1s fuerza desde todo lo que se ha hecho y con la voluntad de corregir lo que haya que corregir. Por eso, humildemente, con todo respeto, lo mejor que podemos hacer para seguir es pedir el respaldo a nuestro candidato, \u00abJuani\u00bb, porque representa genuinamente la pol\u00edtica que lleva adelante nuestra Presidenta y que ha permitido el resurgimiento de la clase media, de las industrias, de los trabajadores, de los peque\u00f1os y medianos empresarios, que son los que generan empleo (&#8230;)\u00a0<\/em>Trabajamos incansablemente para cumplir con las expectativas de todos, por eso pedimos acompa\u00f1ar este proyecto. Tenemos que afianzarlo para que nadie se quede atr\u00e1s. Por eso debe prevalecer la reflexi\u00f3n de cada ciudadano: cuidemos a la Argentina, cuidemos este proyecto que est\u00e1 dando resultados muy importantes en much\u00edsimos aspectos. Es fundamental afianzar la estabilidad econ\u00f3mica y social\u201d.<\/p>\n<p>Scioli respald\u00f3 tambi\u00e9n al director del hospital, Rodolfo Pr\u00edncipi, <em>\u201cporque en un momento muy sensible eligi\u00f3 priorizar a la gente y mostr\u00f3 su voluntad de hacer\u201d; y record\u00f3: \u201cEl gran desarticulador de la familia ha sido la p\u00e9rdida de trabajo. Y ahora vemos la recuperaci\u00f3n de la industria, del empleo, de la salud. Eso es lo que debemos cuidar\u201d.<\/em><\/p>\n<p>Finalmente, el gobernador se refiri\u00f3 a la ausencia de Selva en el acto del hospital: <em>\u201cEstuvo en el momento en que llegu\u00e9, nos saludamos con respeto y luego se fue. Pero yo tengo que seguir adelante buscando soluciones m\u00e1s all\u00e1 de la posici\u00f3n que pueda tomar un intendente. Debo defender al pueblo de Mercedes, en este caso, y esta es la manera (&#8230;)\u00a0Yo soy el gobernador de todos los bonaerenses, puedo hablar con todos, pero no significa que est\u00e9 de acuerdo con todos. Trabajo con responsabilidad institucional, tratando de hacer lo mejor para la gente, no yendo para donde sopla el viento. En la vida aprend\u00ed a mirar lejos, a no dejarme llevar por una circunstancia particular y sobre todo cuando se trata de defender a la gente, el trabajo y la producci\u00f3n (&#8230;)\u00a0Nosotros no hemos cambiado \u2013sigui\u00f3-. Los que estamos en esta mesa formamos parte coherentemente hace diez a\u00f1os del proyecto nacional. Aunque el intendente haya tomado otro camino, nosotros tenemos que seguir adelante pensando en lo mejor para Mercedes. Y este es el ejemplo: con los directivos del hospital, con la gente de la cooperadora que le saca tiempo a su familia y a su trabajo, con los diputados que se preocupan y gestionan recursos y traen soluciones para los vecinos de su ciudad\u201d.<\/em><\/p>\n<p>Scioli record\u00f3 tambi\u00e9n que \u201cmuchos intendentes\u201d que hoy est\u00e1n en el espacio de Sergio Massa<em> \u201cganaron las elecciones con la boleta que llevaba a Cristina como presidenta y a m\u00ed como gobernador\u201d; <\/em>y asegur\u00f3 que la provincia<em> \u201cest\u00e1 integrada por primera vez pol\u00edtica, social y econ\u00f3micamente con un proyecto nacional (&#8230;)\u00a0Cuando yo asum\u00ed como gobernador ten\u00edamos 45% de agua potable y cloacas; hoy tenemos 75% y rumbo al 95%. Tenemos la tasa de mortalidad infantil m\u00e1s baja desde el regreso de la democracia, lo mismo que la tasa de desocupaci\u00f3n. Multiplicamos los parques industriales. Aumentamos 50% los giros coparticipables a los municipios. Nos desendeudamos, provincia y municipios. Digo objetivamente las cosas como son, por eso convoco humildemente y con responsabilidad a acompa\u00f1ar este proyecto\u201d, a\u00f1adi\u00f3.<\/em><\/p>\n<p>Para cerrar su visita manifest\u00f3: \u201c<em>Mi visita despeja cualquier tipo de dudas. Yo considero que lo mejor para la provincia es seguir adelante, durante los dos a\u00f1os de mandato que nos quedan, con la coherencia que en Mercedes se expresa en la figura de \u2018Juani\u2019 y a nivel provincial, en la de Mart\u00edn Insaurralde. Buscando siempre el crecimiento, lo mejor para la gente, con sentido com\u00fan y unidad, como lo estamos haciendo hoy en este lugar\u201d<\/em>, concluy\u00f3.<\/p>\n<p>&nbsp;<\/p>\n","protected":false},"excerpt":{"rendered":"<p>Daniel Scioli en la visita que efectu\u00f3 en nuestra ciudad sostuvo que \u201cMercedes tiene un potencial extraordinario\u201d en una jornada &#8230; <a title=\"Scioli en nuestra ciudad: \u00abMercedes tiene un potencial extraordinario\u00bb\" class=\"read-more\" href=\"https:\/\/www.hoymercedes.com.ar\/principal\/2013\/09\/24\/scioli-en-nuestra-ciudad-mercedes-tiene-un-potencial-extraordinario\/\" aria-label=\"Leer m\u00e1s sobre Scioli en nuestra ciudad: \u00abMercedes tiene un potencial extraordinario\u00bb\">Leer m\u00e1s<\/a><\/p>\n","protected":false},"author":1,"featured_media":0,"comment_status":"open","ping_status":"open","sticky":false,"template":"","format":"standard","meta":{"_monsterinsights_skip_tracking":false,"_monsterinsights_sitenote_active":false,"_monsterinsights_sitenote_note":"","_monsterinsights_sitenote_category":0,"jetpack_post_was_ever_published":false,"_jetpack_newsletter_access":"","_jetpack_dont_email_post_to_subs":false,"_jetpack_newsletter_tier_id":0,"_jetpack_memberships_contains_paywalled_content":false,"_jetpack_memberships_contains_paid_content":false,"footnotes":"","jetpack_publicize_message":"","jetpack_publicize_feature_enabled":true,"jetpack_social_post_already_shared":true,"jetpack_social_options":{"image_generator_settings":{"template":"highway","default_image_id":0,"font":"","enabled":false},"version":2},"_wpas_customize_per_network":false},"categories":[5],"tags":[2204,706,532,585,281],"class_list":["post-25979","post","type-post","status-publish","format-standard","hentry","category-politica","tag-daniel-scioli","tag-daniel-scioli-en-mercedes","tag-fito-principi","tag-juan-ustarroz","tag-wado-de-pedro","generate-columns","tablet-grid-50","mobile-grid-100","grid-parent","grid-50"],"jetpack_publicize_connections":[],"jetpack_featured_media_url":"","wps_subtitle":"","jetpack_sharing_enabled":true,"_links":{"self":[{"href":"https:\/\/www.hoymercedes.com.ar\/principal\/wp-json\/wp\/v2\/posts\/25979","targetHints":{"allow":["GET"]}}],"collection":[{"href":"https:\/\/www.hoymercedes.com.ar\/principal\/wp-json\/wp\/v2\/posts"}],"about":[{"href":"https:\/\/www.hoymercedes.com.ar\/principal\/wp-json\/wp\/v2\/types\/post"}],"author":[{"embeddable":true,"href":"https:\/\/www.hoymercedes.com.ar\/principal\/wp-json\/wp\/v2\/users\/1"}],"replies":[{"embeddable":true,"href":"https:\/\/www.hoymercedes.com.ar\/principal\/wp-json\/wp\/v2\/comments?post=25979"}],"version-history":[{"count":0,"href":"https:\/\/www.hoymercedes.com.ar\/principal\/wp-json\/wp\/v2\/posts\/25979\/revisions"}],"wp:attachment":[{"href":"https:\/\/www.hoymercedes.com.ar\/principal\/wp-json\/wp\/v2\/media?parent=25979"}],"wp:term":[{"taxonomy":"category","embeddable":true,"href":"https:\/\/www.hoymercedes.com.ar\/principal\/wp-json\/wp\/v2\/categories?post=25979"},{"taxonomy":"post_tag","embeddable":true,"href":"https:\/\/www.hoymercedes.com.ar\/principal\/wp-json\/wp\/v2\/tags?post=25979"}],"curies":[{"name":"wp","href":"https:\/\/api.w.org\/{rel}","templated":true}]}}