{"id":25990,"date":"2013-09-24T01:57:24","date_gmt":"2013-09-24T01:57:24","guid":{"rendered":"http:\/\/www.hoymercedes.com.ar\/principal\/?p=25990"},"modified":"2013-09-24T01:57:24","modified_gmt":"2013-09-24T01:57:24","slug":"ustarroz-se-manifesto-conforme-con-la-visita-de-sciolinuestro-horizonte-como-el-del-gobernador-es-el-del-trabajo","status":"publish","type":"post","link":"https:\/\/www.hoymercedes.com.ar\/principal\/2013\/09\/24\/ustarroz-se-manifesto-conforme-con-la-visita-de-sciolinuestro-horizonte-como-el-del-gobernador-es-el-del-trabajo\/","title":{"rendered":"Ustarroz se manifest\u00f3 conforme con la visita de Scioli:\u00bbNuestro horizonte, como el del gobernador, es el del trabajo\u00bb"},"content":{"rendered":"<figure id=\"attachment_25992\" aria-describedby=\"caption-attachment-25992\" style=\"width: 610px\" class=\"wp-caption aligncenter\"><a href=\"https:\/\/www.hoymercedes.com.ar\/principal\/wp-content\/uploads\/2013\/09\/Scioli-Ustarroz.jpg\"><img loading=\"lazy\" decoding=\"async\" data-attachment-id=\"25992\" data-permalink=\"https:\/\/www.hoymercedes.com.ar\/principal\/2013\/09\/24\/ustarroz-se-manifesto-conforme-con-la-visita-de-sciolinuestro-horizonte-como-el-del-gobernador-es-el-del-trabajo\/scioli-ustarroz\/#main\" data-orig-file=\"https:\/\/www.hoymercedes.com.ar\/principal\/wp-content\/uploads\/2013\/09\/Scioli-Ustarroz.jpg\" data-orig-size=\"620,413\" data-comments-opened=\"1\" data-image-meta=\"{&quot;aperture&quot;:&quot;5.6&quot;,&quot;credit&quot;:&quot;&quot;,&quot;camera&quot;:&quot;Canon EOS REBEL T3i&quot;,&quot;caption&quot;:&quot;&quot;,&quot;created_timestamp&quot;:&quot;1379936612&quot;,&quot;copyright&quot;:&quot;&quot;,&quot;focal_length&quot;:&quot;55&quot;,&quot;iso&quot;:&quot;400&quot;,&quot;shutter_speed&quot;:&quot;0.016666666666667&quot;,&quot;title&quot;:&quot;&quot;}\" data-image-title=\"Scioli-Ustarroz\" data-image-description=\"\" data-image-caption=\"&lt;p&gt;Scioli &amp;#8211; Ustarroz&lt;\/p&gt;\n\" data-large-file=\"https:\/\/www.hoymercedes.com.ar\/principal\/wp-content\/uploads\/2013\/09\/Scioli-Ustarroz.jpg\" class=\"size-full wp-image-25992\" alt=\"Scioli - Ustarroz\" src=\"https:\/\/www.hoymercedes.com.ar\/principal\/wp-content\/uploads\/2013\/09\/Scioli-Ustarroz.jpg\" width=\"620\" height=\"413\" \/><\/a><figcaption id=\"caption-attachment-25992\" class=\"wp-caption-text\">Scioli &#8211; Ustarroz<\/figcaption><\/figure>\n<p><em><strong>Juan Ustarroz mostr\u00f3 su satisfacci\u00f3n por haber recibido al gobernador Daniel Scioli durante la ma\u00f1ana de \u00e9ste lunes y acompa\u00f1arlo en las recorridas que llev\u00f3 a cabo al Hospital y al SIP. Ustarroz sostuvo estar \u201cfeliz y orgulloso\u201d \u00a0y asegur\u00f3 que su horizonte \u201ces el trabajo y la felicidad de los vecinos\u201d.<\/strong><\/em><\/p>\n<p><em>\u201cEstamos felices y orgullosos de recibir en nuestro querido hospital al gobernador Daniel Scioli. Nuestro horizonte, como el de \u00e9l, es el del trabajo, el de la salud, el de la educaci\u00f3n, el de la uni\u00f3n, el de la felicidad de todos los vecinos. Y coincidimos con el gobernador cuando dice que Mercedes tiene un potencial maravilloso\u201d<\/em>, afirm\u00f3 el primer candidato a primer concejal del Frente Mercedino para la Victoria.<\/p>\n<p><em>\u201cLa visita de Daniel Scioli al hospital es un emblema de lo que queremos para nuestra ciudad, de lo que so\u00f1amos todos: la uni\u00f3n, poner el \u00fanico objetivo de trabajar juntos para Mercedes. En el hospital y en la salud no hay bander\u00edas pol\u00edticas, el hospital es de todos nosotros, y as\u00ed qued\u00f3 demostrado en las cenas que organizamos junto con la cooperadora, donde los vecinos dieron una muestra grandiosa de solidaridad. Los comerciantes, las instituciones, los trabajadores, todo el mundo poniendo el hombro\u201d. <\/em>sostuvo.<\/p>\n<p>Seg\u00fan Ustarroz aquella primera cena \u201cf<em>ue el punto de partida para una movilizaci\u00f3n mayor en pos del hospital, para emprender esta obra que estamos recorriendo con el gobernador, con el ministro (de Salud de la provincia, Alejandro Collia), con los vecinos\u201d.<\/em><\/p>\n<p><em>\u201cEl gobernador es un ejemplo de que hay que elegir, siempre, pensando en la gente. Para Mercedes nosotros planteamos lo mismo: trabajar, trabajar y trabajar. No hay otra f\u00f3rmula. Es importante analizar, debatir, discutir y trabajar conjuntamente por la salud, por la generaci\u00f3n de puestos de trabajo, por la educaci\u00f3n, por la seguridad, por los temas que le importan a la gente y que hacen a su calidad de vida\u201d<\/em>, agreg\u00f3.<\/p>\n<p>En relaci\u00f3n a una cuesti\u00f3n l\u00f3gica en estos momentos pol\u00edticos, que era la ausencia del intendente Selva en los actos y recorridas, sostuvo:<em> \u201cLamentamos profundamente que no est\u00e9 ac\u00e1. Para evitar que se haga una novela, quiero dejar bien en claro que fue invitado tanto por el director del hospital como por protocolo de la gobernaci\u00f3n y yo mismo lo hice en persona. Pero se acerc\u00f3 a saludar al gobernador cuando lleg\u00f3 y luego se fue porque ten\u00eda una entrega en Gowland (&#8230;)\u00a0Creemos que la presencia del gobernador merec\u00eda que el intendente nos acompa\u00f1ara en este acto pero no sucedi\u00f3. Nosotros vamos a insistir en la necesidad de trabajar juntos por Mercedes porque somos un espacio con las puertas abiertas y venimos a sumar, a tratar de ayudar en lo que haga falta y en la medida que nosotros podamos. Siempre\u201d<\/em>, indic\u00f3.<\/p>\n<p>Finalmente, y junto con los diputados Eduardo de Pedro y Alberto Espa\u00f1a, Ustarroz adelant\u00f3 lo que ser\u00e1n las pr\u00f3ximas gestiones del Frente Mercedino para la Victoria a favor del hospital. <em>\u201cSe est\u00e1 trabajando sobre la llegada de un subsidio muy importante para poner a nuevo los sectores de Maternidad y Oncolog\u00eda\u201d<\/em><\/p>\n","protected":false},"excerpt":{"rendered":"<p>Juan Ustarroz mostr\u00f3 su satisfacci\u00f3n por haber recibido al gobernador Daniel Scioli durante la ma\u00f1ana de \u00e9ste lunes y acompa\u00f1arlo &#8230; <a title=\"Ustarroz se manifest\u00f3 conforme con la visita de Scioli:\u00bbNuestro horizonte, como el del gobernador, es el del trabajo\u00bb\" class=\"read-more\" href=\"https:\/\/www.hoymercedes.com.ar\/principal\/2013\/09\/24\/ustarroz-se-manifesto-conforme-con-la-visita-de-sciolinuestro-horizonte-como-el-del-gobernador-es-el-del-trabajo\/\" aria-label=\"Leer m\u00e1s sobre Ustarroz se manifest\u00f3 conforme con la visita de Scioli:\u00bbNuestro horizonte, como el del gobernador, es el del trabajo\u00bb\">Leer m\u00e1s<\/a><\/p>\n","protected":false},"author":1,"featured_media":0,"comment_status":"open","ping_status":"open","sticky":false,"template":"","format":"standard","meta":{"_monsterinsights_skip_tracking":false,"_monsterinsights_sitenote_active":false,"_monsterinsights_sitenote_note":"","_monsterinsights_sitenote_category":0,"jetpack_post_was_ever_published":false,"_jetpack_newsletter_access":"","_jetpack_dont_email_post_to_subs":false,"_jetpack_newsletter_tier_id":0,"_jetpack_memberships_contains_paywalled_content":false,"_jetpack_memberships_contains_paid_content":false,"footnotes":"","jetpack_publicize_message":"","jetpack_publicize_feature_enabled":true,"jetpack_social_post_already_shared":true,"jetpack_social_options":{"image_generator_settings":{"template":"highway","default_image_id":0,"font":"","enabled":false},"version":2},"_wpas_customize_per_network":false},"categories":[5],"tags":[2204,585],"class_list":["post-25990","post","type-post","status-publish","format-standard","hentry","category-politica","tag-daniel-scioli","tag-juan-ustarroz","generate-columns","tablet-grid-50","mobile-grid-100","grid-parent","grid-50"],"jetpack_publicize_connections":[],"jetpack_featured_media_url":"","wps_subtitle":"","jetpack_sharing_enabled":true,"_links":{"self":[{"href":"https:\/\/www.hoymercedes.com.ar\/principal\/wp-json\/wp\/v2\/posts\/25990","targetHints":{"allow":["GET"]}}],"collection":[{"href":"https:\/\/www.hoymercedes.com.ar\/principal\/wp-json\/wp\/v2\/posts"}],"about":[{"href":"https:\/\/www.hoymercedes.com.ar\/principal\/wp-json\/wp\/v2\/types\/post"}],"author":[{"embeddable":true,"href":"https:\/\/www.hoymercedes.com.ar\/principal\/wp-json\/wp\/v2\/users\/1"}],"replies":[{"embeddable":true,"href":"https:\/\/www.hoymercedes.com.ar\/principal\/wp-json\/wp\/v2\/comments?post=25990"}],"version-history":[{"count":0,"href":"https:\/\/www.hoymercedes.com.ar\/principal\/wp-json\/wp\/v2\/posts\/25990\/revisions"}],"wp:attachment":[{"href":"https:\/\/www.hoymercedes.com.ar\/principal\/wp-json\/wp\/v2\/media?parent=25990"}],"wp:term":[{"taxonomy":"category","embeddable":true,"href":"https:\/\/www.hoymercedes.com.ar\/principal\/wp-json\/wp\/v2\/categories?post=25990"},{"taxonomy":"post_tag","embeddable":true,"href":"https:\/\/www.hoymercedes.com.ar\/principal\/wp-json\/wp\/v2\/tags?post=25990"}],"curies":[{"name":"wp","href":"https:\/\/api.w.org\/{rel}","templated":true}]}}