{"id":26014,"date":"2013-09-25T00:27:20","date_gmt":"2013-09-25T00:27:20","guid":{"rendered":"http:\/\/www.hoymercedes.com.ar\/principal\/?p=26014"},"modified":"2013-09-25T00:27:20","modified_gmt":"2013-09-25T00:27:20","slug":"varios-jovenes-detenidos-con-drogas-en-su-poder","status":"publish","type":"post","link":"https:\/\/www.hoymercedes.com.ar\/principal\/2013\/09\/25\/varios-jovenes-detenidos-con-drogas-en-su-poder\/","title":{"rendered":"Varios j\u00f3venes detenidos con drogas en su poder"},"content":{"rendered":"<figure id=\"attachment_26016\" aria-describedby=\"caption-attachment-26016\" style=\"width: 610px\" class=\"wp-caption aligncenter\"><a href=\"https:\/\/www.hoymercedes.com.ar\/principal\/wp-content\/uploads\/2013\/09\/policiamercedes2.jpg\"><img loading=\"lazy\" decoding=\"async\" data-attachment-id=\"26016\" data-permalink=\"https:\/\/www.hoymercedes.com.ar\/principal\/2013\/09\/25\/varios-jovenes-detenidos-con-drogas-en-su-poder\/policiamercedes-4\/#main\" data-orig-file=\"https:\/\/www.hoymercedes.com.ar\/principal\/wp-content\/uploads\/2013\/09\/policiamercedes2.jpg\" data-orig-size=\"620,244\" data-comments-opened=\"1\" data-image-meta=\"{&quot;aperture&quot;:&quot;3.1&quot;,&quot;credit&quot;:&quot;&quot;,&quot;camera&quot;:&quot;DMC-S1&quot;,&quot;caption&quot;:&quot;&quot;,&quot;created_timestamp&quot;:&quot;1346451976&quot;,&quot;copyright&quot;:&quot;&quot;,&quot;focal_length&quot;:&quot;5&quot;,&quot;iso&quot;:&quot;100&quot;,&quot;shutter_speed&quot;:&quot;0.003125&quot;,&quot;title&quot;:&quot;&quot;}\" data-image-title=\"policiamercedes\" data-image-description=\"\" data-image-caption=\"&lt;p&gt;Polic\u00eda Mercedes &lt;\/p&gt;\n\" data-large-file=\"https:\/\/www.hoymercedes.com.ar\/principal\/wp-content\/uploads\/2013\/09\/policiamercedes2.jpg\" class=\"size-full wp-image-26016\" alt=\"Polic\u00eda Mercedes \" src=\"https:\/\/www.hoymercedes.com.ar\/principal\/wp-content\/uploads\/2013\/09\/policiamercedes2.jpg\" width=\"620\" height=\"244\" \/><\/a><figcaption id=\"caption-attachment-26016\" class=\"wp-caption-text\">Polic\u00eda Mercedes<\/figcaption><\/figure>\n<p><em><strong>Las detenciones fueron producidas por la Polic\u00eda Comunal de nuestra ciudad durante la semana pasada. Se trat\u00f3 principalmente de marihuana, una sustancia que en muchos puntos del planeta se est\u00e1 debatiendo si realmente es un riesgo para la salud de las personas.<\/strong><\/em><\/p>\n<p>Se registraron en la Comisaria local varias detenciones de j\u00f3venes por posesi\u00f3n de marihuana; la primera ocurri\u00f3 en la misma Dependencia, cuando efectivos estaban requisando las ropas y pertenencias de un sujeto de 31 a\u00f1os, domiciliado en nuestra ciudad, quien momentos antes hab\u00eda sido detenido en inmediaciones de calles 18 y 105 por haber amenazado a vecinos con un cuchillo (el que tambi\u00e9n fue secuestrado); cuando constatan que este joven ten\u00eda en uno de los bolsillos del pantal\u00f3n un paquete del que luego pudieron determinar que se trataba de 2 gramos de marihuana, quedando de esta manera, procesado por infracci\u00f3n a la Ley de estupefacientes.<\/p>\n<p>Otro hecho de este tipo ocurri\u00f3 cerrada la semana anterior, cuando Polic\u00edas que recorr\u00edan el parque municipal individualizan a dos sujetos quienes al momento se encontraba acompa\u00f1ado por varios menores, al inspeccionarle sus pertenencias se encuentran con que en uno de los bolsillos de una mochila que hab\u00eda en el lugar, de la que \u201cnadie se hizo cargo\u201d, hab\u00eda m\u00e1s de 10 gramos de marihuana. De esta forma todos quedaron a disposici\u00f3n de la fiscal\u00eda de menores recuperando pronto su libertad.<\/p>\n<p>El tercer hecho registrado \u00a0tambi\u00e9n en el parque municipal, y todo comenz\u00f3 cuando la Polic\u00eda recibi\u00f3 un llamado telef\u00f3nico dando cuenta que dos j\u00f3venes que circulaban en un auto Chevrolet Corsa se hab\u00edan hecho presente en una vivienda de calle 14 y 15 y hab\u00edan amenazado con armas de fuego a sus ocupantes; es as\u00ed que los Polic\u00edas comenzaron a buscar a ese auto, logrando divisarlo un patrullero que recorr\u00eda la zona del parque; es as\u00ed que los efectivos le dan la voz de alto, no haci\u00e9ndole caso a esto el conductor del auto inici\u00e1ndose una persecuci\u00f3n la que finaliz\u00f3 en el interior del predio mencionado en el conocido sector nuevo cuando ese rodado detuvo la marcha; pero el procedimiento tuvo una situaci\u00f3n no esperada, la que comenz\u00f3 luego que el conductor de 19 a\u00f1os y el acompa\u00f1ante de 36 a\u00f1os bajaran del mismo, ya que detr\u00e1s de ellos bajaron dos ni\u00f1as de 14 y 16 a\u00f1os, que iban en el asiento trasero; pero la sorpresa fue m\u00e1s grande cuando los Polic\u00edas inspeccionaron el auto, ya que se encontraron con varios gramos de marihuana. De esta forma todos quedaron a disposici\u00f3n de la fiscal\u00eda en turno.<\/p>\n","protected":false},"excerpt":{"rendered":"<p>Las detenciones fueron producidas por la Polic\u00eda Comunal de nuestra ciudad durante la semana pasada. Se trat\u00f3 principalmente de marihuana, &#8230; <a title=\"Varios j\u00f3venes detenidos con drogas en su poder\" class=\"read-more\" href=\"https:\/\/www.hoymercedes.com.ar\/principal\/2013\/09\/25\/varios-jovenes-detenidos-con-drogas-en-su-poder\/\" aria-label=\"Leer m\u00e1s sobre Varios j\u00f3venes detenidos con drogas en su poder\">Leer m\u00e1s<\/a><\/p>\n","protected":false},"author":1,"featured_media":0,"comment_status":"open","ping_status":"open","sticky":false,"template":"","format":"standard","meta":{"_monsterinsights_skip_tracking":false,"_monsterinsights_sitenote_active":false,"_monsterinsights_sitenote_note":"","_monsterinsights_sitenote_category":0,"jetpack_post_was_ever_published":false,"_jetpack_newsletter_access":"","_jetpack_dont_email_post_to_subs":false,"_jetpack_newsletter_tier_id":0,"_jetpack_memberships_contains_paywalled_content":false,"_jetpack_memberships_contains_paid_content":false,"footnotes":"","jetpack_publicize_message":"","jetpack_publicize_feature_enabled":true,"jetpack_social_post_already_shared":true,"jetpack_social_options":{"image_generator_settings":{"template":"highway","default_image_id":0,"font":"","enabled":false},"version":2},"_wpas_customize_per_network":false},"categories":[85],"tags":[27,3924,83],"class_list":["post-26014","post","type-post","status-publish","format-standard","hentry","category-policial","tag-drogas","tag-marihuana","tag-policia","generate-columns","tablet-grid-50","mobile-grid-100","grid-parent","grid-50"],"jetpack_publicize_connections":[],"jetpack_featured_media_url":"","wps_subtitle":"","jetpack_sharing_enabled":true,"_links":{"self":[{"href":"https:\/\/www.hoymercedes.com.ar\/principal\/wp-json\/wp\/v2\/posts\/26014","targetHints":{"allow":["GET"]}}],"collection":[{"href":"https:\/\/www.hoymercedes.com.ar\/principal\/wp-json\/wp\/v2\/posts"}],"about":[{"href":"https:\/\/www.hoymercedes.com.ar\/principal\/wp-json\/wp\/v2\/types\/post"}],"author":[{"embeddable":true,"href":"https:\/\/www.hoymercedes.com.ar\/principal\/wp-json\/wp\/v2\/users\/1"}],"replies":[{"embeddable":true,"href":"https:\/\/www.hoymercedes.com.ar\/principal\/wp-json\/wp\/v2\/comments?post=26014"}],"version-history":[{"count":0,"href":"https:\/\/www.hoymercedes.com.ar\/principal\/wp-json\/wp\/v2\/posts\/26014\/revisions"}],"wp:attachment":[{"href":"https:\/\/www.hoymercedes.com.ar\/principal\/wp-json\/wp\/v2\/media?parent=26014"}],"wp:term":[{"taxonomy":"category","embeddable":true,"href":"https:\/\/www.hoymercedes.com.ar\/principal\/wp-json\/wp\/v2\/categories?post=26014"},{"taxonomy":"post_tag","embeddable":true,"href":"https:\/\/www.hoymercedes.com.ar\/principal\/wp-json\/wp\/v2\/tags?post=26014"}],"curies":[{"name":"wp","href":"https:\/\/api.w.org\/{rel}","templated":true}]}}