{"id":26090,"date":"2013-09-27T22:54:51","date_gmt":"2013-09-27T22:54:51","guid":{"rendered":"http:\/\/www.hoymercedes.com.ar\/principal\/?p=26090"},"modified":"2013-09-27T22:54:51","modified_gmt":"2013-09-27T22:54:51","slug":"david-amaya-deberian-mejorar-la-administracion-del-hospital-para-poder-ser-mas-eficientes","status":"publish","type":"post","link":"https:\/\/www.hoymercedes.com.ar\/principal\/2013\/09\/27\/david-amaya-deberian-mejorar-la-administracion-del-hospital-para-poder-ser-mas-eficientes\/","title":{"rendered":"David Amaya: \u00abdeber\u00edan mejorar la administraci\u00f3n del Hospital para poder ser m\u00e1s eficientes"},"content":{"rendered":"<p><em><strong>Desde sectores del Frente Renovador hacen notar la cuesti\u00f3n. El hecho es m\u00e1s que curioso dado que vuelve a poner en debate la cuesti\u00f3n de las prestaciones a la comunidad que se brindan desde el nosocomio local as\u00ed como los v\u00ednvulos de la instituci\u00f3n y su conducci\u00f3n con los elementos pol\u00edticos activos y la comuna.<\/strong><\/em><\/p>\n<p>El viernes por la ma\u00f1ana un hecho ins\u00f3lito se dio en la ciudad cuando desde el Hospital Dubarry debieron recurrir a una ambulancia del municipio para trasladar pacientes, ya que sus unidades no estaban en condiciones de ser utilizadas<em> \u00aba tan s\u00f3lo cuatro d\u00edas de la visita del gobernador Daniel Scioli y del diputado nacional Wado De Pedro y de no participar en el acto al intendente Carlos Selva\u00bb,<\/em> remarcaron<\/p>\n<p>Los hechos se dan tras la visita de Daniel Scioli y el anuncio de la entrega de una nueva ambulancia con la presencia de De Pedro, Espa\u00f1a, Ustarroz y Pr\u00edncipi.<\/p>\n<p>Un nuevo episodio en esta cadena de hechos inesperados se dio este viernes a la ma\u00f1ana cuando al municipio lleg\u00f3 el pedido: el Hospital Dubarry solicitaba la ambulancia para trasladar a unos pacientes a General Rodr\u00edguez. <em>\u00abLlam\u00f3 la atenci\u00f3n de varios esta circunstancia, ya que el nosocomio cuenta con dos unidades de traslado, una de ellas presentada oficialmente por el director Pr\u00edncipi junto con el candidato del Frente para la Victoria Ustarroz\u00bb,<\/em> manifestaron voces oficialistas.<\/p>\n<p>Uno de los que alz\u00f3 la voz sobre esta cuesti\u00f3n fue el concejal del Frente Renovador David Amaya, quien se mostr\u00f3 sorprendido por este hecho extra\u00f1o.<em> \u201cEs extra\u00f1o que teniendo dos veh\u00edculos para utilizar vayan a pedir la ambulancia del municipio, m\u00e1s a\u00fan luego de haber presentado una toda equipada con mucha pompa y acto proselitista la semana pasada con el candidato de La C\u00e1mpora. Pero lo importante es que el municipio siempre est\u00e1 atr\u00e1s para salvaguardar la vida de los mercedinos\u201d<\/em>, sostuvo el concejal del Frente Renovador.<\/p>\n<p>Seg\u00fan se pudo conocer, las dos ambulancias con las que cuenta el Dubarry\u00a0 el viernes a la ma\u00f1ana estaban fuera de servicio. Una de ellas por falta de combustible y la otra nueva no puede ser utilizada todav\u00eda porque debe ser reequipada para el servicio en la ciudad. \u201c<em>Dicen que una por problemas de combustible estaba sin utilizarse, pero me resulta extra\u00f1o porque el aporte del municipio lleg\u00f3 normalmente este mes. Es m\u00e1s se entreg\u00f3 un nuevo cheque en la semana. A lo mejor deber\u00edan mejorar la administraci\u00f3n del Hospital para poder ser m\u00e1s eficientes; igualmente los mercedinos se tienen que quedar tranquilo que siempre va a estar para sostenerlos el municipio de Mercedes conducido por el intendente Selva. Porque cuando no anduvo hoy la ambulancia no fueron a buscar a otros dirigentes ocasionales, sino que recurrieron a la Municipalidad. Eso la gente lo tiene que saber\u201d<\/em>, dijo sobre el final el dirigente gremial y actual concejal del Frente Renovador, David Amaya.<\/p>\n","protected":false},"excerpt":{"rendered":"<p>Desde sectores del Frente Renovador hacen notar la cuesti\u00f3n. El hecho es m\u00e1s que curioso dado que vuelve a poner &#8230; <a title=\"David Amaya: \u00abdeber\u00edan mejorar la administraci\u00f3n del Hospital para poder ser m\u00e1s eficientes\" class=\"read-more\" href=\"https:\/\/www.hoymercedes.com.ar\/principal\/2013\/09\/27\/david-amaya-deberian-mejorar-la-administracion-del-hospital-para-poder-ser-mas-eficientes\/\" aria-label=\"Leer m\u00e1s sobre David Amaya: \u00abdeber\u00edan mejorar la administraci\u00f3n del Hospital para poder ser m\u00e1s eficientes\">Leer m\u00e1s<\/a><\/p>\n","protected":false},"author":1,"featured_media":0,"comment_status":"open","ping_status":"open","sticky":false,"template":"","format":"standard","meta":{"_monsterinsights_skip_tracking":false,"_monsterinsights_sitenote_active":false,"_monsterinsights_sitenote_note":"","_monsterinsights_sitenote_category":0,"jetpack_post_was_ever_published":false,"_jetpack_newsletter_access":"","_jetpack_dont_email_post_to_subs":false,"_jetpack_newsletter_tier_id":0,"_jetpack_memberships_contains_paywalled_content":false,"_jetpack_memberships_contains_paid_content":false,"footnotes":"","jetpack_publicize_message":"","jetpack_publicize_feature_enabled":true,"jetpack_social_post_already_shared":true,"jetpack_social_options":{"image_generator_settings":{"template":"highway","default_image_id":0,"font":"","enabled":false},"version":2},"_wpas_customize_per_network":false},"categories":[5],"tags":[400],"class_list":["post-26090","post","type-post","status-publish","format-standard","hentry","category-politica","tag-david-amaya","generate-columns","tablet-grid-50","mobile-grid-100","grid-parent","grid-50"],"jetpack_publicize_connections":[],"jetpack_featured_media_url":"","wps_subtitle":"","jetpack_sharing_enabled":true,"_links":{"self":[{"href":"https:\/\/www.hoymercedes.com.ar\/principal\/wp-json\/wp\/v2\/posts\/26090","targetHints":{"allow":["GET"]}}],"collection":[{"href":"https:\/\/www.hoymercedes.com.ar\/principal\/wp-json\/wp\/v2\/posts"}],"about":[{"href":"https:\/\/www.hoymercedes.com.ar\/principal\/wp-json\/wp\/v2\/types\/post"}],"author":[{"embeddable":true,"href":"https:\/\/www.hoymercedes.com.ar\/principal\/wp-json\/wp\/v2\/users\/1"}],"replies":[{"embeddable":true,"href":"https:\/\/www.hoymercedes.com.ar\/principal\/wp-json\/wp\/v2\/comments?post=26090"}],"version-history":[{"count":0,"href":"https:\/\/www.hoymercedes.com.ar\/principal\/wp-json\/wp\/v2\/posts\/26090\/revisions"}],"wp:attachment":[{"href":"https:\/\/www.hoymercedes.com.ar\/principal\/wp-json\/wp\/v2\/media?parent=26090"}],"wp:term":[{"taxonomy":"category","embeddable":true,"href":"https:\/\/www.hoymercedes.com.ar\/principal\/wp-json\/wp\/v2\/categories?post=26090"},{"taxonomy":"post_tag","embeddable":true,"href":"https:\/\/www.hoymercedes.com.ar\/principal\/wp-json\/wp\/v2\/tags?post=26090"}],"curies":[{"name":"wp","href":"https:\/\/api.w.org\/{rel}","templated":true}]}}