{"id":26102,"date":"2013-09-27T23:08:57","date_gmt":"2013-09-27T23:08:57","guid":{"rendered":"http:\/\/www.hoymercedes.com.ar\/principal\/?p=26102"},"modified":"2013-09-27T23:08:57","modified_gmt":"2013-09-27T23:08:57","slug":"motos-un-gran-blanco-de-robos-en-la-ciudad","status":"publish","type":"post","link":"https:\/\/www.hoymercedes.com.ar\/principal\/2013\/09\/27\/motos-un-gran-blanco-de-robos-en-la-ciudad\/","title":{"rendered":"Motos: un gran blanco de robos en la ciudad"},"content":{"rendered":"<p><em><strong>Las motos son un blanco exquisito para los delincuentes. R\u00e1pidas y\u00a0f\u00e1ciles\u00a0de movilizar son un objetivo constante. La\u00a0precauci\u00f3n\u00a0de cada uno de nosotros se ha convertido tambi\u00e9n en un elemento fundamental. En los \u00faltimos d\u00edas varios hechos se han vivido en robos, recuperaciones e intentos de robos.<\/strong><\/em><\/p>\n<p><strong>Conducci\u00f3n moto robada<\/strong><\/p>\n<p>D\u00edas atr\u00e1s, cuando Polic\u00edas recorr\u00edan la zona del Acceso Sur y 114, observan que dos j\u00f3venes que se movilizaban en una motocicleta a la que le faltaban todos sus pl\u00e1sticos se disponen a cargar nafta en la estaci\u00f3n de servicios de la zona; es por eso que los uniformados se acercan a ellos y, luego de identificarlos, les solicitan la documentaci\u00f3n de la moto, diciendo uno de ellos que la hab\u00eda dejado en su casa; en ese mismo momento uno de los efectivos se da cuenta que a esa moto tambi\u00e9n le faltaba el tambor donde va la llave que le da arranque, por lo que inmediatamente observaron la numeraci\u00f3n del cuadro, notando que varios de sus n\u00fameros se encontraban con signos de haber recibido golpes con un elemento duro, deformando la zona; y al consultar el n\u00famero de motor, determinan que el mismo tenia pedido de secuestro de un hecho de robo ocurrido hac\u00eda pocos d\u00edas atr\u00e1s. De esta forma el conductor de la moto y el menor de 14 a\u00f1os que lo acompa\u00f1aba, fueron detenidos y puestos a disposici\u00f3n de la fiscal\u00eda de esta ciudad.<\/p>\n<p><strong>Detenidos al intentar robar<\/strong><\/p>\n<p>Todo ocurri\u00f3 a primeras horas del d\u00eda viernes 27 en intersecci\u00f3n de las calles 32 y 47, cuando la propietaria de una moto Yamaha 110 cc se da cuenta que la misma no estaba en el lugar que la hab\u00eda dejado estacionada, se\u00f1al esta que se la hab\u00edan robado; es por eso que da aviso a la Polic\u00eda y, afortunadamente, dos patrulleros que se dirig\u00edan a la zona divisan cerca de all\u00ed que dos hombres circulaban en una moto de esas caracter\u00edsticas, por lo que los interceptan y de esta forma logran determinar que se trataba del rodado en cuesti\u00f3n; es as\u00ed que identifican a los delincuentes los que quedaron presos por el delito de robo de veh\u00edculo.<\/p>\n","protected":false},"excerpt":{"rendered":"<p>Las motos son un blanco exquisito para los delincuentes. R\u00e1pidas y\u00a0f\u00e1ciles\u00a0de movilizar son un objetivo constante. La\u00a0precauci\u00f3n\u00a0de cada uno de &#8230; <a title=\"Motos: un gran blanco de robos en la ciudad\" class=\"read-more\" href=\"https:\/\/www.hoymercedes.com.ar\/principal\/2013\/09\/27\/motos-un-gran-blanco-de-robos-en-la-ciudad\/\" aria-label=\"Leer m\u00e1s sobre Motos: un gran blanco de robos en la ciudad\">Leer m\u00e1s<\/a><\/p>\n","protected":false},"author":1,"featured_media":0,"comment_status":"open","ping_status":"open","sticky":false,"template":"","format":"standard","meta":{"_monsterinsights_skip_tracking":false,"_monsterinsights_sitenote_active":false,"_monsterinsights_sitenote_note":"","_monsterinsights_sitenote_category":0,"jetpack_post_was_ever_published":false,"_jetpack_newsletter_access":"","_jetpack_dont_email_post_to_subs":false,"_jetpack_newsletter_tier_id":0,"_jetpack_memberships_contains_paywalled_content":false,"_jetpack_memberships_contains_paid_content":false,"footnotes":"","jetpack_publicize_message":"","jetpack_publicize_feature_enabled":true,"jetpack_social_post_already_shared":true,"jetpack_social_options":{"image_generator_settings":{"template":"highway","default_image_id":0,"font":"","enabled":false},"version":2},"_wpas_customize_per_network":false},"categories":[85],"tags":[3934],"class_list":["post-26102","post","type-post","status-publish","format-standard","hentry","category-policial","tag-robo-de-motos","generate-columns","tablet-grid-50","mobile-grid-100","grid-parent","grid-50"],"jetpack_publicize_connections":[],"jetpack_featured_media_url":"","wps_subtitle":"","jetpack_sharing_enabled":true,"_links":{"self":[{"href":"https:\/\/www.hoymercedes.com.ar\/principal\/wp-json\/wp\/v2\/posts\/26102","targetHints":{"allow":["GET"]}}],"collection":[{"href":"https:\/\/www.hoymercedes.com.ar\/principal\/wp-json\/wp\/v2\/posts"}],"about":[{"href":"https:\/\/www.hoymercedes.com.ar\/principal\/wp-json\/wp\/v2\/types\/post"}],"author":[{"embeddable":true,"href":"https:\/\/www.hoymercedes.com.ar\/principal\/wp-json\/wp\/v2\/users\/1"}],"replies":[{"embeddable":true,"href":"https:\/\/www.hoymercedes.com.ar\/principal\/wp-json\/wp\/v2\/comments?post=26102"}],"version-history":[{"count":0,"href":"https:\/\/www.hoymercedes.com.ar\/principal\/wp-json\/wp\/v2\/posts\/26102\/revisions"}],"wp:attachment":[{"href":"https:\/\/www.hoymercedes.com.ar\/principal\/wp-json\/wp\/v2\/media?parent=26102"}],"wp:term":[{"taxonomy":"category","embeddable":true,"href":"https:\/\/www.hoymercedes.com.ar\/principal\/wp-json\/wp\/v2\/categories?post=26102"},{"taxonomy":"post_tag","embeddable":true,"href":"https:\/\/www.hoymercedes.com.ar\/principal\/wp-json\/wp\/v2\/tags?post=26102"}],"curies":[{"name":"wp","href":"https:\/\/api.w.org\/{rel}","templated":true}]}}